{"id":1930,"count":1,"description":"","link":"https:\/\/grupomidia.com\/quemrealiza\/etiqueta\/cafe-suico-gelado\/","name":"Caf\u00e9 Su\u00ed\u00e7o Gelado","slug":"cafe-suico-gelado","taxonomy":"post_tag","meta":[],"_links":{"self":[{"href":"https:\/\/grupomidia.com\/quemrealiza\/wp-json\/wp\/v2\/tags\/1930","targetHints":{"allow":["GET"]}}],"collection":[{"href":"https:\/\/grupomidia.com\/quemrealiza\/wp-json\/wp\/v2\/tags"}],"about":[{"href":"https:\/\/grupomidia.com\/quemrealiza\/wp-json\/wp\/v2\/taxonomies\/post_tag"}],"wp:post_type":[{"href":"https:\/\/grupomidia.com\/quemrealiza\/wp-json\/wp\/v2\/posts?tags=1930"}],"curies":[{"name":"wp","href":"https:\/\/api.w.org\/{rel}","templated":true}]}}