{"id":1589,"count":1,"description":"","link":"https:\/\/grupomidia.com\/quemrealiza\/etiqueta\/nucleo-de-acao-educativa-da-pinacoteca\/","name":"N\u00facleo de A\u00e7\u00e3o Educativa da Pinacoteca","slug":"nucleo-de-acao-educativa-da-pinacoteca","taxonomy":"post_tag","meta":[],"_links":{"self":[{"href":"https:\/\/grupomidia.com\/quemrealiza\/wp-json\/wp\/v2\/tags\/1589","targetHints":{"allow":["GET"]}}],"collection":[{"href":"https:\/\/grupomidia.com\/quemrealiza\/wp-json\/wp\/v2\/tags"}],"about":[{"href":"https:\/\/grupomidia.com\/quemrealiza\/wp-json\/wp\/v2\/taxonomies\/post_tag"}],"wp:post_type":[{"href":"https:\/\/grupomidia.com\/quemrealiza\/wp-json\/wp\/v2\/posts?tags=1589"}],"curies":[{"name":"wp","href":"https:\/\/api.w.org\/{rel}","templated":true}]}}