{"id":52299,"date":"2022-10-05T10:36:13","date_gmt":"2022-10-05T13:36:13","guid":{"rendered":"https:\/\/grupomidia.com\/quemrealiza\/?p=52299"},"modified":"2022-10-05T10:36:13","modified_gmt":"2022-10-05T13:36:13","slug":"tradicional-desfile-show-volta-a-ser-realizado-em-tambau","status":"publish","type":"post","link":"https:\/\/grupomidia.com\/quemrealiza\/tradicional-desfile-show-volta-a-ser-realizado-em-tambau\/","title":{"rendered":"Tradicional Desfile Show volta a ser realizado em Tamba\u00fa"},"content":{"rendered":"<p>Depois de ser realizado com muito sucesso em 2019, o tradicional Desfile Show promovido pela Associa\u00e7\u00e3o Cultural Quintal das Artes foi interrompido pela pandemia da Covid.<\/p>\n<p>Dois anos separam \u201cShymoon\u201d da nova edi\u00e7\u00e3o do evento, batizada de \u201cFreedom\u201d, uma alus\u00e3o \u00e0 liberdade de novamente nos encontrarmos com a Moda, a Beleza, a Arte e a for\u00e7a empreendedora gerada pelo evento.<\/p>\n<p>Neste ano de retomada o \u201cDesfile Show 2022 \u2013 Freedom\u201d ir\u00e1 contar com seis lojas participantes, de Tamba\u00fa e regi\u00e3o, que estar\u00e3o mostrando na passarela as tend\u00eancias da moda em diversos segmentos como o infantil e teen, o estilo popular, o fashion, a moda geek, as tend\u00eancias em joias, rel\u00f3gios e acess\u00f3rios e novas cole\u00e7\u00f5es de moda festa.<\/p>\n<p>De Tamba\u00fa s\u00e3o tr\u00eas lojas participantes: a ESPA\u00c7O DA MODA \u2013 que esteve em todas as edi\u00e7\u00f5es do Desfile Show desde 2015 e \u00e9 de propriedade de Vin\u00edcio Aguiar; a SILVESTRINI JOIAS \u2013 marca da tradicional empresa NELSON RELOJOEIRO, sob dire\u00e7\u00e3o de Andr\u00e9 Silvestrini e a LOJA GEEK do EST\u00daDIO VICK, do artista e empres\u00e1rio Fernando Vick \u2013 direcionada ao universo dos filmes, jogos, quadrinhos e animes.<\/p>\n<p>Da vizinha cidade de Santa Rosa do Viterbo, a passarela do Desfile Show recebe a moda da loja ARRAZE NO LOOK, de propriedade da tambauense Vanessa Reis e as cole\u00e7\u00f5es da loja TUA CARA, dirigida pelas empres\u00e1rias tambauenses Selma e Marina Penazzo.<\/p>\n<p>De Ribeir\u00e3o Preto o Desfile Show 2022 \u2013 Freedom recebe a nova cole\u00e7\u00e3o de dois dos mais conceituados estilistas daquela cidade: ALEX TAMBORIM e ODILON PASSOS.<\/p>\n<p>Presentes da edi\u00e7\u00e3o de 2017, quando encantaram o p\u00fablico com uma cole\u00e7\u00e3o inspirada na Magia das Fadas, o Atelier dos artistas da moda prepara uma nova cole\u00e7\u00e3o especialmente para o evento.<\/p>\n<p>Como acontece desde sua primeira edi\u00e7\u00e3o, o Desfile Show contar\u00e1 tamb\u00e9m com a presen\u00e7a de modelos profissionais, modelos da cidade e da regi\u00e3o; al\u00e9m da participa\u00e7\u00e3o de atra\u00e7\u00f5es art\u00edsticas, como dan\u00e7arinos e bailarinas da SAT \u2013 ESCOLA DE DAN\u00c7A e artistas convidados.<\/p>\n<p>Um atra\u00e7\u00e3o em particular j\u00e1 causa grande expectativa: a presen\u00e7a do Modelo Internacional, Ator e DJ BRUNO PACHECO, que ir\u00e1 desfilar e comandar as playlists durante todo o evento.<\/p>\n<p>Bruno Pacheco \u00e9 ator de novelas, j\u00e1 tendo participado de obras como \u201cAl\u00e9m da Ilus\u00e3o\u201d e \u201cA Regra do Jogo\u201d, na Globo; \u201cValor da Vida\u201d, em Portugal e \u201cO Mecanismo\u201d, na Netflix. Atualmente est\u00e1 no elenco de &#8220;Poliana Mo\u00e7a\u201d, no SBT.<\/p>\n<p>No cinema, Pacheco j\u00e1 estrelou filmes como \u201cDois Mais Dois\u201d (Paris Entrenimento), \u201cA \u00daltima Chance\u201d (Europa Filmes) e, recentemente \u201cCoisa P\u00fablica\u201d (Borelli Produ\u00e7\u00f5es).<\/p>\n<p>Por dois anos consecutivos recebeu o Pr\u00eamios Embaixadores, em Lisboa, por seu trabalho desenvolvido no eixo luso-brasileiro.<\/p>\n<p>Como DJ e Produtor Musical j\u00e1 tocou em mais de 100 cidades de 20 pa\u00edses diferentes. No Brasil ele foi residente do Clube The Week e do selo Flex (Clube Eazy) e teve resid\u00eancias internacionais no grupo Angels Events (Zurique), no selo Flywish (Geneve) e Mask Club (Porto). No Electrappeal, projeto em parceria com a cantora Nikki, foi lan\u00e7ada a \u201cLullaby\u201d.<\/p>\n<p>A faixa estreou na 05\u00aa posi\u00e7\u00e3o no chart eletr\u00f4nico do iTunes.<\/p>\n<p>Recentemente iniciou o Projeto Pax Machines. Em maio deste ano lan\u00e7ou pela Tiger Records, da Alemanha, o EP \u201cReborn\u201d.<\/p>\n<p>A Associa\u00e7\u00e3o Cultural Quintal das Artes ainda prepara outras surpresas \u2013 com grandes parceiros \u2013 para este evento que acontece dia 22 de outubro, no Esporte Clube Uni\u00e3o e marca a volta do Desfile Show que, com certeza, ir\u00e1 surpreender voc\u00ea. Mais uma vez. Como sempre.<\/p>\n<p>Os ingressos, a pre\u00e7os populares, j\u00e1 est\u00e3o sendo vendidos nas lojas participantes e pelo Sympla.com.br.<\/p>\n","protected":false},"excerpt":{"rendered":"<p>Depois de ser realizado com muito sucesso em 2019, o tradicional Desfile Show promovido pela Associa\u00e7\u00e3o Cultural Quintal das Artes foi interrompido pela pandemia da Covid. Dois anos separam \u201cShymoon\u201d da nova edi\u00e7\u00e3o do evento, batizada de \u201cFreedom\u201d, uma alus\u00e3o \u00e0 liberdade de novamente nos encontrarmos com a Moda, a Beleza, a Arte e a [&hellip;]<\/p>\n","protected":false},"author":7,"featured_media":52300,"comment_status":"closed","ping_status":"closed","sticky":true,"template":"","format":"standard","meta":{"footnotes":""},"categories":[356,76],"tags":[2422,2421,957],"class_list":["post-52299","post","type-post","status-publish","format-standard","has-post-thumbnail","hentry","category-eventos","category-moda-beleza","tag-ator","tag-desfile","tag-show"],"wps_subtitle":"Mega Evento acontece dia 22 de Outubro ","_links":{"self":[{"href":"https:\/\/grupomidia.com\/quemrealiza\/wp-json\/wp\/v2\/posts\/52299","targetHints":{"allow":["GET"]}}],"collection":[{"href":"https:\/\/grupomidia.com\/quemrealiza\/wp-json\/wp\/v2\/posts"}],"about":[{"href":"https:\/\/grupomidia.com\/quemrealiza\/wp-json\/wp\/v2\/types\/post"}],"author":[{"embeddable":true,"href":"https:\/\/grupomidia.com\/quemrealiza\/wp-json\/wp\/v2\/users\/7"}],"replies":[{"embeddable":true,"href":"https:\/\/grupomidia.com\/quemrealiza\/wp-json\/wp\/v2\/comments?post=52299"}],"version-history":[{"count":0,"href":"https:\/\/grupomidia.com\/quemrealiza\/wp-json\/wp\/v2\/posts\/52299\/revisions"}],"wp:featuredmedia":[{"embeddable":true,"href":"https:\/\/grupomidia.com\/quemrealiza\/wp-json\/wp\/v2\/media\/52300"}],"wp:attachment":[{"href":"https:\/\/grupomidia.com\/quemrealiza\/wp-json\/wp\/v2\/media?parent=52299"}],"wp:term":[{"taxonomy":"category","embeddable":true,"href":"https:\/\/grupomidia.com\/quemrealiza\/wp-json\/wp\/v2\/categories?post=52299"},{"taxonomy":"post_tag","embeddable":true,"href":"https:\/\/grupomidia.com\/quemrealiza\/wp-json\/wp\/v2\/tags?post=52299"}],"curies":[{"name":"wp","href":"https:\/\/api.w.org\/{rel}","templated":true}]}}