{"id":52068,"date":"2022-04-08T11:26:23","date_gmt":"2022-04-08T14:26:23","guid":{"rendered":"https:\/\/grupomidia.com\/quemrealiza\/?p=52068"},"modified":"2022-04-08T11:46:17","modified_gmt":"2022-04-08T14:46:17","slug":"aromas-bem-estar-lanca-quadro-sobre-saude-na-tv","status":"publish","type":"post","link":"https:\/\/grupomidia.com\/quemrealiza\/aromas-bem-estar-lanca-quadro-sobre-saude-na-tv\/","title":{"rendered":"Aromas Bem-estar lan\u00e7a quadro sobre Sa\u00fade na TV"},"content":{"rendered":"<h2><b>Aromas Bem-estar lan\u00e7a quadro sobre Sa\u00fade na TV<\/b><\/h2>\n<blockquote><p><i>O conte\u00fado ser\u00e1 exibido no Programa Quem Realiza aos s\u00e1bados e domingos, al\u00e9m de estar dispon\u00edvel nas m\u00eddias digitais da plataforma<\/i><\/p>\n<p>&nbsp;<\/p><\/blockquote>\n<p>A <a href=\"https:\/\/aromasbemestar.com.br\/\" target=\"_blank\" rel=\"noopener nofollow\">Aromas Bem-estar<\/a> estreia nos dias 9 e 10 de abril, \u00e0s 11h30, na TV Clube Band e na Rede Fam\u00edlia, um quadro in\u00e9dito sobre sa\u00fade e qualidade de vida que ser\u00e1 exibido no programa Quem Realiza. O primeiro epis\u00f3dio do Momento Aromas Bem-estar, com apresenta\u00e7\u00e3o de Renata Santos, traz uma entrevista com o oftalmologista Guilherme Manzoli sobre a sa\u00fade ocular.<\/p>\n<p>De acordo com o presidente da <a href=\"https:\/\/grupomidia.com\/quemrealiza\/aromas-bem-estar-lanca-linha-de-encapsulados-para-a-saude\/\">Aromas Bem-estar<\/a> e apresentador do \u201dQuem Realiza\u201d, Edmilson Jr. Caparelli, a iniciativa visa trazer especialistas em diferentes \u00e1reas para falar sobre a sa\u00fade de uma maneira geral, esclarecendo d\u00favidas e incentivando a preven\u00e7\u00e3o. \u201cO quadro ser\u00e1 um espa\u00e7o destinado a todos que desejam melhorar os cuidados pessoais. Queremos oferecer algo a mais aos nossos clientes e consultores, levando at\u00e9 eles informa\u00e7\u00f5es de qualidade\u201d, conta.<\/p>\n<p>Como apresentadora do quadro, Santos fala sobre os objetivos do \u201cMomento Aromas Bem-estar\u201d e planos futuros. \u201cO quadro foi pensado para apoiar os profissionais que trabalham em Sa\u00fade e para reconhecer suas a\u00e7\u00f5es cotidianas, ligando uma ponta a outra, queremos tamb\u00e9m apresentar estas solu\u00e7\u00f5es, tratamentos e dicas para a sociedade\u201d.<\/p>\n<p>No primeiro epis\u00f3dio, foram abordados diferentes assuntos dentro da oftalmologia com foco na preven\u00e7\u00e3o e na sa\u00fade ocular das mulheres, destacando momentos espec\u00edficos como a gravidez. \u201cFalamos sobre a idade correta para buscar um m\u00e9dico oftalmologista, sobre a incid\u00eancia de problemas de vis\u00e3o ap\u00f3s a pandemia e, claro, sobre os h\u00e1bitos que podem causar danos aos olhos\u201d, ressalta Santos.<\/p>\n<p>Ap\u00f3s a exibi\u00e7\u00e3o do programa o conte\u00fado ficar\u00e1 dispon\u00edvel no Youtube e no site da plataforma Quem Realiza, unidade de neg\u00f3cios de Lifestyle do Grupo M\u00eddia.<\/p>\n<p><b><br \/>\nQuem Realiza<\/b><\/p>\n<p>A plataforma Quem Realiza nasce dentro de um novo conceito: de integrar eventos e diferentes a\u00e7\u00f5es de comunica\u00e7\u00e3o e marketing, produzidas para revista impressa, website, m\u00eddias sociais e televis\u00e3o, oferecendo uma nova experi\u00eancia para leitores e anunciantes,\u00a0 sendo a \u00fanica plataforma omnichannel de Ribeir\u00e3o Preto e regi\u00e3o.<\/p>\n<p><b><br \/>\nSobre a Aromas Bem-estar<\/b><\/p>\n<p>A <a href=\"https:\/\/aromasbemestar.com.br\/\" target=\"_blank\" rel=\"noopener nofollow\">Aromas Bem-estar<\/a> \u00e9 uma empresa comprometida em transformar resultados em valores, respeitando a vida, as pessoas e o meio ambiente, por isso, nossas f\u00f3rmulas s\u00e3o cruelty-free, al\u00e9m de serem livres de gl\u00faten, lactose e de alimentos geneticamente modificados, comprometidas com sua qualidade de vida.<\/p>\n<p>&nbsp;<\/p>\n<p>&nbsp;<\/p>\n","protected":false},"excerpt":{"rendered":"<p>Aromas Bem-estar lan\u00e7a quadro sobre Sa\u00fade na TV O conte\u00fado ser\u00e1 exibido no Programa Quem Realiza aos s\u00e1bados e domingos, al\u00e9m de estar dispon\u00edvel nas m\u00eddias digitais da plataforma &nbsp; A Aromas Bem-estar estreia nos dias 9 e 10 de abril, \u00e0s 11h30, na TV Clube Band e na Rede Fam\u00edlia, um quadro in\u00e9dito sobre [&hellip;]<\/p>\n","protected":false},"author":1,"featured_media":52069,"comment_status":"closed","ping_status":"closed","sticky":false,"template":"","format":"standard","meta":{"footnotes":""},"categories":[72,68],"tags":[],"class_list":["post-52068","post","type-post","status-publish","format-standard","has-post-thumbnail","hentry","category-entretenimento","category-saude-bem-estar"],"wps_subtitle":"O conte\u00fado ser\u00e1 exibido no Programa Quem Realiza aos s\u00e1bados e domingos, al\u00e9m de estar dispon\u00edvel nas m\u00eddias digitais da plataforma","_links":{"self":[{"href":"https:\/\/grupomidia.com\/quemrealiza\/wp-json\/wp\/v2\/posts\/52068","targetHints":{"allow":["GET"]}}],"collection":[{"href":"https:\/\/grupomidia.com\/quemrealiza\/wp-json\/wp\/v2\/posts"}],"about":[{"href":"https:\/\/grupomidia.com\/quemrealiza\/wp-json\/wp\/v2\/types\/post"}],"author":[{"embeddable":true,"href":"https:\/\/grupomidia.com\/quemrealiza\/wp-json\/wp\/v2\/users\/1"}],"replies":[{"embeddable":true,"href":"https:\/\/grupomidia.com\/quemrealiza\/wp-json\/wp\/v2\/comments?post=52068"}],"version-history":[{"count":0,"href":"https:\/\/grupomidia.com\/quemrealiza\/wp-json\/wp\/v2\/posts\/52068\/revisions"}],"wp:featuredmedia":[{"embeddable":true,"href":"https:\/\/grupomidia.com\/quemrealiza\/wp-json\/wp\/v2\/media\/52069"}],"wp:attachment":[{"href":"https:\/\/grupomidia.com\/quemrealiza\/wp-json\/wp\/v2\/media?parent=52068"}],"wp:term":[{"taxonomy":"category","embeddable":true,"href":"https:\/\/grupomidia.com\/quemrealiza\/wp-json\/wp\/v2\/categories?post=52068"},{"taxonomy":"post_tag","embeddable":true,"href":"https:\/\/grupomidia.com\/quemrealiza\/wp-json\/wp\/v2\/tags?post=52068"}],"curies":[{"name":"wp","href":"https:\/\/api.w.org\/{rel}","templated":true}]}}