{"id":52044,"date":"2022-03-16T13:52:19","date_gmt":"2022-03-16T16:52:19","guid":{"rendered":"https:\/\/grupomidia.com\/quemrealiza\/?p=52044"},"modified":"2022-03-16T13:52:19","modified_gmt":"2022-03-16T16:52:19","slug":"restaurant-week-volta-a-ribeirao-preto-em-abril","status":"publish","type":"post","link":"https:\/\/grupomidia.com\/quemrealiza\/restaurant-week-volta-a-ribeirao-preto-em-abril\/","title":{"rendered":"Restaurant Week volta a Ribeir\u00e3o Preto em abril"},"content":{"rendered":"<h2>Organizadores j\u00e1 est\u00e3o cadastrando as casas que participar\u00e3o do festival gastron\u00f4mico<\/h2>\n<div>\n<p>Ribeir\u00e3o Preto ter\u00e1 nova edi\u00e7\u00e3o do maior festival gastron\u00f4mico mundial \u2013 a Restaurant Week.<\/p>\n<p>O evento chega \u00e0 sua 10\u00aa edi\u00e7\u00e3o e os organizadores j\u00e1 est\u00e3o cadastrando os restaurantes que estar\u00e3o no roteiro 2022, previsto para ser lan\u00e7ado em abril na cidade.<\/p>\n<p>A proposta do festival \u00e9 proporcionar uma \u201cexperi\u00eancia\u201d para o p\u00fablico com um menu completo, que inclui entrada, prato principal e sobremesa, por um valor fixo para almo\u00e7o e jantar.<\/p>\n<p>Os chefs criam menus tem\u00e1ticos exclusivos e harmonizados para o evento.<\/p>\n<p>A Restaurante Week \u00e9 realizada nas principais capitais brasileiras e, pela qualidade e variedade das op\u00e7\u00f5es gastron\u00f4micas, tamb\u00e9m em duas cidades do interior do pa\u00eds \u2013 Ribeir\u00e3o Preto e Campinas.<\/p>\n<p>A Restaurant Week \u00e9 mais que um festival gastron\u00f4mico, pois movimenta segmentos de turismo e neg\u00f3cios, al\u00e9m de valorizar a cultura local expressa em menus criados por chefs especialmente para o evento.<\/p>\n<p>O site <a href=\"http:\/\/restaurantweek.com.br\/\" target=\"_blank\" rel=\"noopener nofollow\">www.restaurantweek.com.br<\/a> traz detalhes sobre o festival e os restaurantes podem obter informa\u00e7\u00f5es pelo e-mail simone@restaurantweek.com.br ou (11) 3874.7400.<\/p>\n<p>Conhe\u00e7a mais em <a href=\"https:\/\/www.instagram.com\/restaurantweekbrasil\/\" target=\"_blank\" rel=\"noopener nofollow\">@restaurantweekbrasil<\/a>.<\/p>\n<p>&nbsp;<\/p>\n<\/div>\n","protected":false},"excerpt":{"rendered":"<p>Organizadores j\u00e1 est\u00e3o cadastrando as casas que participar\u00e3o do festival gastron\u00f4mico Ribeir\u00e3o Preto ter\u00e1 nova edi\u00e7\u00e3o do maior festival gastron\u00f4mico mundial \u2013 a Restaurant Week. O evento chega \u00e0 sua 10\u00aa edi\u00e7\u00e3o e os organizadores j\u00e1 est\u00e3o cadastrando os restaurantes que estar\u00e3o no roteiro 2022, previsto para ser lan\u00e7ado em abril na cidade. A proposta [&hellip;]<\/p>\n","protected":false},"author":7,"featured_media":52045,"comment_status":"closed","ping_status":"closed","sticky":true,"template":"","format":"standard","meta":{"footnotes":""},"categories":[67,75],"tags":[429],"class_list":["post-52044","post","type-post","status-publish","format-standard","has-post-thumbnail","hentry","category-arte-e-cultura","category-gastronomia","tag-restaurant-week"],"wps_subtitle":"Organizadores j\u00e1 est\u00e3o cadastrando as casas que participar\u00e3o do festival gastron\u00f4mico","_links":{"self":[{"href":"https:\/\/grupomidia.com\/quemrealiza\/wp-json\/wp\/v2\/posts\/52044","targetHints":{"allow":["GET"]}}],"collection":[{"href":"https:\/\/grupomidia.com\/quemrealiza\/wp-json\/wp\/v2\/posts"}],"about":[{"href":"https:\/\/grupomidia.com\/quemrealiza\/wp-json\/wp\/v2\/types\/post"}],"author":[{"embeddable":true,"href":"https:\/\/grupomidia.com\/quemrealiza\/wp-json\/wp\/v2\/users\/7"}],"replies":[{"embeddable":true,"href":"https:\/\/grupomidia.com\/quemrealiza\/wp-json\/wp\/v2\/comments?post=52044"}],"version-history":[{"count":0,"href":"https:\/\/grupomidia.com\/quemrealiza\/wp-json\/wp\/v2\/posts\/52044\/revisions"}],"wp:featuredmedia":[{"embeddable":true,"href":"https:\/\/grupomidia.com\/quemrealiza\/wp-json\/wp\/v2\/media\/52045"}],"wp:attachment":[{"href":"https:\/\/grupomidia.com\/quemrealiza\/wp-json\/wp\/v2\/media?parent=52044"}],"wp:term":[{"taxonomy":"category","embeddable":true,"href":"https:\/\/grupomidia.com\/quemrealiza\/wp-json\/wp\/v2\/categories?post=52044"},{"taxonomy":"post_tag","embeddable":true,"href":"https:\/\/grupomidia.com\/quemrealiza\/wp-json\/wp\/v2\/tags?post=52044"}],"curies":[{"name":"wp","href":"https:\/\/api.w.org\/{rel}","templated":true}]}}