{"id":52037,"date":"2022-03-04T08:54:03","date_gmt":"2022-03-04T11:54:03","guid":{"rendered":"https:\/\/grupomidia.com\/quemrealiza\/?p=52037"},"modified":"2022-03-04T08:54:03","modified_gmt":"2022-03-04T11:54:03","slug":"sinfonica-de-ribeirao-abre-temporada-com-temas-de-cinema-e-literatura","status":"publish","type":"post","link":"https:\/\/grupomidia.com\/quemrealiza\/sinfonica-de-ribeirao-abre-temporada-com-temas-de-cinema-e-literatura\/","title":{"rendered":"Sinf\u00f4nica de Ribeir\u00e3o abre temporada com temas de cinema e literatura"},"content":{"rendered":"<h2>A Orquestra Sinf\u00f4nica de Ribeir\u00e3o Preto abre a agenda 2022 com o concerto \u201cCinema e Literatura\u201d<\/h2>\n<figure id=\"attachment_52038\" aria-describedby=\"caption-attachment-52038\" style=\"width: 169px\" class=\"wp-caption alignright\"><img loading=\"lazy\" decoding=\"async\" class=\"wp-image-52038 size-medium\" src=\"https:\/\/grupomidia.com\/quemrealiza\/wp-content\/uploads\/2022\/03\/20211006-155547-169x300.jpg\" alt=\"\" width=\"169\" height=\"300\" title=\"\" srcset=\"https:\/\/grupomidia.com\/quemrealiza\/wp-content\/uploads\/2022\/03\/20211006-155547-169x300.jpg 169w, https:\/\/grupomidia.com\/quemrealiza\/wp-content\/uploads\/2022\/03\/20211006-155547-338x600.jpg 338w, https:\/\/grupomidia.com\/quemrealiza\/wp-content\/uploads\/2022\/03\/20211006-155547-768x1365.jpg 768w, https:\/\/grupomidia.com\/quemrealiza\/wp-content\/uploads\/2022\/03\/20211006-155547-864x1536.jpg 864w, https:\/\/grupomidia.com\/quemrealiza\/wp-content\/uploads\/2022\/03\/20211006-155547-1152x2048.jpg 1152w, https:\/\/grupomidia.com\/quemrealiza\/wp-content\/uploads\/2022\/03\/20211006-155547-scaled.jpg 1440w\" sizes=\"auto, (max-width: 169px) 100vw, 169px\" \/><figcaption id=\"caption-attachment-52038\" class=\"wp-caption-text\">O maestro Reginaldo Nascimento<\/figcaption><\/figure>\n<p>A Orquestra Sinf\u00f4nica de Ribeir\u00e3o Preto abre a agenda 2022 com o concerto \u201cCinema e Literatura\u201d que ser\u00e1 apresentado dia 5 de mar\u00e7o na s\u00e9rie Concertos Internacionais, com reg\u00eancia de Reginaldo Nascimento.<\/p>\n<p>O programa ter\u00e1 de Carlos Gomes e Villa-Lobos a John Williams e Hans Zimmer, passando por cl\u00e1ssicos como Il Guarany, A floresta do Amazonas e Da Vinci Code, dentre outros.<\/p>\n<p>\u201cQueremos abrir o ano com uma programa\u00e7\u00e3o que emociona, traz lembran\u00e7as, toca os sentimentos das pessoas, pois a m\u00fasica tem essa universalidade e este \u00e9 um dos pap\u00e9is ela faz com perfei\u00e7\u00e3o, independentemente da cultura, do idioma ou das cren\u00e7as de cada um\u201d, diz o maestro Reginaldo Nascimento.<\/p>\n<p>O programa ser\u00e1 apresentado tamb\u00e9m no domingo, 6\/3, com entrada gratuita, na s\u00e9rie Juventude Tem Concerto.<\/p>\n<p><strong>Programa<\/strong><\/p>\n<ul>\n<li>A. GOMES \u2013 Il Guarany \u2013 Protofonia<\/li>\n<li>S. PROKOFIEV \u2013 Romeu e Julieta \u2013 Dan\u00e7a Knights<\/li>\n<li>J. WILLIANS \u2013 Star Wars \u2013 Marcha Darth Vader<\/li>\n<li>N. KORSAKOV \u2013 The Young Prince and Princess<\/li>\n<li>B.POLEDOURIS \u2013 Conan, The Barbarian \u2013 The anvil of crom<\/li>\n<li>C. NIELSEN \u2013 Suite Alladin \u2013 Festival March<\/li>\n<li>W. KILLAR \u2013 Suite Dracula \u2013 The Beginning<\/li>\n<li>F. MENDELSOHN \u2013 Sonhos de uma noite de ver\u00e3o \u2013 Scherzo<\/li>\n<li>H. SHORE \u2013 Lord of the rings \u2013 The Prophecy<\/li>\n<li>V. LOBOS &#8211; A floresta do Amazonas \u2013 Melodia Sentimental<\/li>\n<li>H. ZIMMER \u2013 Gladiator \u2013 March of Victory<\/li>\n<li>H. ZIMMER \u2013 Da Vinci Code \u2013 Chevalier Du Sangreal<\/li>\n<li>L. GORANSON \u2013 The Mandaloria \u2013 Main Theme<\/li>\n<li>J. HORNER \u2013 Braveheart<\/li>\n<li>J. WILLIAMS \u2013 Harry Potter<\/li>\n<\/ul>\n<p><strong>Servi\u00e7o<\/strong><\/p>\n<ul>\n<li>Concerto Abertura de Temporada Orquestra Sinf\u00f4nica de Ribeir\u00e3o Preto<\/li>\n<li>Data: 05\/03\/2021, s\u00e1bado<\/li>\n<li>Hor\u00e1rio: 19h<\/li>\n<li>Local: Theatro Pedro II<\/li>\n<li>Venda de ingressos na bilheteria do Theatro Pedro II<\/li>\n<li>Plateia e Frisa: R$80 inteira, R$40 meia<\/li>\n<li>Balc\u00e3o Nobre: R$60 inteira, R$30 meia<\/li>\n<li>Balc\u00e3o Simples: R$40 inteira, R$20 meia<\/li>\n<\/ul>\n<p><strong>Juventude Tem Concerto<\/strong><\/p>\n<ul>\n<li>Data: 05\/03\/2021, domingo<\/li>\n<li>Hor\u00e1rio: 10h30<\/li>\n<li>Local: Theatro Pedro II<\/li>\n<li>Entrada gratuita<\/li>\n<\/ul>\n","protected":false},"excerpt":{"rendered":"<p>A Orquestra Sinf\u00f4nica de Ribeir\u00e3o Preto abre a agenda 2022 com o concerto \u201cCinema e Literatura\u201d A Orquestra Sinf\u00f4nica de Ribeir\u00e3o Preto abre a agenda 2022 com o concerto \u201cCinema e Literatura\u201d que ser\u00e1 apresentado dia 5 de mar\u00e7o na s\u00e9rie Concertos Internacionais, com reg\u00eancia de Reginaldo Nascimento. O programa ter\u00e1 de Carlos Gomes e [&hellip;]<\/p>\n","protected":false},"author":7,"featured_media":52039,"comment_status":"closed","ping_status":"closed","sticky":true,"template":"","format":"standard","meta":{"footnotes":""},"categories":[67],"tags":[250],"class_list":["post-52037","post","type-post","status-publish","format-standard","has-post-thumbnail","hentry","category-arte-e-cultura","tag-orquestra-sinfonica-de-ribeirao-preto"],"wps_subtitle":"A Orquestra Sinf\u00f4nica de Ribeir\u00e3o Preto abre a agenda 2022 com o concerto \u201cCinema e Literatura\u201d","_links":{"self":[{"href":"https:\/\/grupomidia.com\/quemrealiza\/wp-json\/wp\/v2\/posts\/52037","targetHints":{"allow":["GET"]}}],"collection":[{"href":"https:\/\/grupomidia.com\/quemrealiza\/wp-json\/wp\/v2\/posts"}],"about":[{"href":"https:\/\/grupomidia.com\/quemrealiza\/wp-json\/wp\/v2\/types\/post"}],"author":[{"embeddable":true,"href":"https:\/\/grupomidia.com\/quemrealiza\/wp-json\/wp\/v2\/users\/7"}],"replies":[{"embeddable":true,"href":"https:\/\/grupomidia.com\/quemrealiza\/wp-json\/wp\/v2\/comments?post=52037"}],"version-history":[{"count":0,"href":"https:\/\/grupomidia.com\/quemrealiza\/wp-json\/wp\/v2\/posts\/52037\/revisions"}],"wp:featuredmedia":[{"embeddable":true,"href":"https:\/\/grupomidia.com\/quemrealiza\/wp-json\/wp\/v2\/media\/52039"}],"wp:attachment":[{"href":"https:\/\/grupomidia.com\/quemrealiza\/wp-json\/wp\/v2\/media?parent=52037"}],"wp:term":[{"taxonomy":"category","embeddable":true,"href":"https:\/\/grupomidia.com\/quemrealiza\/wp-json\/wp\/v2\/categories?post=52037"},{"taxonomy":"post_tag","embeddable":true,"href":"https:\/\/grupomidia.com\/quemrealiza\/wp-json\/wp\/v2\/tags?post=52037"}],"curies":[{"name":"wp","href":"https:\/\/api.w.org\/{rel}","templated":true}]}}