{"id":51991,"date":"2021-12-08T11:20:20","date_gmt":"2021-12-08T14:20:20","guid":{"rendered":"https:\/\/grupomidia.com\/quemrealiza\/?p=51991"},"modified":"2021-12-08T11:37:26","modified_gmt":"2021-12-08T14:37:26","slug":"as-buscas-do-ano-no-google-o-que-os-brasileiros-quiseram-saber-em-2021","status":"publish","type":"post","link":"https:\/\/grupomidia.com\/quemrealiza\/as-buscas-do-ano-no-google-o-que-os-brasileiros-quiseram-saber-em-2021\/","title":{"rendered":"As buscas do ano no Google: o que os brasileiros quiseram saber em 2021"},"content":{"rendered":"<h2>Dividida em 18 categorias, resultados mostram os maiores interesses da popula\u00e7\u00e3o<\/h2>\n<p>O Google divulga hoje a lista das\u00a0Buscas do Ano 2021, oferecendo uma retrospectiva com os assuntos, as d\u00favidas, os acontecimentos e as personalidades que estiveram em alta ao longo do ano de acordo com as pesquisas feitas pelos brasileiros na plataforma.<\/p>\n<p>As listas apresentam os termos que mais cresceram nas buscas neste ano comparado ao ano anterior.<\/p>\n<p>Na categoria geral, que traz as principais buscas do ano, a cantora Mar\u00edlia Mendon\u00e7a, morta em novembro em um acidente de avi\u00e3o, foi o termo que mais gerou interesse do brasileiro em 2021, seguido por Eurocopa, Palmeiras, Libertadores e Brasileir\u00e3o (veja a lista completa abaixo).<\/p>\n<p>Entre as novidades do ano, est\u00e3o as categorias: &#8220;perto de mim&#8221;, &#8220;quanto custa&#8221; e &#8220;como ser&#8221;.<\/p>\n<p>Ao todo, s\u00e3o 18 categorias:\u00a0Buscas do Ano (Geral), Acontecimentos, Como fazer, O que?, Mortes, Filmes, S\u00e9ries, Programas de TV, M\u00fasica (Letra), Personalidades, Clubes de futebol, Perto de mim, Quanto custa, Atletas Ol\u00edmpicos, Receitas, Beleza, Virou meme\u00a0e\u00a0Como ser.<\/p>\n<p>As Buscas do Ano mostram as principais tend\u00eancias de buscas com base nos termos de pesquisa que tiveram o maior aumento de interesse neste ano em compara\u00e7\u00e3o com o ano anterior.<\/p>\n<p>Por isso, n\u00e3o \u00e9 correto afirmar que os termos da lista foram os mais pesquisados do ano. O correto \u00e9 afirmar que essa lista representa os assuntos e termos que mais cresceram no Google, que despertaram o interesse ou que estiveram em alta em 2021<\/p>\n<p>Confira as listas completas neste link e abaixo:<\/p>\n<p><strong>Buscas do Ano<\/strong><\/p>\n<figure id=\"attachment_51993\" aria-describedby=\"caption-attachment-51993\" style=\"width: 400px\" class=\"wp-caption alignnone\"><img loading=\"lazy\" decoding=\"async\" class=\"wp-image-51993\" src=\"https:\/\/grupomidia.com\/quemrealiza\/wp-content\/uploads\/2021\/12\/marilia-mendoccca7a-instagram-40mariliamendoncacantora-11-2020-1.jpg-1.jpg\" alt=\"\" width=\"400\" height=\"267\" title=\"\" srcset=\"https:\/\/grupomidia.com\/quemrealiza\/wp-content\/uploads\/2021\/12\/marilia-mendoccca7a-instagram-40mariliamendoncacantora-11-2020-1.jpg-1.jpg 1500w, https:\/\/grupomidia.com\/quemrealiza\/wp-content\/uploads\/2021\/12\/marilia-mendoccca7a-instagram-40mariliamendoncacantora-11-2020-1.jpg-1-300x200.jpg 300w, https:\/\/grupomidia.com\/quemrealiza\/wp-content\/uploads\/2021\/12\/marilia-mendoccca7a-instagram-40mariliamendoncacantora-11-2020-1.jpg-1-800x533.jpg 800w, https:\/\/grupomidia.com\/quemrealiza\/wp-content\/uploads\/2021\/12\/marilia-mendoccca7a-instagram-40mariliamendoncacantora-11-2020-1.jpg-1-768x512.jpg 768w\" sizes=\"auto, (max-width: 400px) 100vw, 400px\" \/><figcaption id=\"caption-attachment-51993\" class=\"wp-caption-text\">Legado de Mar\u00edlia Mendon\u00e7a impacta f\u00e3s<\/figcaption><\/figure>\n<ul>\n<li>Mar\u00edlia Mendon\u00e7a<\/li>\n<li>Eurocopa<\/li>\n<li>Palmeiras<\/li>\n<li>Libertadores<\/li>\n<li>Brasileir\u00e3o<\/li>\n<li>Corinthians<\/li>\n<li>Copa do Brasil<\/li>\n<li>MC Kevin<\/li>\n<li>Copa Am\u00e9rica<\/li>\n<li>L\u00e1zaro Barbosa<\/li>\n<\/ul>\n<p><strong>Acontecimentos<\/strong><\/p>\n<figure id=\"attachment_51994\" aria-describedby=\"caption-attachment-51994\" style=\"width: 400px\" class=\"wp-caption alignnone\"><img loading=\"lazy\" decoding=\"async\" class=\"wp-image-51994\" src=\"https:\/\/grupomidia.com\/quemrealiza\/wp-content\/uploads\/2021\/12\/tokyo2020.jpg\" alt=\"\" width=\"400\" height=\"251\" title=\"\" srcset=\"https:\/\/grupomidia.com\/quemrealiza\/wp-content\/uploads\/2021\/12\/tokyo2020.jpg 1200w, https:\/\/grupomidia.com\/quemrealiza\/wp-content\/uploads\/2021\/12\/tokyo2020-300x189.jpg 300w, https:\/\/grupomidia.com\/quemrealiza\/wp-content\/uploads\/2021\/12\/tokyo2020-800x503.jpg 800w, https:\/\/grupomidia.com\/quemrealiza\/wp-content\/uploads\/2021\/12\/tokyo2020-768x483.jpg 768w\" sizes=\"auto, (max-width: 400px) 100vw, 400px\" \/><figcaption id=\"caption-attachment-51994\" class=\"wp-caption-text\">O mundo se voltou para Tokyo nas Olimp\u00edadas<\/figcaption><\/figure>\n<ul>\n<li>Olimp\u00edadas 2021<\/li>\n<li>Vacina Covid-19<\/li>\n<li>Whatsapp fora do ar<\/li>\n<li>Caso Henry Borel<\/li>\n<li>Caso L\u00e1zaro<\/li>\n<li>Afeganist\u00e3o<\/li>\n<li>Lockdown<\/li>\n<li>Queda do avi\u00e3o de Mar\u00edlia Mendon\u00e7a<\/li>\n<li>Foguete chin\u00eas<\/li>\n<li>Greve dos caminhoneiros<\/li>\n<\/ul>\n<p><strong>Como fazer<\/strong><\/p>\n<figure id=\"attachment_51996\" aria-describedby=\"caption-attachment-51996\" style=\"width: 400px\" class=\"wp-caption alignnone\"><img loading=\"lazy\" decoding=\"async\" class=\"wp-image-51996\" src=\"https:\/\/grupomidia.com\/quemrealiza\/wp-content\/uploads\/2021\/12\/horta-em-casa-1280x720-1.jpg\" alt=\"\" width=\"400\" height=\"225\" title=\"\" srcset=\"https:\/\/grupomidia.com\/quemrealiza\/wp-content\/uploads\/2021\/12\/horta-em-casa-1280x720-1.jpg 1280w, https:\/\/grupomidia.com\/quemrealiza\/wp-content\/uploads\/2021\/12\/horta-em-casa-1280x720-1-300x169.jpg 300w, https:\/\/grupomidia.com\/quemrealiza\/wp-content\/uploads\/2021\/12\/horta-em-casa-1280x720-1-800x450.jpg 800w, https:\/\/grupomidia.com\/quemrealiza\/wp-content\/uploads\/2021\/12\/horta-em-casa-1280x720-1-768x432.jpg 768w\" sizes=\"auto, (max-width: 400px) 100vw, 400px\" \/><figcaption id=\"caption-attachment-51996\" class=\"wp-caption-text\">Aumento dos pre\u00e7os impulsiona busca por produ\u00e7\u00e3o pr\u00f3pria<\/figcaption><\/figure>\n<ul>\n<li>Como fazer horta em casa<\/li>\n<li>Como fazer brinquedos para gatos<\/li>\n<li>Como fazer um Pix<\/li>\n<li>Como fazer soro caseiro<\/li>\n<li>Como fazer backup do WhatsApp<\/li>\n<li>Como fazer caf\u00e9 gelado<\/li>\n<li>Como fazer o cadastro do Aux\u00edlio Brasil<\/li>\n<li>Como fazer o recadastramento do Aux\u00edlio Emergencial<\/li>\n<li>Como fazer Prova de Vida pelo celular<\/li>\n<li>Como fazer boletim de ocorr\u00eancia online<\/li>\n<\/ul>\n<p><strong>O que?<\/strong><\/p>\n<figure id=\"attachment_52009\" aria-describedby=\"caption-attachment-52009\" style=\"width: 400px\" class=\"wp-caption alignnone\"><img loading=\"lazy\" decoding=\"async\" class=\"wp-image-52009\" src=\"https:\/\/grupomidia.com\/quemrealiza\/wp-content\/uploads\/2021\/12\/cringe-1.jpg\" alt=\"\" width=\"400\" height=\"225\" title=\"\" srcset=\"https:\/\/grupomidia.com\/quemrealiza\/wp-content\/uploads\/2021\/12\/cringe-1.jpg 1400w, https:\/\/grupomidia.com\/quemrealiza\/wp-content\/uploads\/2021\/12\/cringe-1-300x169.jpg 300w, https:\/\/grupomidia.com\/quemrealiza\/wp-content\/uploads\/2021\/12\/cringe-1-800x450.jpg 800w, https:\/\/grupomidia.com\/quemrealiza\/wp-content\/uploads\/2021\/12\/cringe-1-768x432.jpg 768w\" sizes=\"auto, (max-width: 400px) 100vw, 400px\" \/><figcaption id=\"caption-attachment-52009\" class=\"wp-caption-text\">Embate entre Gera\u00e7\u00e3o Z e Millenials trouxe termo Cringe a tona<\/figcaption><\/figure>\n<ul>\n<li>O que \u00e9 cringe?<\/li>\n<li>O que \u00e9 basculho?<\/li>\n<li>O que aconteceu com o WhatsApp?<\/li>\n<li>O que \u00e9 politraumatismo?<\/li>\n<li>O que estuda a gelotologia?<\/li>\n<li>O que \u00e9 comorbidade?<\/li>\n<li>O que \u00e9 Talib\u00e3?<\/li>\n<li>O que \u00e9 estigma?<\/li>\n<li>O que aconteceu com MC Kevin?<\/li>\n<li>O que \u00e9 imunossuprimidos?<\/li>\n<\/ul>\n<p><strong>Mortes<\/strong><\/p>\n<figure id=\"attachment_51998\" aria-describedby=\"caption-attachment-51998\" style=\"width: 400px\" class=\"wp-caption alignnone\"><img loading=\"lazy\" decoding=\"async\" class=\"wp-image-51998\" src=\"https:\/\/grupomidia.com\/quemrealiza\/wp-content\/uploads\/2021\/12\/mc-kevin.jpg\" alt=\"\" width=\"400\" height=\"267\" title=\"\" srcset=\"https:\/\/grupomidia.com\/quemrealiza\/wp-content\/uploads\/2021\/12\/mc-kevin.jpg 1200w, https:\/\/grupomidia.com\/quemrealiza\/wp-content\/uploads\/2021\/12\/mc-kevin-300x200.jpg 300w, https:\/\/grupomidia.com\/quemrealiza\/wp-content\/uploads\/2021\/12\/mc-kevin-800x533.jpg 800w, https:\/\/grupomidia.com\/quemrealiza\/wp-content\/uploads\/2021\/12\/mc-kevin-768x512.jpg 768w\" sizes=\"auto, (max-width: 400px) 100vw, 400px\" \/><figcaption id=\"caption-attachment-51998\" class=\"wp-caption-text\">Morte de MC Kevin e Mar\u00edlia Mendon\u00e7a foram as mais buscadas<\/figcaption><\/figure>\n<ul>\n<li>Mar\u00edlia Mendon\u00e7a<\/li>\n<li>MC Kevin<\/li>\n<li>L\u00e1zaro Barbosa<\/li>\n<li>Paulo Gustavo<\/li>\n<li>Bruno Covas<\/li>\n<li>Tarc\u00edsio Meira<\/li>\n<li>Eva Wilma<\/li>\n<li>Agnaldo Tim\u00f3teo<\/li>\n<li>Major Ol\u00edmpio<\/li>\n<li>Cristiana L\u00f4bo<\/li>\n<\/ul>\n<p><strong>Filmes<\/strong><\/p>\n<figure id=\"attachment_51995\" aria-describedby=\"caption-attachment-51995\" style=\"width: 400px\" class=\"wp-caption alignnone\"><img loading=\"lazy\" decoding=\"async\" class=\"wp-image-51995\" src=\"https:\/\/grupomidia.com\/quemrealiza\/wp-content\/uploads\/2021\/12\/the-eternals-film-still-01.jpg\" alt=\"\" width=\"400\" height=\"267\" title=\"\" srcset=\"https:\/\/grupomidia.com\/quemrealiza\/wp-content\/uploads\/2021\/12\/the-eternals-film-still-01.jpg 2000w, https:\/\/grupomidia.com\/quemrealiza\/wp-content\/uploads\/2021\/12\/the-eternals-film-still-01-300x200.jpg 300w, https:\/\/grupomidia.com\/quemrealiza\/wp-content\/uploads\/2021\/12\/the-eternals-film-still-01-800x533.jpg 800w, https:\/\/grupomidia.com\/quemrealiza\/wp-content\/uploads\/2021\/12\/the-eternals-film-still-01-768x512.jpg 768w, https:\/\/grupomidia.com\/quemrealiza\/wp-content\/uploads\/2021\/12\/the-eternals-film-still-01-1536x1024.jpg 1536w\" sizes=\"auto, (max-width: 400px) 100vw, 400px\" \/><figcaption id=\"caption-attachment-51995\" class=\"wp-caption-text\">Eternos trouxe mudan\u00e7as para a Marvel no cinema<\/figcaption><\/figure>\n<ul>\n<li>Eternos<\/li>\n<li>Vi\u00fava Negra<\/li>\n<li>Liga da Justi\u00e7a de Zack Snyder<\/li>\n<li>Venom: Tempo de Carnificina<\/li>\n<li>Invoca\u00e7\u00e3o do Mal 3<\/li>\n<li>Marighella<\/li>\n<li>Esquadr\u00e3o Suicida<\/li>\n<li>Cruella<\/li>\n<li>Duna<\/li>\n<li>A Menina que Matou os Pais<\/li>\n<\/ul>\n<p><strong>S\u00e9ries<\/strong><\/p>\n<figure id=\"attachment_51999\" aria-describedby=\"caption-attachment-51999\" style=\"width: 400px\" class=\"wp-caption alignnone\"><img loading=\"lazy\" decoding=\"async\" class=\"wp-image-51999\" src=\"https:\/\/grupomidia.com\/quemrealiza\/wp-content\/uploads\/2021\/12\/round.jpg\" alt=\"\" width=\"400\" height=\"225\" title=\"\" srcset=\"https:\/\/grupomidia.com\/quemrealiza\/wp-content\/uploads\/2021\/12\/round.jpg 1200w, https:\/\/grupomidia.com\/quemrealiza\/wp-content\/uploads\/2021\/12\/round-300x169.jpg 300w, https:\/\/grupomidia.com\/quemrealiza\/wp-content\/uploads\/2021\/12\/round-800x450.jpg 800w, https:\/\/grupomidia.com\/quemrealiza\/wp-content\/uploads\/2021\/12\/round-768x432.jpg 768w\" sizes=\"auto, (max-width: 400px) 100vw, 400px\" \/><figcaption id=\"caption-attachment-51999\" class=\"wp-caption-text\">Sul-Coreana Round 6 conquistou assinantes da Netflix<\/figcaption><\/figure>\n<ul>\n<li>Round 6<\/li>\n<li>Bridgerton<\/li>\n<li>Cidade Invis\u00edvel<\/li>\n<li>Sweet Tooth<\/li>\n<li>Wandavision<\/li>\n<li>Cobra Kai<\/li>\n<li>Lupin<\/li>\n<li>Sex Education<\/li>\n<li>Maid<\/li>\n<li>Loki<\/li>\n<\/ul>\n<p><strong>Programas de TV<\/strong><\/p>\n<figure id=\"attachment_52000\" aria-describedby=\"caption-attachment-52000\" style=\"width: 400px\" class=\"wp-caption alignnone\"><img loading=\"lazy\" decoding=\"async\" class=\"wp-image-52000\" src=\"https:\/\/grupomidia.com\/quemrealiza\/wp-content\/uploads\/2021\/12\/Tudo-sobre-o-Big-Brother-Brasil.jpg\" alt=\"\" width=\"400\" height=\"225\" title=\"\" srcset=\"https:\/\/grupomidia.com\/quemrealiza\/wp-content\/uploads\/2021\/12\/Tudo-sobre-o-Big-Brother-Brasil.jpg 1219w, https:\/\/grupomidia.com\/quemrealiza\/wp-content\/uploads\/2021\/12\/Tudo-sobre-o-Big-Brother-Brasil-300x169.jpg 300w, https:\/\/grupomidia.com\/quemrealiza\/wp-content\/uploads\/2021\/12\/Tudo-sobre-o-Big-Brother-Brasil-800x451.jpg 800w, https:\/\/grupomidia.com\/quemrealiza\/wp-content\/uploads\/2021\/12\/Tudo-sobre-o-Big-Brother-Brasil-768x433.jpg 768w\" sizes=\"auto, (max-width: 400px) 100vw, 400px\" \/><figcaption id=\"caption-attachment-52000\" class=\"wp-caption-text\">Edi\u00e7\u00e3o de 2021 do BBB foi destaque no primeiro semestre<\/figcaption><\/figure>\n<ul>\n<li>BBB 2021<\/li>\n<li>Power Couple<\/li>\n<li>No Limite<\/li>\n<li>Salve-se Quem Puder<\/li>\n<li>A Fazenda 2021<\/li>\n<li>A Vida da Gente<\/li>\n<li>Verdades Secretas 2<\/li>\n<li>The Masked Singer<\/li>\n<li>A For\u00e7a do Querer<\/li>\n<li>Carinha de Anjo<\/li>\n<\/ul>\n<p><strong>M\u00fasica (Letra)<\/strong><\/p>\n<figure id=\"attachment_52001\" aria-describedby=\"caption-attachment-52001\" style=\"width: 400px\" class=\"wp-caption alignnone\"><img loading=\"lazy\" decoding=\"async\" class=\"wp-image-52001\" src=\"https:\/\/grupomidia.com\/quemrealiza\/wp-content\/uploads\/2021\/12\/anitta.jpeg\" alt=\"\" width=\"400\" height=\"225\" title=\"\" srcset=\"https:\/\/grupomidia.com\/quemrealiza\/wp-content\/uploads\/2021\/12\/anitta.jpeg 1280w, https:\/\/grupomidia.com\/quemrealiza\/wp-content\/uploads\/2021\/12\/anitta-300x169.jpeg 300w, https:\/\/grupomidia.com\/quemrealiza\/wp-content\/uploads\/2021\/12\/anitta-800x449.jpeg 800w, https:\/\/grupomidia.com\/quemrealiza\/wp-content\/uploads\/2021\/12\/anitta-768x431.jpeg 768w\" sizes=\"auto, (max-width: 400px) 100vw, 400px\" \/><figcaption id=\"caption-attachment-52001\" class=\"wp-caption-text\">Lan\u00e7amento de Anitta teve mercado internacional como foco<\/figcaption><\/figure>\n<ul>\n<li>Girl from Rio (Anitta)<\/li>\n<li>Estrelinha (Di Paullo e Paulino com Mar\u00edlia Mendon\u00e7a)<\/li>\n<li>Batom de Cereja (Israel &amp; Rodolffo)<\/li>\n<li>Deus me Proteja de Mim (Chico C\u00e9sar)<\/li>\n<li>Drivers License (Olivia Rodrigo)<\/li>\n<li>Al\u00edvio (Jess\u00e9 Aguiar)<\/li>\n<li>Meu Peda\u00e7o de Pecado (Jo\u00e3o Gomes)<\/li>\n<li>Saturno (BIN prod. Ajaxx)<\/li>\n<li>Penhasco (Lu\u00edsa Sonza)<\/li>\n<li>Doutora 3 (MC Kevin)<\/li>\n<\/ul>\n<p><strong>Personalidades<\/strong><\/p>\n<figure id=\"attachment_52002\" aria-describedby=\"caption-attachment-52002\" style=\"width: 400px\" class=\"wp-caption alignnone\"><img loading=\"lazy\" decoding=\"async\" class=\"wp-image-52002\" src=\"https:\/\/grupomidia.com\/quemrealiza\/wp-content\/uploads\/2021\/12\/karol.jpg\" alt=\"\" width=\"400\" height=\"267\" title=\"\" srcset=\"https:\/\/grupomidia.com\/quemrealiza\/wp-content\/uploads\/2021\/12\/karol.jpg 1110w, https:\/\/grupomidia.com\/quemrealiza\/wp-content\/uploads\/2021\/12\/karol-300x200.jpg 300w, https:\/\/grupomidia.com\/quemrealiza\/wp-content\/uploads\/2021\/12\/karol-800x533.jpg 800w, https:\/\/grupomidia.com\/quemrealiza\/wp-content\/uploads\/2021\/12\/karol-768x512.jpg 768w\" sizes=\"auto, (max-width: 400px) 100vw, 400px\" \/><figcaption id=\"caption-attachment-52002\" class=\"wp-caption-text\">Acontecimentos do BBB e nova fase de Karol Conk\u00e1 chamaram a aten\u00e7\u00e3o<\/figcaption><\/figure>\n<ul>\n<li>Karol Conk\u00e1<\/li>\n<li>S\u00edlvio Santos<\/li>\n<li>Luciano Szafir<\/li>\n<li>Lucas Penteado<\/li>\n<li>MC Livinho<\/li>\n<li>Alec Baldwin<\/li>\n<li>Nego Di<\/li>\n<li>Juliette<\/li>\n<li>Joice Hasselmann<\/li>\n<li>Carla Diaz<\/li>\n<\/ul>\n<p><strong>Clubes de futebol<\/strong><\/p>\n<figure id=\"attachment_52003\" aria-describedby=\"caption-attachment-52003\" style=\"width: 400px\" class=\"wp-caption alignnone\"><img loading=\"lazy\" decoding=\"async\" class=\"wp-image-52003\" src=\"https:\/\/grupomidia.com\/quemrealiza\/wp-content\/uploads\/2021\/12\/palmeiras.jpg\" alt=\"\" width=\"400\" height=\"293\" title=\"\" srcset=\"https:\/\/grupomidia.com\/quemrealiza\/wp-content\/uploads\/2021\/12\/palmeiras.jpg 1200w, https:\/\/grupomidia.com\/quemrealiza\/wp-content\/uploads\/2021\/12\/palmeiras-300x220.jpg 300w, https:\/\/grupomidia.com\/quemrealiza\/wp-content\/uploads\/2021\/12\/palmeiras-800x587.jpg 800w, https:\/\/grupomidia.com\/quemrealiza\/wp-content\/uploads\/2021\/12\/palmeiras-768x563.jpg 768w\" sizes=\"auto, (max-width: 400px) 100vw, 400px\" \/><figcaption id=\"caption-attachment-52003\" class=\"wp-caption-text\">Vit\u00f3ria do Palmeiras na Libertadores levou f\u00e3s \u00e0 loucura<\/figcaption><\/figure>\n<ul>\n<li>Palmeiras<\/li>\n<li>Corinthians<\/li>\n<li>S\u00e3o Paulo<\/li>\n<li>PSG<\/li>\n<li>Santos<\/li>\n<li>Fluminense<\/li>\n<li>Real Madrid<\/li>\n<li>Flamengo<\/li>\n<li>Internacional<\/li>\n<li>Chelsea<\/li>\n<\/ul>\n<p><strong>Perto de mim<\/strong><\/p>\n<figure id=\"attachment_52004\" aria-describedby=\"caption-attachment-52004\" style=\"width: 400px\" class=\"wp-caption alignnone\"><img loading=\"lazy\" decoding=\"async\" class=\"wp-image-52004\" src=\"https:\/\/grupomidia.com\/quemrealiza\/wp-content\/uploads\/2021\/12\/father-and-dauther-plays-with-puppy-in-pet-shop-2021-08-26-16-26-04-utc-scaled.jpg\" alt=\"\" width=\"400\" height=\"267\" title=\"\" srcset=\"https:\/\/grupomidia.com\/quemrealiza\/wp-content\/uploads\/2021\/12\/father-and-dauther-plays-with-puppy-in-pet-shop-2021-08-26-16-26-04-utc-scaled.jpg 2560w, https:\/\/grupomidia.com\/quemrealiza\/wp-content\/uploads\/2021\/12\/father-and-dauther-plays-with-puppy-in-pet-shop-2021-08-26-16-26-04-utc-300x200.jpg 300w, https:\/\/grupomidia.com\/quemrealiza\/wp-content\/uploads\/2021\/12\/father-and-dauther-plays-with-puppy-in-pet-shop-2021-08-26-16-26-04-utc-800x534.jpg 800w, https:\/\/grupomidia.com\/quemrealiza\/wp-content\/uploads\/2021\/12\/father-and-dauther-plays-with-puppy-in-pet-shop-2021-08-26-16-26-04-utc-768x513.jpg 768w, https:\/\/grupomidia.com\/quemrealiza\/wp-content\/uploads\/2021\/12\/father-and-dauther-plays-with-puppy-in-pet-shop-2021-08-26-16-26-04-utc-1536x1025.jpg 1536w, https:\/\/grupomidia.com\/quemrealiza\/wp-content\/uploads\/2021\/12\/father-and-dauther-plays-with-puppy-in-pet-shop-2021-08-26-16-26-04-utc-2048x1367.jpg 2048w\" sizes=\"auto, (max-width: 400px) 100vw, 400px\" \/><figcaption id=\"caption-attachment-52004\" class=\"wp-caption-text\">Ado\u00e7\u00e3o de cachorros no isolamento pode ter ocasionado isso<\/figcaption><\/figure>\n<ul>\n<li>Pet shop perto de mim<\/li>\n<li>Vacina da Covid-19 perto de mim<\/li>\n<li>Parque para andar de bicicleta perto de mim<\/li>\n<li>Mercadinho aberto agora perto de mim<\/li>\n<li>Floricultura perto de mim<\/li>\n<li>Padaria perto de mim<\/li>\n<li>Academia perto de mim<\/li>\n<li>Barbearia perto de mim<\/li>\n<li>Vagas perto de mim<\/li>\n<li>Caf\u00e9 para viagem aqui perto<\/li>\n<\/ul>\n<p><strong>Quanto custa<\/strong><\/p>\n<figure id=\"attachment_52005\" aria-describedby=\"caption-attachment-52005\" style=\"width: 400px\" class=\"wp-caption alignnone\"><img loading=\"lazy\" decoding=\"async\" class=\"wp-image-52005\" src=\"https:\/\/grupomidia.com\/quemrealiza\/wp-content\/uploads\/2021\/12\/hospital_de_campanha_coronavirus-158.jpg\" alt=\"\" width=\"400\" height=\"267\" title=\"\" srcset=\"https:\/\/grupomidia.com\/quemrealiza\/wp-content\/uploads\/2021\/12\/hospital_de_campanha_coronavirus-158.jpg 1323w, https:\/\/grupomidia.com\/quemrealiza\/wp-content\/uploads\/2021\/12\/hospital_de_campanha_coronavirus-158-300x200.jpg 300w, https:\/\/grupomidia.com\/quemrealiza\/wp-content\/uploads\/2021\/12\/hospital_de_campanha_coronavirus-158-800x534.jpg 800w, https:\/\/grupomidia.com\/quemrealiza\/wp-content\/uploads\/2021\/12\/hospital_de_campanha_coronavirus-158-768x513.jpg 768w\" sizes=\"auto, (max-width: 400px) 100vw, 400px\" \/><figcaption id=\"caption-attachment-52005\" class=\"wp-caption-text\">Pandemia da Covid-19 e falta de recursos gerou revolta e interesse da popula\u00e7\u00e3o<\/figcaption><\/figure>\n<ul>\n<li>Quanto custa um cilindro de oxig\u00eanio<\/li>\n<li>Quanto custa um implante dent\u00e1rio<\/li>\n<li>Quanto custa o teste de Covid-19<\/li>\n<li>Quanto custa um clareamento dental<\/li>\n<li>Quanto custa uma lipo lad<\/li>\n<li>Quanto custa a ECMO<\/li>\n<li>Quanto custa 1 bitcoin<\/li>\n<li>Quanto custa o ingresso do Rock in Rio 2022<\/li>\n<li>Quanto custa uma faculdade de Medicina<\/li>\n<li>Quanto custa a grama do ouro<\/li>\n<\/ul>\n<p><strong>Atletas Ol\u00edmpicos<\/strong><\/p>\n<figure id=\"attachment_52006\" aria-describedby=\"caption-attachment-52006\" style=\"width: 400px\" class=\"wp-caption alignnone\"><img loading=\"lazy\" decoding=\"async\" class=\"wp-image-52006\" src=\"https:\/\/grupomidia.com\/quemrealiza\/wp-content\/uploads\/2021\/12\/rebeca.jpg\" alt=\"\" width=\"400\" height=\"236\" title=\"\" srcset=\"https:\/\/grupomidia.com\/quemrealiza\/wp-content\/uploads\/2021\/12\/rebeca.jpg 1200w, https:\/\/grupomidia.com\/quemrealiza\/wp-content\/uploads\/2021\/12\/rebeca-300x177.jpg 300w, https:\/\/grupomidia.com\/quemrealiza\/wp-content\/uploads\/2021\/12\/rebeca-800x471.jpg 800w, https:\/\/grupomidia.com\/quemrealiza\/wp-content\/uploads\/2021\/12\/rebeca-768x452.jpg 768w\" sizes=\"auto, (max-width: 400px) 100vw, 400px\" \/><figcaption id=\"caption-attachment-52006\" class=\"wp-caption-text\">Ganhadora ol\u00edmpica fez hist\u00f3ria nas Olimp\u00edadas de T\u00f3quio<\/figcaption><\/figure>\n<ul>\n<li>Rebeca Andrade (Gin\u00e1stica Art\u00edstica)<\/li>\n<li>Isaquias Queiroz (Canoagem)<\/li>\n<li>Simone Biles (Gin\u00e1stica Art\u00edstica)<\/li>\n<li>Rayssa Leal (Skate)<\/li>\n<li>\u00cdtalo Ferreira (Surf)<\/li>\n<li>Maur\u00edcio Souza (V\u00f4lei)<\/li>\n<li>Gabriel Medina (Surf)<\/li>\n<li>Rosamaria Montibeller (V\u00f4lei)<\/li>\n<li>Douglas Souza (V\u00f4lei)<\/li>\n<li>Ana Marcela Cunha (Nata\u00e7\u00e3o)<\/li>\n<\/ul>\n<p><strong>Receitas<\/strong><\/p>\n<figure id=\"attachment_52007\" aria-describedby=\"caption-attachment-52007\" style=\"width: 400px\" class=\"wp-caption alignnone\"><img loading=\"lazy\" decoding=\"async\" class=\"wp-image-52007\" src=\"https:\/\/grupomidia.com\/quemrealiza\/wp-content\/uploads\/2021\/12\/brownie-de-Nescau-do-Igor-Rocha-1.jpg\" alt=\"\" width=\"400\" height=\"225\" title=\"\" srcset=\"https:\/\/grupomidia.com\/quemrealiza\/wp-content\/uploads\/2021\/12\/brownie-de-Nescau-do-Igor-Rocha-1.jpg 1200w, https:\/\/grupomidia.com\/quemrealiza\/wp-content\/uploads\/2021\/12\/brownie-de-Nescau-do-Igor-Rocha-1-300x169.jpg 300w, https:\/\/grupomidia.com\/quemrealiza\/wp-content\/uploads\/2021\/12\/brownie-de-Nescau-do-Igor-Rocha-1-800x450.jpg 800w, https:\/\/grupomidia.com\/quemrealiza\/wp-content\/uploads\/2021\/12\/brownie-de-Nescau-do-Igor-Rocha-1-768x432.jpg 768w\" sizes=\"auto, (max-width: 400px) 100vw, 400px\" \/><figcaption id=\"caption-attachment-52007\" class=\"wp-caption-text\">Receitas pr\u00e1ticas, como Brownie de Nescau, foram uma boa pedida para algo barato e r\u00e1pido<\/figcaption><\/figure>\n<ul>\n<li>Brownie de Nescau<\/li>\n<li>Bolinho de chuva<\/li>\n<li>Bolo de milho verde<\/li>\n<li>Bolo de cenoura de liquidificador<\/li>\n<li>Geleia de amora<\/li>\n<li>Bolo de caneca<\/li>\n<li>Receita de bacalhau com batata<\/li>\n<li>Arroz doce<\/li>\n<li>Strogonoff de frango<\/li>\n<li>Curau de milho<\/li>\n<\/ul>\n<p><strong>Beleza<\/strong><\/p>\n<figure id=\"attachment_52008\" aria-describedby=\"caption-attachment-52008\" style=\"width: 540px\" class=\"wp-caption alignnone\"><img loading=\"lazy\" decoding=\"async\" class=\"wp-image-52008\" src=\"https:\/\/grupomidia.com\/quemrealiza\/wp-content\/uploads\/2021\/12\/top-30-nail-art.jpg\" alt=\"\" width=\"540\" height=\"241\" title=\"\" srcset=\"https:\/\/grupomidia.com\/quemrealiza\/wp-content\/uploads\/2021\/12\/top-30-nail-art.jpg 1800w, https:\/\/grupomidia.com\/quemrealiza\/wp-content\/uploads\/2021\/12\/top-30-nail-art-300x134.jpg 300w, https:\/\/grupomidia.com\/quemrealiza\/wp-content\/uploads\/2021\/12\/top-30-nail-art-800x357.jpg 800w, https:\/\/grupomidia.com\/quemrealiza\/wp-content\/uploads\/2021\/12\/top-30-nail-art-768x343.jpg 768w, https:\/\/grupomidia.com\/quemrealiza\/wp-content\/uploads\/2021\/12\/top-30-nail-art-1536x686.jpg 1536w\" sizes=\"auto, (max-width: 540px) 100vw, 540px\" \/><figcaption id=\"caption-attachment-52008\" class=\"wp-caption-text\">Isolamento social fez com que as pessoas n\u00e3o tivessem medo de ousarem e unhas decoradas conquistaram o cora\u00e7\u00e3o de homens e mulheres<\/figcaption><\/figure>\n<ul>\n<li>Unhas decoradas<\/li>\n<li>\u00c1cido hialur\u00f4nico<\/li>\n<li>Cabelo curto<\/li>\n<li>Alopecia<\/li>\n<li>Piercing no umbigo<\/li>\n<li>Penteados<\/li>\n<li>Paleta de cores<\/li>\n<li>Maquiagem simples<\/li>\n<li>Lash lifting<\/li>\n<li>Design de Sobrancelha<\/li>\n<\/ul>\n<p><strong>Virou meme<\/strong><\/p>\n<figure id=\"attachment_51997\" aria-describedby=\"caption-attachment-51997\" style=\"width: 430px\" class=\"wp-caption alignnone\"><img loading=\"lazy\" decoding=\"async\" class=\"wp-image-51997\" src=\"https:\/\/grupomidia.com\/quemrealiza\/wp-content\/uploads\/2021\/12\/cringe.jpg\" alt=\"\" width=\"430\" height=\"286\" title=\"\" srcset=\"https:\/\/grupomidia.com\/quemrealiza\/wp-content\/uploads\/2021\/12\/cringe.jpg 512w, https:\/\/grupomidia.com\/quemrealiza\/wp-content\/uploads\/2021\/12\/cringe-300x200.jpg 300w\" sizes=\"auto, (max-width: 430px) 100vw, 430px\" \/><figcaption id=\"caption-attachment-51997\" class=\"wp-caption-text\">O uso da palavra Cringe foi um dos grandes destaques do primeiro semestre<\/figcaption><\/figure>\n<ul>\n<li>Cringe<\/li>\n<li>Palmeiras<\/li>\n<li>Mia Khalifa<\/li>\n<li>M\u00f3 Paz<\/li>\n<li>Cremosinho<\/li>\n<li>Pfizer (Pif\u00e1izer)<\/li>\n<li>Memes de frio<\/li>\n<li>BBB21<\/li>\n<li>Round 6<\/li>\n<li>Leite Condensado<\/li>\n<\/ul>\n<p><strong>Como ser<\/strong><\/p>\n<figure id=\"attachment_52010\" aria-describedby=\"caption-attachment-52010\" style=\"width: 400px\" class=\"wp-caption alignnone\"><img loading=\"lazy\" decoding=\"async\" class=\"wp-image-52010\" src=\"https:\/\/grupomidia.com\/quemrealiza\/wp-content\/uploads\/2021\/12\/peaky-blinders-divulgacao.jpg\" alt=\"\" width=\"400\" height=\"240\" title=\"\" srcset=\"https:\/\/grupomidia.com\/quemrealiza\/wp-content\/uploads\/2021\/12\/peaky-blinders-divulgacao.jpg 1200w, https:\/\/grupomidia.com\/quemrealiza\/wp-content\/uploads\/2021\/12\/peaky-blinders-divulgacao-300x180.jpg 300w, https:\/\/grupomidia.com\/quemrealiza\/wp-content\/uploads\/2021\/12\/peaky-blinders-divulgacao-800x480.jpg 800w, https:\/\/grupomidia.com\/quemrealiza\/wp-content\/uploads\/2021\/12\/peaky-blinders-divulgacao-768x461.jpg 768w\" sizes=\"auto, (max-width: 400px) 100vw, 400px\" \/><figcaption id=\"caption-attachment-52010\" class=\"wp-caption-text\">Caracter\u00edstica de Thomas Shelby, da s\u00e9rie Peaky Blinders, inspirou f\u00e3s<\/figcaption><\/figure>\n<ul>\n<li>Como ser uma pessoa fria<\/li>\n<li>Como ser entregador do Mercado Livre<\/li>\n<li>Como ser hacker<\/li>\n<li>Como ser atriz<\/li>\n<li>Como ser modelo<\/li>\n<li>Como ser mais confiante<\/li>\n<li>Como ser mais inteligente<\/li>\n<li>Como ser um bom vendedor<\/li>\n<li>Como ser Uber<\/li>\n<li>Como ser corretor de im\u00f3veis<\/li>\n<\/ul>\n","protected":false},"excerpt":{"rendered":"<p>Dividida em 18 categorias, resultados mostram os maiores interesses da popula\u00e7\u00e3o O Google divulga hoje a lista das\u00a0Buscas do Ano 2021, oferecendo uma retrospectiva com os assuntos, as d\u00favidas, os acontecimentos e as personalidades que estiveram em alta ao longo do ano de acordo com as pesquisas feitas pelos brasileiros na plataforma. As listas apresentam [&hellip;]<\/p>\n","protected":false},"author":7,"featured_media":52011,"comment_status":"closed","ping_status":"closed","sticky":true,"template":"","format":"standard","meta":{"footnotes":""},"categories":[773,67,69,72,75,76],"tags":[],"class_list":["post-51991","post","type-post","status-publish","format-standard","has-post-thumbnail","hentry","category-arq-urban","category-arte-e-cultura","category-cotidiano","category-entretenimento","category-gastronomia","category-moda-beleza"],"wps_subtitle":"Dividida em 18 categorias, resultados mostram os maiores interesses da \u00b4p\u00ed\u00e7a~]ao","_links":{"self":[{"href":"https:\/\/grupomidia.com\/quemrealiza\/wp-json\/wp\/v2\/posts\/51991","targetHints":{"allow":["GET"]}}],"collection":[{"href":"https:\/\/grupomidia.com\/quemrealiza\/wp-json\/wp\/v2\/posts"}],"about":[{"href":"https:\/\/grupomidia.com\/quemrealiza\/wp-json\/wp\/v2\/types\/post"}],"author":[{"embeddable":true,"href":"https:\/\/grupomidia.com\/quemrealiza\/wp-json\/wp\/v2\/users\/7"}],"replies":[{"embeddable":true,"href":"https:\/\/grupomidia.com\/quemrealiza\/wp-json\/wp\/v2\/comments?post=51991"}],"version-history":[{"count":0,"href":"https:\/\/grupomidia.com\/quemrealiza\/wp-json\/wp\/v2\/posts\/51991\/revisions"}],"wp:featuredmedia":[{"embeddable":true,"href":"https:\/\/grupomidia.com\/quemrealiza\/wp-json\/wp\/v2\/media\/52011"}],"wp:attachment":[{"href":"https:\/\/grupomidia.com\/quemrealiza\/wp-json\/wp\/v2\/media?parent=51991"}],"wp:term":[{"taxonomy":"category","embeddable":true,"href":"https:\/\/grupomidia.com\/quemrealiza\/wp-json\/wp\/v2\/categories?post=51991"},{"taxonomy":"post_tag","embeddable":true,"href":"https:\/\/grupomidia.com\/quemrealiza\/wp-json\/wp\/v2\/tags?post=51991"}],"curies":[{"name":"wp","href":"https:\/\/api.w.org\/{rel}","templated":true}]}}