{"id":51944,"date":"2021-08-31T15:41:43","date_gmt":"2021-08-31T18:41:43","guid":{"rendered":"https:\/\/grupomidia.com\/quemrealiza\/?p=51944"},"modified":"2021-08-31T15:41:43","modified_gmt":"2021-08-31T18:41:43","slug":"iiesau-oferece-inovacao-no-ensino-voltado-a-saude","status":"publish","type":"post","link":"https:\/\/grupomidia.com\/quemrealiza\/iiesau-oferece-inovacao-no-ensino-voltado-a-saude\/","title":{"rendered":"IIESAU oferece inova\u00e7\u00e3o no ensino voltado \u00e0 sa\u00fade"},"content":{"rendered":"<h2>Instituto de Ribeir\u00e3o Preto possui projeto revolucion\u00e1rio na \u00e1rea da sa\u00fade<\/h2>\n<p><span style=\"font-weight: 400;\">Fundado por m\u00e9dicos e educadores com grande experi\u00eancia na gest\u00e3o de cl\u00ednicas, hospitais e institui\u00e7\u00f5es educacionais, o IIESAU &#8211; Instituto Internacional de Estudos em Sa\u00fade tem a inten\u00e7\u00e3o de inovar os m\u00e9todos de ensino-aprendizagem nas carreiras da \u00e1rea da sa\u00fade. <\/span><\/p>\n<p><span style=\"font-weight: 400;\">Liderado pelo diretor Luiz F\u00e1bio Mischiatti, a faculdade conta com um projeto pedag\u00f3gico que enriquece a experi\u00eancia de aprendizagem do aluno, colocando-o como protagonista de seu processo de forma\u00e7\u00e3o e preparando-o para exercer, com compet\u00eancia, sua profiss\u00e3o no Brasil e no exterior.<\/span><\/p>\n<p><span style=\"font-weight: 400;\">Seu projeto \u00e9 pautado nos tr\u00eas pilares abaixo, pensado para aqueles que desejam uma s\u00f3lida carreira na \u00e1rea da sa\u00fade. S\u00e3o eles:<\/span><\/p>\n<p><b>Metodologias ativas de aprendizagem:<\/b><span style=\"font-weight: 400;\"> protagonismo do educando, elemento central do processo pedag\u00f3gico, no desenvolvimento de suas habilidades e compet\u00eancias;<\/span><\/p>\n<p><b>Virtualidade:<\/b><span style=\"font-weight: 400;\"> uso inteligente das tecnologias de informa\u00e7\u00e3o e comunica\u00e7\u00e3o para tornar as atividades presenciais mais din\u00e2micas e produtivas, com valoriza\u00e7\u00e3o do \u201caprender a fazer\u201d por meio da aplica\u00e7\u00e3o pr\u00e1tica dos conceitos estudados;\u00a0<\/span><\/p>\n<p><b>Internacionalidade:<\/b><span style=\"font-weight: 400;\"> constru\u00e7\u00e3o de parcerias internacionais para formar um cidad\u00e3o global, preparado para desenvolver sua carreira em qualquer lugar do mundo.<\/span><\/p>\n<p><span style=\"font-weight: 400;\">O corpo docente do IIESAU \u00e9 outro grande diferencial. Formado por mestres e doutores com grande experi\u00eancia acad\u00eamica e profissional em suas \u00e1reas, trata-se de um grupo preparado para oferecer ao educando o melhor em termos de fundamenta\u00e7\u00e3o te\u00f3rica e aplica\u00e7\u00e3o pr\u00e1tica do conhecimento. <\/span><\/p>\n<p><span style=\"font-weight: 400;\">\u201cNossos professores s\u00e3o refer\u00eancias em suas \u00e1reas e pessoas preparadas para acolher e acompanhar o desenvolvimento de cada educando com base em sua experi\u00eancia e expectativas pessoais e profissionais\u201d, revela Mischiatti.\u00a0<\/span><\/p>\n<p><span style=\"font-weight: 400;\">Acreditando que a educa\u00e7\u00e3o \u00e9 algo que pode transformar vidas, o IIESAU est\u00e1 comprometido com forma\u00e7\u00e3o de qualidade para uma carreira de sucesso na \u00e1rea da sa\u00fade e o exerc\u00edcio da cidadania na constru\u00e7\u00e3o de um mundo melhor. <\/span><\/p>\n<p><span style=\"font-weight: 400;\">\u201cPara as pessoas interessadas em uma s\u00f3lida carreira na \u00e1rea da sa\u00fade, recomendamos que venham conhecer nosso diferenciado projeto pedag\u00f3gico. Certamente, o IIESAU ser\u00e1 a institui\u00e7\u00e3o que o levar\u00e1 para o pr\u00f3ximo n\u00edvel da carreira e de seus projetos de vida! Estamos de portas abertas para receb\u00ea-los em nosso campus, localizado em frente ao Parque Curupira, um local tradicional em Ribeir\u00e3o Preto e de f\u00e1cil acesso. As inscri\u00e7\u00f5es para os cursos de gradua\u00e7\u00e3o e p\u00f3s-gradua\u00e7\u00e3o podem ser realizadas em www.<\/span><span style=\"font-weight: 400;\">iiesau.edu.br&#8221;, finaliza o diretor.<\/span><\/p>\n","protected":false},"excerpt":{"rendered":"<p>Instituto de Ribeir\u00e3o Preto possui projeto revolucion\u00e1rio na \u00e1rea da sa\u00fade Fundado por m\u00e9dicos e educadores com grande experi\u00eancia na gest\u00e3o de cl\u00ednicas, hospitais e institui\u00e7\u00f5es educacionais, o IIESAU &#8211; Instituto Internacional de Estudos em Sa\u00fade tem a inten\u00e7\u00e3o de inovar os m\u00e9todos de ensino-aprendizagem nas carreiras da \u00e1rea da sa\u00fade. Liderado pelo diretor Luiz [&hellip;]<\/p>\n","protected":false},"author":7,"featured_media":51945,"comment_status":"closed","ping_status":"closed","sticky":true,"template":"","format":"standard","meta":{"footnotes":""},"categories":[1284],"tags":[2306,2307,2308],"class_list":["post-51944","post","type-post","status-publish","format-standard","has-post-thumbnail","hentry","category-educacao","tag-iiesau","tag-iiesau-instituto-internacional-de-estudos-em-saude","tag-instituto-internacional-de-estudos-em-saude"],"wps_subtitle":"Instituto de Ribeir\u00e3o Preto possui projeto revolucion\u00e1rio na \u00e1rea da sa\u00fade","_links":{"self":[{"href":"https:\/\/grupomidia.com\/quemrealiza\/wp-json\/wp\/v2\/posts\/51944","targetHints":{"allow":["GET"]}}],"collection":[{"href":"https:\/\/grupomidia.com\/quemrealiza\/wp-json\/wp\/v2\/posts"}],"about":[{"href":"https:\/\/grupomidia.com\/quemrealiza\/wp-json\/wp\/v2\/types\/post"}],"author":[{"embeddable":true,"href":"https:\/\/grupomidia.com\/quemrealiza\/wp-json\/wp\/v2\/users\/7"}],"replies":[{"embeddable":true,"href":"https:\/\/grupomidia.com\/quemrealiza\/wp-json\/wp\/v2\/comments?post=51944"}],"version-history":[{"count":0,"href":"https:\/\/grupomidia.com\/quemrealiza\/wp-json\/wp\/v2\/posts\/51944\/revisions"}],"wp:featuredmedia":[{"embeddable":true,"href":"https:\/\/grupomidia.com\/quemrealiza\/wp-json\/wp\/v2\/media\/51945"}],"wp:attachment":[{"href":"https:\/\/grupomidia.com\/quemrealiza\/wp-json\/wp\/v2\/media?parent=51944"}],"wp:term":[{"taxonomy":"category","embeddable":true,"href":"https:\/\/grupomidia.com\/quemrealiza\/wp-json\/wp\/v2\/categories?post=51944"},{"taxonomy":"post_tag","embeddable":true,"href":"https:\/\/grupomidia.com\/quemrealiza\/wp-json\/wp\/v2\/tags?post=51944"}],"curies":[{"name":"wp","href":"https:\/\/api.w.org\/{rel}","templated":true}]}}