{"id":51866,"date":"2021-07-19T10:52:39","date_gmt":"2021-07-19T13:52:39","guid":{"rendered":"https:\/\/grupomidia.com\/quemrealiza\/?p=51866"},"modified":"2021-07-19T10:53:28","modified_gmt":"2021-07-19T13:53:28","slug":"medica-combate-a-desinformacao-sobre-os-tratamentos-da-covid-19-nas-criancas","status":"publish","type":"post","link":"https:\/\/grupomidia.com\/quemrealiza\/medica-combate-a-desinformacao-sobre-os-tratamentos-da-covid-19-nas-criancas\/","title":{"rendered":"M\u00e9dica combate a desinforma\u00e7\u00e3o sobre os tratamentos da Covid 19 nas crian\u00e7as"},"content":{"rendered":"<h2>A pediatra Ana Paula Bletran Moschine Castro explica o que \u00e9 fato e o que \u00e9 fake sobre a doen\u00e7a nos pequeninos<\/h2>\n<p>Do dia para a noite, a rotina das crian\u00e7as virou de cabe\u00e7a para baixo. Atividades comuns como ir \u00e0 escola, brincar no parque, encontrar os amigos foram canceladas e as fam\u00edlias precisaram adaptar-se \u00e0 nova realidade atendendo \u00e0s medidas de seguran\u00e7a impostas pela pandemia.<\/p>\n<p>Desde o in\u00edcio da pandemia, h\u00e1bitos como lavar as m\u00e3os, usar m\u00e1scaras, \u00e1lcool gel e manter o distanciamento f\u00edsico, entraram no cronograma de novos comportamentos dos pequenos.<\/p>\n<p>As recomenda\u00e7\u00f5es das principais autoridades no assunto, para promover a sa\u00fade, foram seguidas \u00e0 risca por muitas fam\u00edlias, mas h\u00e1 casos em que a preocupa\u00e7\u00e3o de pais e m\u00e3es para garantir a seguran\u00e7a dos filhos, foi al\u00e9m das orienta\u00e7\u00f5es respaldadas por estudos.<\/p>\n<p>&#8220;A busca por informa\u00e7\u00e3o \u00e9 constante e \u00e9 v\u00e1lida, mas \u00e9 fundamental que ela venha de fontes confi\u00e1veis. Muito se falou sobre os impactos da doen\u00e7a nos pequenos, mas \u00e9 preciso cautela com estes dados. Combater a desinforma\u00e7\u00e3o se tornou a miss\u00e3o de todos&#8221;, declarou a m\u00e9dica pediatra Ana Paula Beltran Moschione Castro, (CRM 69748 &#8211; SP).<\/p>\n<p>No Brasil, onde a doen\u00e7a j\u00e1 tirou a vida de mais de 540 mil pessoas, os dados do da Sociedade Brasileira de Pediatria e Minist\u00e9rio da Sa\u00fade apontam entre mar\u00e7o de 2020 e in\u00edcio de junho de 2021, mais de 15 mil crian\u00e7as foram internadas com Covid-19 e mais de 948 pacientes, de 0 a 9 anos, perderam a batalha contra a Covid-19.<\/p>\n<p>Para entender melhor como a doen\u00e7a afeta pacientes desta faixa et\u00e1ria, convidamos a especialista que esclareceu algumas informa\u00e7\u00f5es encontradas na internet:<\/p>\n<p><strong>1.\u00c9 verdade que a Covid 19 afeta crian\u00e7as de todas as idades?<\/strong><\/p>\n<p>Sim. Crian\u00e7as de todas as idades podem ser contaminadas pelo Coronav\u00edrus. Em muitos casos, de forma assintom\u00e1tica. Em outros, h\u00e1 relatos de sintomas leves, como febre baixa, tosse e certa fadiga.<\/p>\n<p>Houve alguns casos considerados mais graves, mas em pouca quantidade. Crian\u00e7as com problemas de sa\u00fade pr\u00e9-existentes oferecem riscos maior de contrair a forma mais grave da doen\u00e7a.<\/p>\n<p><strong>2.H\u00e1 vacinas dispon\u00edveis para crian\u00e7as?<\/strong><\/p>\n<p>O Brasil oferece tr\u00eas tipos de vacinas contra a Covid-19. A Coronavac, fabricada pelo Instituto Butantan, a Oxford\/Astrazeneca, envazada pela Fiocruz, e a vacina da Pfizer\/ BioNTech, mas novas apresenta\u00e7\u00f5es podem ser aprovadas pela ANVISA a qualquer momento.<\/p>\n<p>Recentemente, a ANVISA acenou coma aprova\u00e7\u00e3o em car\u00e1ter emergencial da vacina produzida pela Jansen. Ainda mais recentemente, a ANVISA destacou que a vacina contra Covid-19 produzida pela Pfizer pode ser aplicada em crian\u00e7as a partir dos 12 anos de idade.<\/p>\n<p>Nos EUA, a Moderna anunciou que j\u00e1 est\u00e1 fazendo estudos sobre a aplica\u00e7\u00e3o em crian\u00e7as. O plano que tamb\u00e9m est\u00e1 na pauta da Johnson &amp; Johnson. Esses estudos ajudam a confirmar se as vacinas s\u00e3o eficazes e identificar a dose ideal por faixa et\u00e1ria.<\/p>\n<p><strong>3.As crian\u00e7as t\u00eam mais probabilidade de espalhar o v\u00edrus?<\/strong><\/p>\n<p>N\u00e3o \u00e9 bem assim. Acontece que as crian\u00e7as infectadas, em muitos casos, n\u00e3o manifestam sintomas e acabam interagindo com um p\u00fablico mais suscet\u00edvel \u00e0 doen\u00e7a.<\/p>\n<p>Mas ainda n\u00e3o h\u00e1 uma base concreta de estudos que certifique o n\u00edvel de contamina\u00e7\u00e3o carregado por esse p\u00fablico.<\/p>\n<p><strong>4.Estou gr\u00e1vida e pretendo amamentar. Posso tomar vacina contra a Covid-19? \u00c9 arriscado para a crian\u00e7a?<\/strong><\/p>\n<p>Os estudos apresentados pelo Col\u00e9gio Americano de Obstetr\u00edcia e Ginecologia e Sociedade de Medicina Materno-Fetal indicaram que as vacinas de mRNA Covid-19, desenvolvidas pela Pfizer\/Biontech e Moderna, podem ser administradas em gr\u00e1vidas e lactantes.<\/p>\n<p>Em ambos casos, a melhor op\u00e7\u00e3o \u00e9 ouvir o m\u00e9dico que est\u00e1 acompanhado a gesta\u00e7\u00e3o e sa\u00fade da mulher.<\/p>\n<p><strong>5.Qual o tratamento ideal para crian\u00e7as com Covid 19?<\/strong><\/p>\n<p>Assim que diagnosticada a doen\u00e7a, o primeiro passo \u00e9 iniciar o tratamento com as op\u00e7\u00f5es mais seguras. A ind\u00fastria farmac\u00eautica disp\u00f5e de um portf\u00f3lio fundamental nesta jornada, como o ibuprofeno.<\/p>\n<p>A mol\u00e9cula tem 60 anos de mercado \u00e9 a mais estudada da atualidade. Recentemente, a Organiza\u00e7\u00e3o Mundial da Sa\u00fade incluiu o ibuprofeno, entre outros princ\u00edpios ativos, como medicamentos a serem utilizados para o tratamento dos sintomas da Covid-19, como dor e febre, em adultos e crian\u00e7as.<\/p>\n","protected":false},"excerpt":{"rendered":"<p>A pediatra Ana Paula Bletran Moschine Castro explica o que \u00e9 fato e o que \u00e9 fake sobre a doen\u00e7a nos pequeninos Do dia para a noite, a rotina das crian\u00e7as virou de cabe\u00e7a para baixo. Atividades comuns como ir \u00e0 escola, brincar no parque, encontrar os amigos foram canceladas e as fam\u00edlias precisaram adaptar-se [&hellip;]<\/p>\n","protected":false},"author":7,"featured_media":51867,"comment_status":"closed","ping_status":"closed","sticky":true,"template":"","format":"standard","meta":{"footnotes":""},"categories":[1284,68],"tags":[2128,1008,1110,2273,586,2275,2274],"class_list":["post-51866","post","type-post","status-publish","format-standard","has-post-thumbnail","hentry","category-educacao","category-saude-bem-estar","tag-covid","tag-covid-19","tag-criancas","tag-desinformacao","tag-fake-news","tag-medica","tag-medicina"],"wps_subtitle":"A pediatra Ana Paula Bletran Moschine Castro explica o que \u00e9 fato e o que \u00e9 fake sobre a doen\u00e7a nos pequeninos","_links":{"self":[{"href":"https:\/\/grupomidia.com\/quemrealiza\/wp-json\/wp\/v2\/posts\/51866","targetHints":{"allow":["GET"]}}],"collection":[{"href":"https:\/\/grupomidia.com\/quemrealiza\/wp-json\/wp\/v2\/posts"}],"about":[{"href":"https:\/\/grupomidia.com\/quemrealiza\/wp-json\/wp\/v2\/types\/post"}],"author":[{"embeddable":true,"href":"https:\/\/grupomidia.com\/quemrealiza\/wp-json\/wp\/v2\/users\/7"}],"replies":[{"embeddable":true,"href":"https:\/\/grupomidia.com\/quemrealiza\/wp-json\/wp\/v2\/comments?post=51866"}],"version-history":[{"count":0,"href":"https:\/\/grupomidia.com\/quemrealiza\/wp-json\/wp\/v2\/posts\/51866\/revisions"}],"wp:featuredmedia":[{"embeddable":true,"href":"https:\/\/grupomidia.com\/quemrealiza\/wp-json\/wp\/v2\/media\/51867"}],"wp:attachment":[{"href":"https:\/\/grupomidia.com\/quemrealiza\/wp-json\/wp\/v2\/media?parent=51866"}],"wp:term":[{"taxonomy":"category","embeddable":true,"href":"https:\/\/grupomidia.com\/quemrealiza\/wp-json\/wp\/v2\/categories?post=51866"},{"taxonomy":"post_tag","embeddable":true,"href":"https:\/\/grupomidia.com\/quemrealiza\/wp-json\/wp\/v2\/tags?post=51866"}],"curies":[{"name":"wp","href":"https:\/\/api.w.org\/{rel}","templated":true}]}}