{"id":51846,"date":"2021-07-14T10:51:16","date_gmt":"2021-07-14T13:51:16","guid":{"rendered":"https:\/\/grupomidia.com\/quemrealiza\/?p=51846"},"modified":"2021-07-14T10:55:13","modified_gmt":"2021-07-14T13:55:13","slug":"os-melhores-destinos-e-atracoes-da-suica","status":"publish","type":"post","link":"https:\/\/grupomidia.com\/quemrealiza\/os-melhores-destinos-e-atracoes-da-suica\/","title":{"rendered":"Os melhores destinos e atra\u00e7\u00f5es da Sui\u00e7a"},"content":{"rendered":"<h2>Saiba quais cidades e pontos tur\u00edsticos n\u00e3o podem faltar do seu roteiro<\/h2>\n<p>A Su\u00ed\u00e7a \u00e9 um destino tur\u00edstico muito conhecido e adorado pelos visitantes por conta do seu grande n\u00famero de lagos, alpes com os picos sempre nevados, esta\u00e7\u00f5es de esqui, cidades medievais e charmosas, al\u00e9m dos famosos chocolates e rel\u00f3gios su\u00ed\u00e7os.<\/p>\n<p>Como \u00e9 um destino com muitas atra\u00e7\u00f5es e possibilidades para todo tipo de viajante, pode ser dif\u00edcil definir o itiner\u00e1rio ideal. Pensando nisso, a Abreu, especialista em levar turistas para os melhores destinos ao redor do globo, preparou um roteiro para curtir as principais atra\u00e7\u00f5es na Su\u00ed\u00e7a.<\/p>\n<p><strong>Genebra<\/strong><\/p>\n<figure id=\"attachment_51855\" aria-describedby=\"caption-attachment-51855\" style=\"width: 600px\" class=\"wp-caption aligncenter\"><img loading=\"lazy\" decoding=\"async\" class=\"wp-image-51855\" src=\"https:\/\/grupomidia.com\/quemrealiza\/wp-content\/uploads\/2021\/07\/Genebra_-Copyright-Switzerland-Tourism-_-Jan-Geerk.jpg\" alt=\"\" width=\"600\" height=\"400\" title=\"\" srcset=\"https:\/\/grupomidia.com\/quemrealiza\/wp-content\/uploads\/2021\/07\/Genebra_-Copyright-Switzerland-Tourism-_-Jan-Geerk.jpg 2500w, https:\/\/grupomidia.com\/quemrealiza\/wp-content\/uploads\/2021\/07\/Genebra_-Copyright-Switzerland-Tourism-_-Jan-Geerk-300x200.jpg 300w, https:\/\/grupomidia.com\/quemrealiza\/wp-content\/uploads\/2021\/07\/Genebra_-Copyright-Switzerland-Tourism-_-Jan-Geerk-800x533.jpg 800w, https:\/\/grupomidia.com\/quemrealiza\/wp-content\/uploads\/2021\/07\/Genebra_-Copyright-Switzerland-Tourism-_-Jan-Geerk-768x512.jpg 768w, https:\/\/grupomidia.com\/quemrealiza\/wp-content\/uploads\/2021\/07\/Genebra_-Copyright-Switzerland-Tourism-_-Jan-Geerk-1536x1024.jpg 1536w, https:\/\/grupomidia.com\/quemrealiza\/wp-content\/uploads\/2021\/07\/Genebra_-Copyright-Switzerland-Tourism-_-Jan-Geerk-2048x1365.jpg 2048w\" sizes=\"auto, (max-width: 600px) 100vw, 600px\" \/><figcaption id=\"caption-attachment-51855\" class=\"wp-caption-text\">Por Jan Geerk<\/figcaption><\/figure>\n<p>Esta \u00e9 a cidade mais internacional da Su\u00ed\u00e7a, pois \u00e9 sede europeia da ONU e da Cruz Vermelha Internacional. \u00c9 tamb\u00e9m centro de cultura e hist\u00f3ria.<\/p>\n<p>Recomendamos um passeio pela parte hist\u00f3rica da cidade, onde ficam as \u00e1reas comercial e financeira.<\/p>\n<p>Comece o passeio pela Catedral de S\u00e3o Pedro e pela Place du Bourg-de-Four, a pra\u00e7a mais antiga da cidade. N\u00e3o deixe de caminhar pela Grand Rue, uma das ruas mais bem preservadas do centro, e de desfrutar de um passeio de barco pelo Lago Genebra.<\/p>\n<p><strong>Lausanne<\/strong><\/p>\n<figure id=\"attachment_51849\" aria-describedby=\"caption-attachment-51849\" style=\"width: 600px\" class=\"wp-caption aligncenter\"><img loading=\"lazy\" decoding=\"async\" class=\"wp-image-51849\" src=\"https:\/\/grupomidia.com\/quemrealiza\/wp-content\/uploads\/2021\/07\/Lausanne_Copyright-Switzerland-Tourism.jpg\" alt=\"\" width=\"600\" height=\"400\" title=\"\" srcset=\"https:\/\/grupomidia.com\/quemrealiza\/wp-content\/uploads\/2021\/07\/Lausanne_Copyright-Switzerland-Tourism.jpg 2500w, https:\/\/grupomidia.com\/quemrealiza\/wp-content\/uploads\/2021\/07\/Lausanne_Copyright-Switzerland-Tourism-300x200.jpg 300w, https:\/\/grupomidia.com\/quemrealiza\/wp-content\/uploads\/2021\/07\/Lausanne_Copyright-Switzerland-Tourism-800x533.jpg 800w, https:\/\/grupomidia.com\/quemrealiza\/wp-content\/uploads\/2021\/07\/Lausanne_Copyright-Switzerland-Tourism-768x512.jpg 768w, https:\/\/grupomidia.com\/quemrealiza\/wp-content\/uploads\/2021\/07\/Lausanne_Copyright-Switzerland-Tourism-1536x1024.jpg 1536w, https:\/\/grupomidia.com\/quemrealiza\/wp-content\/uploads\/2021\/07\/Lausanne_Copyright-Switzerland-Tourism-2048x1366.jpg 2048w\" sizes=\"auto, (max-width: 600px) 100vw, 600px\" \/><figcaption id=\"caption-attachment-51849\" class=\"wp-caption-text\">Divulga\u00e7\u00e3o<\/figcaption><\/figure>\n<p>A segunda maior cidade \u00e0s margens do Lago Genebra foi constru\u00edda sobre tr\u00eas grandes montanhas cobertas de vinhedos. Esta animada cidade universit\u00e1ria \u00e9 sede do Comit\u00ea Ol\u00edmpico Internacional e do Museu Ol\u00edmpico, o maior centro de informa\u00e7\u00f5es do mundo sobre os Jogos Ol\u00edmpicos.<\/p>\n<p>A dica \u00e9 passear pelo centro hist\u00f3rico de Lausanne e visitar a mais bela Catedral G\u00f3tica da Su\u00ed\u00e7a e o Pal\u00e1cio de Rumine, uma verdadeira obra-prima da arquitetura em estilo renascentista florentino.<\/p>\n<p><strong>Zona de Zermatt e Interlaken<\/strong><\/p>\n<figure id=\"attachment_51852\" aria-describedby=\"caption-attachment-51852\" style=\"width: 600px\" class=\"wp-caption aligncenter\"><img loading=\"lazy\" decoding=\"async\" class=\"wp-image-51852\" src=\"https:\/\/grupomidia.com\/quemrealiza\/wp-content\/uploads\/2021\/07\/Trem_LagoBianco_Copyright-Switzerland-Tourism.jpg\" alt=\"\" width=\"600\" height=\"400\" title=\"\" srcset=\"https:\/\/grupomidia.com\/quemrealiza\/wp-content\/uploads\/2021\/07\/Trem_LagoBianco_Copyright-Switzerland-Tourism.jpg 2500w, https:\/\/grupomidia.com\/quemrealiza\/wp-content\/uploads\/2021\/07\/Trem_LagoBianco_Copyright-Switzerland-Tourism-300x200.jpg 300w, https:\/\/grupomidia.com\/quemrealiza\/wp-content\/uploads\/2021\/07\/Trem_LagoBianco_Copyright-Switzerland-Tourism-800x533.jpg 800w, https:\/\/grupomidia.com\/quemrealiza\/wp-content\/uploads\/2021\/07\/Trem_LagoBianco_Copyright-Switzerland-Tourism-768x512.jpg 768w, https:\/\/grupomidia.com\/quemrealiza\/wp-content\/uploads\/2021\/07\/Trem_LagoBianco_Copyright-Switzerland-Tourism-1536x1024.jpg 1536w, https:\/\/grupomidia.com\/quemrealiza\/wp-content\/uploads\/2021\/07\/Trem_LagoBianco_Copyright-Switzerland-Tourism-2048x1366.jpg 2048w\" sizes=\"auto, (max-width: 600px) 100vw, 600px\" \/><figcaption id=\"caption-attachment-51852\" class=\"wp-caption-text\">Divulga\u00e7\u00e3o<\/figcaption><\/figure>\n<p>Zermatt \u00e9 um famoso destino alpino situado no sop\u00e9 do monte Matterhorn.<\/p>\n<p>Uma das possibilidades que a Abreu sugere \u00e9 subir at\u00e9 Gornergrat (a 3.089 metros de altitude) e admirar a maravilhosa vista para os m\u00edticos montes Cervino, Monte Rosa e Pico Dufour &#8211; o mais alto dos alpes su\u00ed\u00e7os.<\/p>\n<p>Em Interlaken, a sugest\u00e3o \u00e9 fazer uma excurs\u00e3o ao Vale de Lauterbrunnen para apanhar o famoso trem de montanha Kleine Scheidegg, a 2 mil metros de altitude, de onde se tem uma vista impressionante sobre os picos de M\u00f6nch, Eiger e Jungfrau.<\/p>\n<p><strong>Lucerna<\/strong><\/p>\n<figure id=\"attachment_51850\" aria-describedby=\"caption-attachment-51850\" style=\"width: 600px\" class=\"wp-caption aligncenter\"><img loading=\"lazy\" decoding=\"async\" class=\"wp-image-51850\" src=\"https:\/\/grupomidia.com\/quemrealiza\/wp-content\/uploads\/2021\/07\/Lucerna_Copyright-Switzerland-Tourism_Jan-Geerk.jpg\" alt=\"\" width=\"600\" height=\"400\" title=\"\" srcset=\"https:\/\/grupomidia.com\/quemrealiza\/wp-content\/uploads\/2021\/07\/Lucerna_Copyright-Switzerland-Tourism_Jan-Geerk.jpg 2500w, https:\/\/grupomidia.com\/quemrealiza\/wp-content\/uploads\/2021\/07\/Lucerna_Copyright-Switzerland-Tourism_Jan-Geerk-300x200.jpg 300w, https:\/\/grupomidia.com\/quemrealiza\/wp-content\/uploads\/2021\/07\/Lucerna_Copyright-Switzerland-Tourism_Jan-Geerk-800x533.jpg 800w, https:\/\/grupomidia.com\/quemrealiza\/wp-content\/uploads\/2021\/07\/Lucerna_Copyright-Switzerland-Tourism_Jan-Geerk-768x512.jpg 768w, https:\/\/grupomidia.com\/quemrealiza\/wp-content\/uploads\/2021\/07\/Lucerna_Copyright-Switzerland-Tourism_Jan-Geerk-1536x1024.jpg 1536w, https:\/\/grupomidia.com\/quemrealiza\/wp-content\/uploads\/2021\/07\/Lucerna_Copyright-Switzerland-Tourism_Jan-Geerk-2048x1366.jpg 2048w\" sizes=\"auto, (max-width: 600px) 100vw, 600px\" \/><figcaption id=\"caption-attachment-51850\" class=\"wp-caption-text\">Por: Jan Geerk<\/figcaption><\/figure>\n<p>Situada \u00e0s margens do lago dos Quatro Cant\u00f5es, Lucerna \u00e9 uma das cidades mais bonitas da Su\u00ed\u00e7a, com edif\u00edcios, pra\u00e7as e ruas conservados como nos tempos medievais.<\/p>\n<p>Seu principal cart\u00e3o-postal \u00e9 a Ponte da Capela, pe\u00e7a central da paisagem urbana e uma das mais antigas pontes de madeira cobertas da Europa.<\/p>\n<p>Segundo a Abreu, uma visita ao Museggmauer \u00e9 imperd\u00edvel: uma muralha preservada que fortificava toda a cidade.<\/p>\n<p><strong>Zurique<\/strong><\/p>\n<figure id=\"attachment_51851\" aria-describedby=\"caption-attachment-51851\" style=\"width: 600px\" class=\"wp-caption aligncenter\"><img loading=\"lazy\" decoding=\"async\" class=\"wp-image-51851\" src=\"https:\/\/grupomidia.com\/quemrealiza\/wp-content\/uploads\/2021\/07\/Zurique_Copyright-Schweiz-Tourismus-_-Daniel-Loosli-1.jpg\" alt=\"\" width=\"600\" height=\"396\" title=\"\" srcset=\"https:\/\/grupomidia.com\/quemrealiza\/wp-content\/uploads\/2021\/07\/Zurique_Copyright-Schweiz-Tourismus-_-Daniel-Loosli-1.jpg 2500w, https:\/\/grupomidia.com\/quemrealiza\/wp-content\/uploads\/2021\/07\/Zurique_Copyright-Schweiz-Tourismus-_-Daniel-Loosli-1-300x198.jpg 300w, https:\/\/grupomidia.com\/quemrealiza\/wp-content\/uploads\/2021\/07\/Zurique_Copyright-Schweiz-Tourismus-_-Daniel-Loosli-1-800x528.jpg 800w, https:\/\/grupomidia.com\/quemrealiza\/wp-content\/uploads\/2021\/07\/Zurique_Copyright-Schweiz-Tourismus-_-Daniel-Loosli-1-768x507.jpg 768w, https:\/\/grupomidia.com\/quemrealiza\/wp-content\/uploads\/2021\/07\/Zurique_Copyright-Schweiz-Tourismus-_-Daniel-Loosli-1-1536x1014.jpg 1536w, https:\/\/grupomidia.com\/quemrealiza\/wp-content\/uploads\/2021\/07\/Zurique_Copyright-Schweiz-Tourismus-_-Daniel-Loosli-1-2048x1352.jpg 2048w\" sizes=\"auto, (max-width: 600px) 100vw, 600px\" \/><figcaption id=\"caption-attachment-51851\" class=\"wp-caption-text\">Por Daniel Loosli<\/figcaption><\/figure>\n<p>Este destino multicultural \u00e9 uma importante metr\u00f3pole, que oferece atra\u00e7\u00f5es e experi\u00eancias culturais \u00fanicas. S\u00e3o mais de 50 museus e mais de cem galerias de arte, al\u00e9m de uma vida noturna animada e extravagante.<\/p>\n<p>Entre os passeios recomendados est\u00e3o a Bahnhofstrasse, principal avenida do centro da cidade; a colina de Lindenhof, na zona hist\u00f3rica da cidade; Schipfe, o velho bairro de pescadores, nas margens do rio Limmat; e a Rathaus-Br\u00fccke, a ponte mais antiga de Zurique.<\/p>\n<p><strong>Schaffhausen<\/strong><\/p>\n<figure id=\"attachment_51858\" aria-describedby=\"caption-attachment-51858\" style=\"width: 600px\" class=\"wp-caption aligncenter\"><img loading=\"lazy\" decoding=\"async\" class=\"wp-image-51858\" src=\"https:\/\/grupomidia.com\/quemrealiza\/wp-content\/uploads\/2021\/07\/Zermatt_Copyright-Switzerland-Tourism_Roland-Gerth.jpg\" alt=\"\" width=\"600\" height=\"400\" title=\"\" srcset=\"https:\/\/grupomidia.com\/quemrealiza\/wp-content\/uploads\/2021\/07\/Zermatt_Copyright-Switzerland-Tourism_Roland-Gerth.jpg 2500w, https:\/\/grupomidia.com\/quemrealiza\/wp-content\/uploads\/2021\/07\/Zermatt_Copyright-Switzerland-Tourism_Roland-Gerth-300x200.jpg 300w, https:\/\/grupomidia.com\/quemrealiza\/wp-content\/uploads\/2021\/07\/Zermatt_Copyright-Switzerland-Tourism_Roland-Gerth-800x533.jpg 800w, https:\/\/grupomidia.com\/quemrealiza\/wp-content\/uploads\/2021\/07\/Zermatt_Copyright-Switzerland-Tourism_Roland-Gerth-768x512.jpg 768w, https:\/\/grupomidia.com\/quemrealiza\/wp-content\/uploads\/2021\/07\/Zermatt_Copyright-Switzerland-Tourism_Roland-Gerth-1536x1024.jpg 1536w, https:\/\/grupomidia.com\/quemrealiza\/wp-content\/uploads\/2021\/07\/Zermatt_Copyright-Switzerland-Tourism_Roland-Gerth-2048x1366.jpg 2048w\" sizes=\"auto, (max-width: 600px) 100vw, 600px\" \/><figcaption id=\"caption-attachment-51858\" class=\"wp-caption-text\">Por Roland Gerth<\/figcaption><\/figure>\n<p>Rodeada por vinhedos, entre a Floresta Negra e o Lago Constan\u00e7a, Schaffhausen \u00e9 um popular destino de f\u00e9rias na Su\u00ed\u00e7a. Seu s\u00edmbolo \u00e9 a fortaleza de Munot, constru\u00edda entre 1564 e 1589, que pode ser vista a quil\u00f4metros de dist\u00e2ncia. O centro hist\u00f3rico \u00e9 considerado um dos mais bonitos do pa\u00eds, com suas janelas envidra\u00e7adas e fachadas pintadas. Em seu roteiro, a Abreu recomenda um passeio de barco para assistir ao grandioso espet\u00e1culo das quedas do rio Reno.<\/p>\n<p><strong>Montreux<\/strong><\/p>\n<figure id=\"attachment_51853\" aria-describedby=\"caption-attachment-51853\" style=\"width: 700px\" class=\"wp-caption aligncenter\"><img loading=\"lazy\" decoding=\"async\" class=\"wp-image-51853\" src=\"https:\/\/grupomidia.com\/quemrealiza\/wp-content\/uploads\/2021\/07\/Montreux_Copyright-Switzerland-Tourism-_-Jan-Geerk-.jpg\" alt=\"\" width=\"700\" height=\"238\" title=\"\" srcset=\"https:\/\/grupomidia.com\/quemrealiza\/wp-content\/uploads\/2021\/07\/Montreux_Copyright-Switzerland-Tourism-_-Jan-Geerk-.jpg 2500w, https:\/\/grupomidia.com\/quemrealiza\/wp-content\/uploads\/2021\/07\/Montreux_Copyright-Switzerland-Tourism-_-Jan-Geerk--300x102.jpg 300w, https:\/\/grupomidia.com\/quemrealiza\/wp-content\/uploads\/2021\/07\/Montreux_Copyright-Switzerland-Tourism-_-Jan-Geerk--800x272.jpg 800w, https:\/\/grupomidia.com\/quemrealiza\/wp-content\/uploads\/2021\/07\/Montreux_Copyright-Switzerland-Tourism-_-Jan-Geerk--768x261.jpg 768w, https:\/\/grupomidia.com\/quemrealiza\/wp-content\/uploads\/2021\/07\/Montreux_Copyright-Switzerland-Tourism-_-Jan-Geerk--1536x522.jpg 1536w, https:\/\/grupomidia.com\/quemrealiza\/wp-content\/uploads\/2021\/07\/Montreux_Copyright-Switzerland-Tourism-_-Jan-Geerk--2048x696.jpg 2048w\" sizes=\"auto, (max-width: 700px) 100vw, 700px\" \/><figcaption id=\"caption-attachment-51853\" class=\"wp-caption-text\">Por: Jan Geerk<\/figcaption><\/figure>\n<p>Encrustada em uma ba\u00eda protegida do Lago de Genebra, Montreux \u00e9 rodeada por vinhedos e tem os alpes como pano de fundo. A regi\u00e3o \u00e9 muito conhecida por suas id\u00edlicas paisagens e pela sua produ\u00e7\u00e3o de queijos. Seu extenso cal\u00e7ad\u00e3o \u00e0s margens do lago \u00e9 decorado com flores por todo caminho at\u00e9 o Castelo de Chillon. N\u00e3o deixe de visitar o magn\u00edfico Fairmont Le Montreux Palace, uma bela constru\u00e7\u00e3o do auge da Belle \u00c9poque.<\/p>\n<p><strong>Viaje pelos destinos su\u00ed\u00e7os em um trem panor\u00e2mico<\/strong><\/p>\n<figure id=\"attachment_51848\" aria-describedby=\"caption-attachment-51848\" style=\"width: 600px\" class=\"wp-caption aligncenter\"><img loading=\"lazy\" decoding=\"async\" class=\"wp-image-51848\" src=\"https:\/\/grupomidia.com\/quemrealiza\/wp-content\/uploads\/2021\/07\/Glacier-Express_Copyright-Schweiz-Tourismus_Christof-Sonderegger.jpg\" alt=\"\" width=\"600\" height=\"400\" title=\"\" srcset=\"https:\/\/grupomidia.com\/quemrealiza\/wp-content\/uploads\/2021\/07\/Glacier-Express_Copyright-Schweiz-Tourismus_Christof-Sonderegger.jpg 2500w, https:\/\/grupomidia.com\/quemrealiza\/wp-content\/uploads\/2021\/07\/Glacier-Express_Copyright-Schweiz-Tourismus_Christof-Sonderegger-300x200.jpg 300w, https:\/\/grupomidia.com\/quemrealiza\/wp-content\/uploads\/2021\/07\/Glacier-Express_Copyright-Schweiz-Tourismus_Christof-Sonderegger-800x533.jpg 800w, https:\/\/grupomidia.com\/quemrealiza\/wp-content\/uploads\/2021\/07\/Glacier-Express_Copyright-Schweiz-Tourismus_Christof-Sonderegger-768x512.jpg 768w, https:\/\/grupomidia.com\/quemrealiza\/wp-content\/uploads\/2021\/07\/Glacier-Express_Copyright-Schweiz-Tourismus_Christof-Sonderegger-1536x1024.jpg 1536w, https:\/\/grupomidia.com\/quemrealiza\/wp-content\/uploads\/2021\/07\/Glacier-Express_Copyright-Schweiz-Tourismus_Christof-Sonderegger-2048x1366.jpg 2048w\" sizes=\"auto, (max-width: 600px) 100vw, 600px\" \/><figcaption id=\"caption-attachment-51848\" class=\"wp-caption-text\">Por: Christof Sonderegge<\/figcaption><\/figure>\n<p>A Abreu ainda tem uma dica extra para quem visita a Su\u00ed\u00e7a e quer desfrutar de toda beleza da regi\u00e3o: realizar um roteiro de trem panor\u00e2mico pelas belas cidades, desfrutando de todo conforto a bordo e da vis\u00e3o espetacular das paisagens pelo caminho. Esta \u00e9 uma \u00f3tima alternativa para o viajante que prefere passeios mais tranquilos e que n\u00e3o quer perder um \u00fanico detalhe da viagem.<\/p>\n","protected":false},"excerpt":{"rendered":"<p>Saiba quais cidades e pontos tur\u00edsticos n\u00e3o podem faltar do seu roteiro A Su\u00ed\u00e7a \u00e9 um destino tur\u00edstico muito conhecido e adorado pelos visitantes por conta do seu grande n\u00famero de lagos, alpes com os picos sempre nevados, esta\u00e7\u00f5es de esqui, cidades medievais e charmosas, al\u00e9m dos famosos chocolates e rel\u00f3gios su\u00ed\u00e7os. Como \u00e9 um [&hellip;]<\/p>\n","protected":false},"author":7,"featured_media":51856,"comment_status":"closed","ping_status":"closed","sticky":true,"template":"","format":"standard","meta":{"footnotes":""},"categories":[82],"tags":[2248,310],"class_list":["post-51846","post","type-post","status-publish","format-standard","has-post-thumbnail","hentry","category-destino","tag-suica","tag-viagem"],"wps_subtitle":"Saiba quais cidades e pontos tur\u00edsticos n\u00e3o podem faltar do seu roteiro","_links":{"self":[{"href":"https:\/\/grupomidia.com\/quemrealiza\/wp-json\/wp\/v2\/posts\/51846","targetHints":{"allow":["GET"]}}],"collection":[{"href":"https:\/\/grupomidia.com\/quemrealiza\/wp-json\/wp\/v2\/posts"}],"about":[{"href":"https:\/\/grupomidia.com\/quemrealiza\/wp-json\/wp\/v2\/types\/post"}],"author":[{"embeddable":true,"href":"https:\/\/grupomidia.com\/quemrealiza\/wp-json\/wp\/v2\/users\/7"}],"replies":[{"embeddable":true,"href":"https:\/\/grupomidia.com\/quemrealiza\/wp-json\/wp\/v2\/comments?post=51846"}],"version-history":[{"count":0,"href":"https:\/\/grupomidia.com\/quemrealiza\/wp-json\/wp\/v2\/posts\/51846\/revisions"}],"wp:featuredmedia":[{"embeddable":true,"href":"https:\/\/grupomidia.com\/quemrealiza\/wp-json\/wp\/v2\/media\/51856"}],"wp:attachment":[{"href":"https:\/\/grupomidia.com\/quemrealiza\/wp-json\/wp\/v2\/media?parent=51846"}],"wp:term":[{"taxonomy":"category","embeddable":true,"href":"https:\/\/grupomidia.com\/quemrealiza\/wp-json\/wp\/v2\/categories?post=51846"},{"taxonomy":"post_tag","embeddable":true,"href":"https:\/\/grupomidia.com\/quemrealiza\/wp-json\/wp\/v2\/tags?post=51846"}],"curies":[{"name":"wp","href":"https:\/\/api.w.org\/{rel}","templated":true}]}}