{"id":51750,"date":"2021-05-14T09:43:34","date_gmt":"2021-05-14T12:43:34","guid":{"rendered":"https:\/\/grupomidia.com\/quemrealiza\/?p=51750"},"modified":"2021-05-14T09:45:39","modified_gmt":"2021-05-14T12:45:39","slug":"torta-caprese-al-limone-por-chef-cristiano-boldrin","status":"publish","type":"post","link":"https:\/\/grupomidia.com\/quemrealiza\/torta-caprese-al-limone-por-chef-cristiano-boldrin\/","title":{"rendered":"Torta Caprese al Limone, por Chef Cristiano Boldrin"},"content":{"rendered":"<h2>Ingredientes:<\/h2>\n<p>170g de am\u00eandoas (processada n\u00e3o muito fina)<br \/>\n100g de chocolate branco<br \/>\n80g de gemas<br \/>\n100g de manteiga<br \/>\n40g de f\u00e9cula batata<br \/>\n5g de fermento em p\u00f3<br \/>\n175g de claras (em neve)<\/p>\n<p>&nbsp;<\/p>\n<h2>Modo de Preparo:<\/h2>\n<p>Ralar o chocolate n\u00e3o muito fino, depois ralar o lim\u00e3o e separar a casca e o suco.<br \/>\nEm uma travessa colocar a manteiga em temperatura ambiente, metade do a\u00e7\u00facar e montar at\u00e9 ficar um creme, adicione as raspas de lim\u00e3o e as gemas, bata um pouco mais.<br \/>\nEm outra travessa adicionar as am\u00eandoas, o chocolate branco, a f\u00e9cula e o fermento. Logo depois, bater as claras em neve com a metade do a\u00e7\u00facar restante e unir todas as misturas, mexendo com a esp\u00e1tula em movimentos lentos.<br \/>\nUntar a assadeira com f\u00e9cula e adicionar a massa. Assar em forno 170\u00b0C por 40 minutos em m\u00e9dia. Decorar com a\u00e7\u00facar de confeiteiro.<\/p>\n","protected":false},"excerpt":{"rendered":"<p>Ingredientes: 170g de am\u00eandoas (processada n\u00e3o muito fina) 100g de chocolate branco 80g de gemas 100g de manteiga 40g de f\u00e9cula batata 5g de fermento em p\u00f3 175g de claras (em neve) &nbsp; Modo de Preparo: Ralar o chocolate n\u00e3o muito fino, depois ralar o lim\u00e3o e separar a casca e o suco. Em uma [&hellip;]<\/p>\n","protected":false},"author":8,"featured_media":51753,"comment_status":"closed","ping_status":"closed","sticky":true,"template":"","format":"standard","meta":{"footnotes":""},"categories":[2188],"tags":[2202,1295,2040],"class_list":["post-51750","post","type-post","status-publish","format-standard","has-post-thumbnail","hentry","category-dicas-do-chef","tag-quem-realiza-na-tv","tag-receita","tag-torta"],"wps_subtitle":"","_links":{"self":[{"href":"https:\/\/grupomidia.com\/quemrealiza\/wp-json\/wp\/v2\/posts\/51750","targetHints":{"allow":["GET"]}}],"collection":[{"href":"https:\/\/grupomidia.com\/quemrealiza\/wp-json\/wp\/v2\/posts"}],"about":[{"href":"https:\/\/grupomidia.com\/quemrealiza\/wp-json\/wp\/v2\/types\/post"}],"author":[{"embeddable":true,"href":"https:\/\/grupomidia.com\/quemrealiza\/wp-json\/wp\/v2\/users\/8"}],"replies":[{"embeddable":true,"href":"https:\/\/grupomidia.com\/quemrealiza\/wp-json\/wp\/v2\/comments?post=51750"}],"version-history":[{"count":0,"href":"https:\/\/grupomidia.com\/quemrealiza\/wp-json\/wp\/v2\/posts\/51750\/revisions"}],"wp:featuredmedia":[{"embeddable":true,"href":"https:\/\/grupomidia.com\/quemrealiza\/wp-json\/wp\/v2\/media\/51753"}],"wp:attachment":[{"href":"https:\/\/grupomidia.com\/quemrealiza\/wp-json\/wp\/v2\/media?parent=51750"}],"wp:term":[{"taxonomy":"category","embeddable":true,"href":"https:\/\/grupomidia.com\/quemrealiza\/wp-json\/wp\/v2\/categories?post=51750"},{"taxonomy":"post_tag","embeddable":true,"href":"https:\/\/grupomidia.com\/quemrealiza\/wp-json\/wp\/v2\/tags?post=51750"}],"curies":[{"name":"wp","href":"https:\/\/api.w.org\/{rel}","templated":true}]}}