{"id":51682,"date":"2021-04-28T14:11:45","date_gmt":"2021-04-28T17:11:45","guid":{"rendered":"https:\/\/grupomidia.com\/quemrealiza\/?p=51682"},"modified":"2021-04-29T13:40:04","modified_gmt":"2021-04-29T16:40:04","slug":"mitos-e-verdades-sobre-o-uso-de-mascara-por-criancas","status":"publish","type":"post","link":"https:\/\/grupomidia.com\/quemrealiza\/mitos-e-verdades-sobre-o-uso-de-mascara-por-criancas\/","title":{"rendered":"Mitos e verdades sobre o uso de m\u00e1scara por crian\u00e7as"},"content":{"rendered":"<h2>Mitos e verdades sobre o uso de m\u00e1scara por crian\u00e7as<\/h2>\n<p>&nbsp;<\/p>\n<p>A pandemia mudou a rotina de pessoas em todo o mundo. Trabalho remoto, distanciamento social, uso de \u00e1lcool em gel com frequ\u00eancia e m\u00e1scara para sair de casa s\u00e3o alguns dos novos h\u00e1bitos que passaram a ser adotados na tentativa de prevenir a contamina\u00e7\u00e3o pelo novo coronav\u00edrus.<\/p>\n<p>Apesar de j\u00e1 terem sido incorporados ao dia a dia, muitos desses h\u00e1bitos ainda causam d\u00favidas em pais e cuidadores, principalmente por causa da alta dissemina\u00e7\u00e3o de fake news pelas redes sociais e aplicativos de trocas de mensagens.<\/p>\n<p>Dr. Paulo Telles, pediatra pela SBP, conta que muitos pais o procuram para sanar d\u00favidas porque recebem mensagens sem base cient\u00edfica e ficam assustados. O uso de m\u00e1scara por crian\u00e7as \u00e9 um dos temas que mais gera discuss\u00f5es.<\/p>\n<p>&#8220;Junto do distanciamento social e higiene das m\u00e3os, o uso de m\u00e1scara ainda \u00e9 a maneira mais f\u00e1cil de evitar a contamina\u00e7\u00e3o pelo novo coronav\u00edrus&#8221;, alerta o m\u00e9dico. Confira a seguir, mitos e verdades sobre o uso de m\u00e1scara pela turminha:<\/p>\n<ul>\n<li>\n<h2><strong>Nem toda crian\u00e7a precisa usar m\u00e1scara.<\/strong><\/h2>\n<\/li>\n<\/ul>\n<p><strong>VERDADE<\/strong>: &#8220;Crian\u00e7a tem que usar m\u00e1scara, mas \u00e9 preciso que os pais e cuidadores sigam informa\u00e7\u00f5es baseadas em boas evid\u00eancias. Mas vale o alerta de que crian\u00e7as com menos de 2 anos n\u00e3o devem usar m\u00e1scara porque n\u00e3o s\u00e3o capazes de remov\u00ea-la sem ajuda. Crian\u00e7as com alguns problemas cognitivos tamb\u00e9m n\u00e3o precisam usar a m\u00e1scara porque n\u00e3o t\u00eam condi\u00e7\u00e3o de tolerar o uso e de remov\u00ea-la tamb\u00e9m. No entanto, s\u00e3o exce\u00e7\u00f5es. E acima de dois anos, os pais podem come\u00e7ar a treinar a crian\u00e7a para usar a m\u00e1scara em casa para que possa us\u00e1-la de forma adequada&#8221;.<\/p>\n<p>&nbsp;<\/p>\n<ul>\n<li>\n<h2><strong>M\u00e1scara atrapalha a absor\u00e7\u00e3o de oxig\u00eanio.<\/strong><\/h2>\n<\/li>\n<\/ul>\n<p><strong>MITO<\/strong>: &#8220;Uma preocupa\u00e7\u00e3o frequente \u00e9 se a m\u00e1scara pode reduzir a absor\u00e7\u00e3o de oxig\u00eanio a ponto de prejudicar o c\u00e9rebro e os pulm\u00f5es e a resposta \u00e9 n\u00e3o. As m\u00e1scaras s\u00e3o feitas de materiais respir\u00e1veis e n\u00e3o prejudicam a absor\u00e7\u00e3o de oxig\u00eanio, nem atrapalha o foco e a concentra\u00e7\u00e3o da crian\u00e7a. A partir dos dois anos pode usar o tempo todo com seguran\u00e7a.&#8221;<\/p>\n<p>&nbsp;<\/p>\n<ul>\n<li>\n<h2><strong>Pode interferir no desenvolvimento.<\/strong><\/h2>\n<\/li>\n<\/ul>\n<p><strong>MITO<\/strong>: &#8220;A m\u00e1scara n\u00e3o afeta o desenvolvimento neurol\u00f3gico nem pulmonar. A m\u00e1scara bloqueia as got\u00edculas de saliva que cont\u00eam o v\u00edrus, n\u00e3o bloqueia o oxig\u00eanio. Al\u00e9m disso, a crian\u00e7a fica \u00e9 mais protegida, uma vez que a m\u00e1scara bloqueia o novo coronav\u00edrus e outros micro-organismos que podem causar infec\u00e7\u00f5es pulmonares.&#8221;<\/p>\n<p>&nbsp;<\/p>\n<ul>\n<li>\n<h2><strong>A m\u00e1scara faz a crian\u00e7a respirar mais g\u00e1s carb\u00f4nico e se intoxicar.<\/strong><\/h2>\n<\/li>\n<\/ul>\n<p><strong>MITO<\/strong>: &#8220;Nenhum estudo comprova isso. \u00c9 besteira. As mol\u00e9culas de g\u00e1s carb\u00f4nico s\u00e3o menores do que as fibras da m\u00e1scara e passam pelo tecido tranquilamente. \u00c9 importante lembrar que h\u00e1 m\u00e9dicos que realizam cirurgias longas de 10, 12 horas direto, com a mesma m\u00e1scara. Se fosse assim, eles desmaiariam ou se intoxicariam.&#8221;<\/p>\n<p>&nbsp;<\/p>\n<ul>\n<li>\n<h2><strong>A m\u00e1scara protege a pessoa de contaminar outras pessoas.<\/strong><\/h2>\n<\/li>\n<\/ul>\n<p><strong>VERDADE<\/strong>: &#8220;Se usado de forma certa, o tecido da m\u00e1scara cria uma barreira para as got\u00edculas de saliva contaminadas, evitando que elas atinjam outra pessoa e que o v\u00edrus chegue \u00e0 mucosa, se prolifere e infecte a pessoa. N\u00e3o importa se \u00e9 adulto ou crian\u00e7a, a m\u00e1scara \u00e9 usada para n\u00e3o te contaminar e para n\u00e3o contaminar o outro. \u00c9 uma prote\u00e7\u00e3o de m\u00e3o dupla.&#8221;<\/p>\n<p>&nbsp;<\/p>\n","protected":false},"excerpt":{"rendered":"<p>Mitos e verdades sobre o uso de m\u00e1scara por crian\u00e7as &nbsp; A pandemia mudou a rotina de pessoas em todo o mundo. Trabalho remoto, distanciamento social, uso de \u00e1lcool em gel com frequ\u00eancia e m\u00e1scara para sair de casa s\u00e3o alguns dos novos h\u00e1bitos que passaram a ser adotados na tentativa de prevenir a contamina\u00e7\u00e3o [&hellip;]<\/p>\n","protected":false},"author":7,"featured_media":51684,"comment_status":"closed","ping_status":"closed","sticky":true,"template":"","format":"standard","meta":{"footnotes":""},"categories":[69,68],"tags":[2128,1008,1086,1765,1110,1523,1119,1010],"class_list":["post-51682","post","type-post","status-publish","format-standard","has-post-thumbnail","hentry","category-cotidiano","category-saude-bem-estar","tag-covid","tag-covid-19","tag-covid19","tag-crianca","tag-criancas","tag-mascara","tag-mascaras","tag-pandemia"],"wps_subtitle":"Pediatra responde d\u00favidas frequentes do consult\u00f3rio sobre o uso do EPI por crian\u00e7as","_links":{"self":[{"href":"https:\/\/grupomidia.com\/quemrealiza\/wp-json\/wp\/v2\/posts\/51682","targetHints":{"allow":["GET"]}}],"collection":[{"href":"https:\/\/grupomidia.com\/quemrealiza\/wp-json\/wp\/v2\/posts"}],"about":[{"href":"https:\/\/grupomidia.com\/quemrealiza\/wp-json\/wp\/v2\/types\/post"}],"author":[{"embeddable":true,"href":"https:\/\/grupomidia.com\/quemrealiza\/wp-json\/wp\/v2\/users\/7"}],"replies":[{"embeddable":true,"href":"https:\/\/grupomidia.com\/quemrealiza\/wp-json\/wp\/v2\/comments?post=51682"}],"version-history":[{"count":0,"href":"https:\/\/grupomidia.com\/quemrealiza\/wp-json\/wp\/v2\/posts\/51682\/revisions"}],"wp:featuredmedia":[{"embeddable":true,"href":"https:\/\/grupomidia.com\/quemrealiza\/wp-json\/wp\/v2\/media\/51684"}],"wp:attachment":[{"href":"https:\/\/grupomidia.com\/quemrealiza\/wp-json\/wp\/v2\/media?parent=51682"}],"wp:term":[{"taxonomy":"category","embeddable":true,"href":"https:\/\/grupomidia.com\/quemrealiza\/wp-json\/wp\/v2\/categories?post=51682"},{"taxonomy":"post_tag","embeddable":true,"href":"https:\/\/grupomidia.com\/quemrealiza\/wp-json\/wp\/v2\/tags?post=51682"}],"curies":[{"name":"wp","href":"https:\/\/api.w.org\/{rel}","templated":true}]}}