{"id":51621,"date":"2021-04-09T10:19:29","date_gmt":"2021-04-09T13:19:29","guid":{"rendered":"https:\/\/grupomidia.com\/quemrealiza\/?p=51621"},"modified":"2021-04-09T10:19:29","modified_gmt":"2021-04-09T13:19:29","slug":"ilha-da-madeira-e-as-novas-tendencias-de-luxo","status":"publish","type":"post","link":"https:\/\/grupomidia.com\/quemrealiza\/ilha-da-madeira-e-as-novas-tendencias-de-luxo\/","title":{"rendered":"Ilha da Madeira e as novas tend\u00eancias de luxo"},"content":{"rendered":"<p>As viagens de luxo s\u00e3o um nicho muito importante do turismo. E, durante muito tempo, elas consistiram em viagens repletas de opul\u00eancia e pompa, com direito a experi\u00eancias com as quais a maioria dos turistas s\u00f3 pode sonhar. Mas, ap\u00f3s um ano de profundas mudan\u00e7as no mundo, haver\u00e1 transforma\u00e7\u00f5es nessa forma de viajar?<\/p>\n<p>A Ilha da Madeira, territ\u00f3rio portugu\u00eas situado em meio ao Oceano Atl\u00e2ntico, j\u00e1 come\u00e7a a observar tend\u00eancias nesse segmento. O destino, que est\u00e1 entre os mais seguros da Europa durante a pandemia, v\u00ea crescer a busca por um novo tipo de viagem de luxo. Confira as tend\u00eancias!<\/p>\n<p><strong>Busca pelo contato com a natureza<br \/>\n<\/strong>Em primeiro lugar, o novo viajante de luxo est\u00e1 menos interessado em grandes cidades, e muito mais interessado em para\u00edsos naturais. A Madeira, com sua floresta Laurissilva e seu litoral de tirar o f\u00f4lego, tem uma natureza exuberante e intocada que encanta todos seus visitantes. Al\u00e9m do destino com belezas naturais, espera-se que v\u00e1 crescer a busca por hot\u00e9is inseridos nesses cen\u00e1rios de natureza.<\/p>\n<p><img loading=\"lazy\" decoding=\"async\" class=\"aligncenter wp-image-51623\" src=\"https:\/\/grupomidia.com\/quemrealiza\/wp-content\/uploads\/2021\/04\/Levada-dos-Cedros-Madeira-\u00a9-Francisco-Correia.jpg\" alt=\"\" width=\"500\" height=\"334\" title=\"\" srcset=\"https:\/\/grupomidia.com\/quemrealiza\/wp-content\/uploads\/2021\/04\/Levada-dos-Cedros-Madeira-\u00a9-Francisco-Correia.jpg 2048w, https:\/\/grupomidia.com\/quemrealiza\/wp-content\/uploads\/2021\/04\/Levada-dos-Cedros-Madeira-\u00a9-Francisco-Correia-300x200.jpg 300w, https:\/\/grupomidia.com\/quemrealiza\/wp-content\/uploads\/2021\/04\/Levada-dos-Cedros-Madeira-\u00a9-Francisco-Correia-800x534.jpg 800w, https:\/\/grupomidia.com\/quemrealiza\/wp-content\/uploads\/2021\/04\/Levada-dos-Cedros-Madeira-\u00a9-Francisco-Correia-768x513.jpg 768w, https:\/\/grupomidia.com\/quemrealiza\/wp-content\/uploads\/2021\/04\/Levada-dos-Cedros-Madeira-\u00a9-Francisco-Correia-1536x1025.jpg 1536w\" sizes=\"auto, (max-width: 500px) 100vw, 500px\" \/><\/p>\n<p><strong>Investimento no bem-estar<br \/>\n<\/strong>As novas tend\u00eancias de luxo tamb\u00e9m apontam uma maior valoriza\u00e7\u00e3o do bem-estar do viajante. Isso n\u00e3o significa apenas que ele ir\u00e1 frequentar spas ou outras experi\u00eancias similares. A busca pelo bem-estar afetar\u00e1 o ritmo da viagem, as atividades escolhidas, as hospedagens reservadas e muito mais. A ideia \u00e9 viver dias tranquilos e livres de estresse! E isso a Madeira pode oferecer de sobra.<\/p>\n<p><img loading=\"lazy\" decoding=\"async\" class=\"aligncenter wp-image-51624\" src=\"https:\/\/grupomidia.com\/quemrealiza\/wp-content\/uploads\/2021\/04\/Belmonds-Reids-Palace-Madeira-SPA.jpg\" alt=\"\" width=\"500\" height=\"334\" title=\"\" srcset=\"https:\/\/grupomidia.com\/quemrealiza\/wp-content\/uploads\/2021\/04\/Belmonds-Reids-Palace-Madeira-SPA.jpg 2200w, https:\/\/grupomidia.com\/quemrealiza\/wp-content\/uploads\/2021\/04\/Belmonds-Reids-Palace-Madeira-SPA-300x200.jpg 300w, https:\/\/grupomidia.com\/quemrealiza\/wp-content\/uploads\/2021\/04\/Belmonds-Reids-Palace-Madeira-SPA-800x534.jpg 800w, https:\/\/grupomidia.com\/quemrealiza\/wp-content\/uploads\/2021\/04\/Belmonds-Reids-Palace-Madeira-SPA-768x512.jpg 768w, https:\/\/grupomidia.com\/quemrealiza\/wp-content\/uploads\/2021\/04\/Belmonds-Reids-Palace-Madeira-SPA-1536x1025.jpg 1536w, https:\/\/grupomidia.com\/quemrealiza\/wp-content\/uploads\/2021\/04\/Belmonds-Reids-Palace-Madeira-SPA-2048x1367.jpg 2048w\" sizes=\"auto, (max-width: 500px) 100vw, 500px\" \/><\/p>\n<p><strong>Experi\u00eancias \u00edmpares<br \/>\n<\/strong>Tamb\u00e9m se observa o aumento na procura por experi\u00eancias \u00fanicas. O novo turismo de luxo n\u00e3o quer apresentar apenas atra\u00e7\u00f5es a serem visitadas. Na Madeira, por exemplo, os viajantes podem fazer um tour em um carro de luxo pela ilha, conhecida por suas estradas c\u00eanicas, explorar o mar que circunda o destino em um iate particular ou fazer massagens ao ar livre, curtindo vistas bel\u00edssimas da costa.<\/p>\n<p><img loading=\"lazy\" decoding=\"async\" class=\"aligncenter wp-image-51625\" src=\"https:\/\/grupomidia.com\/quemrealiza\/wp-content\/uploads\/2021\/04\/Madeira_Lifestyle_BR071\u00a9Andre-Carvalho-scaled.jpg\" alt=\"\" width=\"500\" height=\"333\" title=\"\" srcset=\"https:\/\/grupomidia.com\/quemrealiza\/wp-content\/uploads\/2021\/04\/Madeira_Lifestyle_BR071\u00a9Andre-Carvalho-scaled.jpg 2560w, https:\/\/grupomidia.com\/quemrealiza\/wp-content\/uploads\/2021\/04\/Madeira_Lifestyle_BR071\u00a9Andre-Carvalho-300x200.jpg 300w, https:\/\/grupomidia.com\/quemrealiza\/wp-content\/uploads\/2021\/04\/Madeira_Lifestyle_BR071\u00a9Andre-Carvalho-800x533.jpg 800w, https:\/\/grupomidia.com\/quemrealiza\/wp-content\/uploads\/2021\/04\/Madeira_Lifestyle_BR071\u00a9Andre-Carvalho-768x512.jpg 768w, https:\/\/grupomidia.com\/quemrealiza\/wp-content\/uploads\/2021\/04\/Madeira_Lifestyle_BR071\u00a9Andre-Carvalho-1536x1024.jpg 1536w, https:\/\/grupomidia.com\/quemrealiza\/wp-content\/uploads\/2021\/04\/Madeira_Lifestyle_BR071\u00a9Andre-Carvalho-2048x1365.jpg 2048w\" sizes=\"auto, (max-width: 500px) 100vw, 500px\" \/><\/p>\n<p><strong>Cuidado com a alimenta\u00e7\u00e3o<br \/>\n<\/strong>Se o bem-estar \u00e9 um dos pilares do novo turismo de luxo, o cuidado com a alimenta\u00e7\u00e3o certamente est\u00e1 inclu\u00eddo. Em viagens com ritmo acelerado e muitas atividades em um s\u00f3 dia, algumas refei\u00e7\u00f5es acabam ficando em segundo plano, sem que se pense muito nelas. O cuidado com a alimenta\u00e7\u00e3o como forma de bem-estar se une tamb\u00e9m ao desejo por viv\u00eancias diferenciadas, e leva os viajantes a buscarem experi\u00eancias gastron\u00f4micas imperd\u00edveis, como restaurantes estrelados pelo Guia Michelin, tais como Il Galo d\u2019Oro e Restaurante William, queridinhos da Madeira.<\/p>\n<p><img loading=\"lazy\" decoding=\"async\" class=\"aligncenter wp-image-51626\" src=\"https:\/\/grupomidia.com\/quemrealiza\/wp-content\/uploads\/2021\/04\/Il-Gallo-DOro-Divulgacao-scaled.jpg\" alt=\"\" width=\"500\" height=\"334\" title=\"\" srcset=\"https:\/\/grupomidia.com\/quemrealiza\/wp-content\/uploads\/2021\/04\/Il-Gallo-DOro-Divulgacao-scaled.jpg 2560w, https:\/\/grupomidia.com\/quemrealiza\/wp-content\/uploads\/2021\/04\/Il-Gallo-DOro-Divulgacao-300x200.jpg 300w, https:\/\/grupomidia.com\/quemrealiza\/wp-content\/uploads\/2021\/04\/Il-Gallo-DOro-Divulgacao-800x534.jpg 800w, https:\/\/grupomidia.com\/quemrealiza\/wp-content\/uploads\/2021\/04\/Il-Gallo-DOro-Divulgacao-768x512.jpg 768w, https:\/\/grupomidia.com\/quemrealiza\/wp-content\/uploads\/2021\/04\/Il-Gallo-DOro-Divulgacao-1536x1025.jpg 1536w, https:\/\/grupomidia.com\/quemrealiza\/wp-content\/uploads\/2021\/04\/Il-Gallo-DOro-Divulgacao-2048x1366.jpg 2048w\" sizes=\"auto, (max-width: 500px) 100vw, 500px\" \/><\/p>\n<p><strong>Fuga do turismo de massa<br \/>\n<\/strong>Por fim, os novos viajantes de luxo tamb\u00e9m devem buscar destinos menos populares, em que possam aproveitar os dias com mais tranquilidade e exclusividade, sem se preocupar com filas, por exemplo. N\u00e3o \u00e9 preciso dizer que a Madeira, pequeno conjunto de ilhas em meio ao Oceano Atl\u00e2ntico, desponta como um excelente ref\u00fagio, que guarda mais essa vantagem.<\/p>\n<p><img loading=\"lazy\" decoding=\"async\" class=\"aligncenter wp-image-51627\" src=\"https:\/\/grupomidia.com\/quemrealiza\/wp-content\/uploads\/2021\/04\/Madeira_Lifestyle_BR043\u00a9Andre-Carvalho-scaled.jpg\" alt=\"\" width=\"500\" height=\"333\" title=\"\" srcset=\"https:\/\/grupomidia.com\/quemrealiza\/wp-content\/uploads\/2021\/04\/Madeira_Lifestyle_BR043\u00a9Andre-Carvalho-scaled.jpg 2560w, https:\/\/grupomidia.com\/quemrealiza\/wp-content\/uploads\/2021\/04\/Madeira_Lifestyle_BR043\u00a9Andre-Carvalho-300x200.jpg 300w, https:\/\/grupomidia.com\/quemrealiza\/wp-content\/uploads\/2021\/04\/Madeira_Lifestyle_BR043\u00a9Andre-Carvalho-800x533.jpg 800w, https:\/\/grupomidia.com\/quemrealiza\/wp-content\/uploads\/2021\/04\/Madeira_Lifestyle_BR043\u00a9Andre-Carvalho-768x512.jpg 768w, https:\/\/grupomidia.com\/quemrealiza\/wp-content\/uploads\/2021\/04\/Madeira_Lifestyle_BR043\u00a9Andre-Carvalho-1536x1024.jpg 1536w, https:\/\/grupomidia.com\/quemrealiza\/wp-content\/uploads\/2021\/04\/Madeira_Lifestyle_BR043\u00a9Andre-Carvalho-2048x1365.jpg 2048w\" sizes=\"auto, (max-width: 500px) 100vw, 500px\" \/><\/p>\n","protected":false},"excerpt":{"rendered":"<p>As viagens de luxo s\u00e3o um nicho muito importante do turismo. E, durante muito tempo, elas consistiram em viagens repletas de opul\u00eancia e pompa, com direito a experi\u00eancias com as quais a maioria dos turistas s\u00f3 pode sonhar. Mas, ap\u00f3s um ano de profundas mudan\u00e7as no mundo, haver\u00e1 transforma\u00e7\u00f5es nessa forma de viajar? A Ilha [&hellip;]<\/p>\n","protected":false},"author":7,"featured_media":51622,"comment_status":"closed","ping_status":"closed","sticky":true,"template":"","format":"standard","meta":{"footnotes":""},"categories":[82,71],"tags":[99,1632,2154,310],"class_list":["post-51621","post","type-post","status-publish","format-standard","has-post-thumbnail","hentry","category-destino","category-tendencias","tag-arquipelago-da-madeira","tag-ilha-da-madeira","tag-madeira","tag-viagem"],"wps_subtitle":"Muito al\u00e9m da ostenta\u00e7\u00e3o, o local busca bem-estar e experi\u00eancias \u00fanicas em meio a belezas naturais","_links":{"self":[{"href":"https:\/\/grupomidia.com\/quemrealiza\/wp-json\/wp\/v2\/posts\/51621","targetHints":{"allow":["GET"]}}],"collection":[{"href":"https:\/\/grupomidia.com\/quemrealiza\/wp-json\/wp\/v2\/posts"}],"about":[{"href":"https:\/\/grupomidia.com\/quemrealiza\/wp-json\/wp\/v2\/types\/post"}],"author":[{"embeddable":true,"href":"https:\/\/grupomidia.com\/quemrealiza\/wp-json\/wp\/v2\/users\/7"}],"replies":[{"embeddable":true,"href":"https:\/\/grupomidia.com\/quemrealiza\/wp-json\/wp\/v2\/comments?post=51621"}],"version-history":[{"count":0,"href":"https:\/\/grupomidia.com\/quemrealiza\/wp-json\/wp\/v2\/posts\/51621\/revisions"}],"wp:featuredmedia":[{"embeddable":true,"href":"https:\/\/grupomidia.com\/quemrealiza\/wp-json\/wp\/v2\/media\/51622"}],"wp:attachment":[{"href":"https:\/\/grupomidia.com\/quemrealiza\/wp-json\/wp\/v2\/media?parent=51621"}],"wp:term":[{"taxonomy":"category","embeddable":true,"href":"https:\/\/grupomidia.com\/quemrealiza\/wp-json\/wp\/v2\/categories?post=51621"},{"taxonomy":"post_tag","embeddable":true,"href":"https:\/\/grupomidia.com\/quemrealiza\/wp-json\/wp\/v2\/tags?post=51621"}],"curies":[{"name":"wp","href":"https:\/\/api.w.org\/{rel}","templated":true}]}}