{"id":51617,"date":"2021-04-07T14:11:32","date_gmt":"2021-04-07T17:11:32","guid":{"rendered":"https:\/\/grupomidia.com\/quemrealiza\/?p=51617"},"modified":"2021-04-07T14:11:32","modified_gmt":"2021-04-07T17:11:32","slug":"parque-da-cerveja-em-campos-do-jordao-ganha-mirante-com-visual-180o-das-paisagens-da-serra-da-mantiqueira","status":"publish","type":"post","link":"https:\/\/grupomidia.com\/quemrealiza\/parque-da-cerveja-em-campos-do-jordao-ganha-mirante-com-visual-180o-das-paisagens-da-serra-da-mantiqueira\/","title":{"rendered":"Parque da Cerveja, em Campos do Jord\u00e3o, ganha mirante com visual 180\u00ba das paisagens da Serra da Mantiqueira"},"content":{"rendered":"<p>A Cerveja Campos do Jord\u00e3o, localizada na Serra da Mantiqueira, inaugurou um mirante dentro do Parque da Cerveja. A constru\u00e7\u00e3o, que possui vista 180\u00ba das paisagens do local, foi erguida na d\u00e9cada de 60. Ela possui 140m de altura e foi totalmente reformada para proporcionar aos apaixonados por cerveja um momento \u00fanico em meio \u00e0 natureza.<\/p>\n<p>O mirante conta com um aconchegante quiosque que oferece, claro, todos os r\u00f3tulos das cervejas e chopes produzidos na f\u00e1brica da Cerveja Campos do Jord\u00e3o (no melhor estilo beba local!), al\u00e9m de por\u00e7\u00f5es, ch\u00e1s especiais e at\u00e9 um bolo quentinho para acompanhar o cafezinho. Nas tardes o p\u00f4r-do-sol com uma visita especial domina a experi\u00eancia.<\/p>\n<p>Eventualmente o momento contar\u00e1 com m\u00fasica ao vivo, ao relaxante som de sax e violino. A cervejaria ir\u00e1 programar visitas ao mirante durante todo o dia.<\/p>\n<p>Futuramente, o local estar\u00e1 dispon\u00edvel para pequenos eventos, sempre respeitando a capacidade m\u00e1xima de pessoas na \u00e1rea.<\/p>\n<p>Para chegar ao mirante, o visitante passar\u00e1 por uma trilha que conta com uma mata verde, sons de p\u00e1ssaros e uma vista maravilhosa do Vale do Lajeado. Ao chegar no espa\u00e7o, \u00e9 poss\u00edvel ver toda a paisagem das montanhas da Serra da Mantiqueira, al\u00e9m de ter a oportunidade de contemplar e ouvir os sons das \u00e1guas da cachoeira Gavi\u00e3o Gonzaga, a mais longa e volumosa do estado.<\/p>\n","protected":false},"excerpt":{"rendered":"<p>A Cerveja Campos do Jord\u00e3o, localizada na Serra da Mantiqueira, inaugurou um mirante dentro do Parque da Cerveja. A constru\u00e7\u00e3o, que possui vista 180\u00ba das paisagens do local, foi erguida na d\u00e9cada de 60. Ela possui 140m de altura e foi totalmente reformada para proporcionar aos apaixonados por cerveja um momento \u00fanico em meio \u00e0 [&hellip;]<\/p>\n","protected":false},"author":7,"featured_media":51618,"comment_status":"closed","ping_status":"closed","sticky":true,"template":"","format":"standard","meta":{"footnotes":""},"categories":[70],"tags":[2171,2172,310],"class_list":["post-51617","post","type-post","status-publish","format-standard","has-post-thumbnail","hentry","category-design","tag-campos-do-jordao","tag-parque-da-cerveja","tag-viagem"],"wps_subtitle":"Os amantes da natureza podem apreciar uma boa cerveja com uma vista \u00fanica","_links":{"self":[{"href":"https:\/\/grupomidia.com\/quemrealiza\/wp-json\/wp\/v2\/posts\/51617","targetHints":{"allow":["GET"]}}],"collection":[{"href":"https:\/\/grupomidia.com\/quemrealiza\/wp-json\/wp\/v2\/posts"}],"about":[{"href":"https:\/\/grupomidia.com\/quemrealiza\/wp-json\/wp\/v2\/types\/post"}],"author":[{"embeddable":true,"href":"https:\/\/grupomidia.com\/quemrealiza\/wp-json\/wp\/v2\/users\/7"}],"replies":[{"embeddable":true,"href":"https:\/\/grupomidia.com\/quemrealiza\/wp-json\/wp\/v2\/comments?post=51617"}],"version-history":[{"count":0,"href":"https:\/\/grupomidia.com\/quemrealiza\/wp-json\/wp\/v2\/posts\/51617\/revisions"}],"wp:featuredmedia":[{"embeddable":true,"href":"https:\/\/grupomidia.com\/quemrealiza\/wp-json\/wp\/v2\/media\/51618"}],"wp:attachment":[{"href":"https:\/\/grupomidia.com\/quemrealiza\/wp-json\/wp\/v2\/media?parent=51617"}],"wp:term":[{"taxonomy":"category","embeddable":true,"href":"https:\/\/grupomidia.com\/quemrealiza\/wp-json\/wp\/v2\/categories?post=51617"},{"taxonomy":"post_tag","embeddable":true,"href":"https:\/\/grupomidia.com\/quemrealiza\/wp-json\/wp\/v2\/tags?post=51617"}],"curies":[{"name":"wp","href":"https:\/\/api.w.org\/{rel}","templated":true}]}}