{"id":51470,"date":"2021-01-25T11:29:54","date_gmt":"2021-01-25T13:29:54","guid":{"rendered":"https:\/\/grupomidia.com\/quemrealiza\/?p=51470"},"modified":"2021-01-25T11:29:54","modified_gmt":"2021-01-25T13:29:54","slug":"como-os-idosos-estao-lidando-com-os-efeitos-do-covid-19-na-saude-mental","status":"publish","type":"post","link":"https:\/\/grupomidia.com\/quemrealiza\/como-os-idosos-estao-lidando-com-os-efeitos-do-covid-19-na-saude-mental\/","title":{"rendered":"Como os idosos est\u00e3o lidando com os efeitos do COVID-19 na sa\u00fade mental?"},"content":{"rendered":"<p>Os idosos s\u00e3o especialmente vulner\u00e1veis aos efeitos da pandemia da COVID-19 &#8211; com maiores riscos de complica\u00e7\u00f5es graves e morte, e potencialmente maiores dificuldades de acesso a cuidados e adapta\u00e7\u00e3o a tecnologias como a telemedicina. Um artigo de opini\u00e3o publicado no Journal of the American Medical Association observa que tamb\u00e9m h\u00e1 uma preocupa\u00e7\u00e3o de que o isolamento durante a pandemia possa ser mais dif\u00edcil para os idosos, o que pode agravar as condi\u00e7\u00f5es de sa\u00fade mental existentes.<\/p>\n<p>&#8220;Durante a outono e o inverno de 2020, fomos surpreendidos por uma s\u00e9rie de estudos individuais de todo o mundo que relataram um tema consistente: os idosos como um grupo, pareciam estar resistindo \u00e0s tens\u00f5es da pandemia na sa\u00fade mental melhor do que todas as outras faixas et\u00e1rias &#8220;, disse o autor principal Ipsit Vahia, MD, diretor m\u00e9dico dos Servi\u00e7os Ambulatoriais de Psiquiatria Geri\u00e1trica e do Instituto de Tecnologia em Psiquiatria do Hospital McLean. &#8220;Neste artigo, destacamos alguns desses estudos e discutimos a resili\u00eancia em idosos e quais fatores podem estar motivando isso&#8221;.<\/p>\n<p>A resili\u00eancia pode refletir uma intera\u00e7\u00e3o entre fatores internos &#8211; como a resposta de um indiv\u00edduo ao estresse, capacidade cognitiva, tra\u00e7os de personalidade e sa\u00fade f\u00edsica &#8211; e recursos externos como conex\u00f5es sociais e estabilidade financeira. Para idosos que vivenciam o isolamento durante a pandemia, ter relacionamentos mais significativos parece ser mais importante do que ter mais intera\u00e7\u00f5es com outras pessoas, e manter esses relacionamentos pode exigir o uso de tecnologia para se conectar com entes queridos.<\/p>\n<p>A resili\u00eancia pode ser apoiada por meio de maior atividade f\u00edsica, maior compaix\u00e3o e regula\u00e7\u00e3o emocional e maior conectividade social. A tecnologia pode desempenhar um papel importante para alcan\u00e7ar esses objetivos. &#8220;Isso pode ajudar a manter a conectividade social, fornecer acesso a cuidados via telemedicina e tamb\u00e9m facilitar uma s\u00e9rie de outras atividades que podem ajudar a lidar com o isolamento&#8221;, disse Vahia. &#8220;\u00c9 cada vez mais importante para os m\u00e9dicos avaliarem o acesso dos pacientes e sua profici\u00eancia com a tecnologia como parte do tratamento&#8221;.<\/p>\n<p>Os autores enfatizaram que, embora os resultados dos primeiros meses da pandemia sejam encorajadores e forne\u00e7am causa para um otimismo cauteloso, eles podem n\u00e3o refletir as realidades individuais. &#8220;Os idosos s\u00e3o um grupo altamente diverso, e a resposta de cada pessoa ao estresse da pandemia depende de um conjunto \u00fanico de circunst\u00e2ncias&#8221;, explicou Vahia. &#8220;Al\u00e9m disso, os estudos atuais podem n\u00e3o refletir popula\u00e7\u00f5es espec\u00edficas de alto risco com estressores \u00fanicos, como aqueles que vivem em \u00e1reas carentes ou aqueles que sofrem de dem\u00eancia ou cuidadores de pessoas com dem\u00eancia.&#8221;<\/p>\n<p>\u00c9 importante ressaltar que a pandemia continua sem um cronograma definido ou um fim claro \u00e0 vista. Os efeitos de longo prazo do COVID-19 na sa\u00fade mental dos idosos, especialmente em pa\u00edses com taxas muito altas de doen\u00e7a, n\u00e3o s\u00e3o claros.<\/p>\n<p>Fonte: Ipsit V. Vahia et al, Older Adults and the Mental Health Effects of COVID-19, JAMA (2020). DOI: 10.1001\/jama.2020.21753<\/p>\n<p>**Artigo escrito por Rubens de Fraga J\u00fanior, Especialista em geriatria e gerontologia. Professor titular da disciplina de gerontologia da Faculdade Evang\u00e9lica Mackenzie do Paran\u00e1.<\/p>\n","protected":false},"excerpt":{"rendered":"<p>Os idosos s\u00e3o especialmente vulner\u00e1veis aos efeitos da pandemia da COVID-19 &#8211; com maiores riscos de complica\u00e7\u00f5es graves e morte, e potencialmente maiores dificuldades de acesso a cuidados e adapta\u00e7\u00e3o a tecnologias como a telemedicina. Um artigo de opini\u00e3o publicado no Journal of the American Medical Association observa que tamb\u00e9m h\u00e1 uma preocupa\u00e7\u00e3o de que [&hellip;]<\/p>\n","protected":false},"author":6,"featured_media":51472,"comment_status":"closed","ping_status":"closed","sticky":true,"template":"","format":"standard","meta":{"footnotes":""},"categories":[71],"tags":[2128,1008,1457,1178,1182],"class_list":["post-51470","post","type-post","status-publish","format-standard","has-post-thumbnail","hentry","category-tendencias","tag-covid","tag-covid-19","tag-idoso","tag-idosos","tag-saude-mental"],"wps_subtitle":"","_links":{"self":[{"href":"https:\/\/grupomidia.com\/quemrealiza\/wp-json\/wp\/v2\/posts\/51470","targetHints":{"allow":["GET"]}}],"collection":[{"href":"https:\/\/grupomidia.com\/quemrealiza\/wp-json\/wp\/v2\/posts"}],"about":[{"href":"https:\/\/grupomidia.com\/quemrealiza\/wp-json\/wp\/v2\/types\/post"}],"author":[{"embeddable":true,"href":"https:\/\/grupomidia.com\/quemrealiza\/wp-json\/wp\/v2\/users\/6"}],"replies":[{"embeddable":true,"href":"https:\/\/grupomidia.com\/quemrealiza\/wp-json\/wp\/v2\/comments?post=51470"}],"version-history":[{"count":0,"href":"https:\/\/grupomidia.com\/quemrealiza\/wp-json\/wp\/v2\/posts\/51470\/revisions"}],"wp:featuredmedia":[{"embeddable":true,"href":"https:\/\/grupomidia.com\/quemrealiza\/wp-json\/wp\/v2\/media\/51472"}],"wp:attachment":[{"href":"https:\/\/grupomidia.com\/quemrealiza\/wp-json\/wp\/v2\/media?parent=51470"}],"wp:term":[{"taxonomy":"category","embeddable":true,"href":"https:\/\/grupomidia.com\/quemrealiza\/wp-json\/wp\/v2\/categories?post=51470"},{"taxonomy":"post_tag","embeddable":true,"href":"https:\/\/grupomidia.com\/quemrealiza\/wp-json\/wp\/v2\/tags?post=51470"}],"curies":[{"name":"wp","href":"https:\/\/api.w.org\/{rel}","templated":true}]}}