{"id":51460,"date":"2021-01-11T16:48:17","date_gmt":"2021-01-11T18:48:17","guid":{"rendered":"https:\/\/grupomidia.com\/quemrealiza\/?p=51460"},"modified":"2021-01-11T16:48:17","modified_gmt":"2021-01-11T18:48:17","slug":"uma-nova-visao-da-aplicabilidade-de-tecnologias-nos-negocios-por-edmilson-jr-caparelli","status":"publish","type":"post","link":"https:\/\/grupomidia.com\/quemrealiza\/uma-nova-visao-da-aplicabilidade-de-tecnologias-nos-negocios-por-edmilson-jr-caparelli\/","title":{"rendered":"Uma nova vis\u00e3o da aplicabilidade de tecnologias nos neg\u00f3cios, por Edmilson Jr. Caparelli"},"content":{"rendered":"<h2>Uma nova vis\u00e3o da aplicabilidade de tecnologias nos neg\u00f3cios, por Edmilson Jr. Caparelli<\/h2>\n<p style=\"text-align: justify; background: white; vertical-align: baseline;\">As empresas que pretendem progredir ou, ainda que seja, permanecer nos pr\u00f3ximos anos precisam entender a abertura do mercado digital. A crise sanit\u00e1ria mundial, provocada pela pandemia do novo coronav\u00edrus, evidenciou e potencializou o uso da tecnologia no mundo, colocando at\u00e9 mesmo pequenos neg\u00f3cios nas p\u00e1ginas de busca das m\u00eddias sociais.<\/p>\n<p style=\"text-align: justify; background: white; vertical-align: baseline;\">A alfabetiza\u00e7\u00e3o digital \u00e9 cada vez mais necess\u00e1ria e est\u00e1 na base de uma das principais tend\u00eancias para esta nova d\u00e9cada. Come\u00e7ando pelo modo de trabalho, que para muitos dos servi\u00e7os n\u00e3o essenciais seguir\u00e1 em formato home office, e atingindo at\u00e9 mesmo atividades culturais ligadas ao lazer do colaborador, tamb\u00e9m realizadas pela tela de algum aparelho eletr\u00f4nico.<\/p>\n<p style=\"text-align: justify; background: white; vertical-align: baseline;\">&#8220;O meio \u00e9 a mensagem&#8221;, como desenvolveu o fil\u00f3sofo canadense Marshall McLuhan, na obra \u201cOs Meios de Comunica\u00e7\u00e3o como Extens\u00e3o do Homem\u201d. Entendemos que a internet n\u00e3o \u00e9 mero canal, mas \u00e9 a ruptura de uma maneira de pensamento que se torna transversal e atinge os mais diferentes n\u00edveis de uma organiza\u00e7\u00e3o, das individualidades e do campo social.<\/p>\n<p style=\"text-align: justify; background: white; vertical-align: baseline;\">Uma prova desta mudan\u00e7a de consci\u00eancia coletiva \u00e9 que nossos planejamentos estrat\u00e9gicos est\u00e3o cada vez mais breves e flex\u00edveis para conseguirmos acompanhar as diferentes altera\u00e7\u00f5es no cen\u00e1rio profissional. Dentre as mudan\u00e7as que as tecnologias \u201cimp\u00f5em\u201d est\u00e1 a velocidade, que vivemos todos os dias, levados por uma onda de t\u00e9cnicas e conte\u00fado. Antes sim, era poss\u00edvel fazer um planejamento anual, a quantidade e a instantaneidade da informa\u00e7\u00e3o tornou este feito quase impens\u00e1vel.<\/p>\n<p style=\"text-align: justify; background: white; vertical-align: baseline;\">\u00c9 poss\u00edvel ainda compreender facilmente as altera\u00e7\u00f5es de rotina que buscam cada vez mais inova\u00e7\u00f5es, j\u00e1 que as redes saturam tudo com muita rapidez. Al\u00e9m disso, a constante presen\u00e7a de material audiovisual para quem quer deixar seu produto mais atrativo e vender mais. Quem n\u00e3o sabe vender no digital lucra pouco ou bem menos, pois s\u00e3o as redes que direcionam o cliente e se n\u00e3o o atingirmos, outro far\u00e1.<\/p>\n<p style=\"text-align: justify; background: white; vertical-align: baseline;\">Como empres\u00e1rio da comunica\u00e7\u00e3o e espectador destas mudan\u00e7as, afirmo que diversos players dos mais importantes segmentos t\u00eam aderido ou valorizado muito mais as m\u00eddias sociais, seguindo o bom e velho conselho dos mais antigos \u201cQuem n\u00e3o \u00e9 visto, n\u00e3o \u00e9 lembrado\u201d.<\/p>\n<p style=\"text-align: justify; background: white; vertical-align: baseline;\">Outro ponto importante aqui \u00e9 o espa\u00e7o e o papel social dentro desses segmentos. Uma vez alinhados com outros canais mais exclusivos e que conferem uma posi\u00e7\u00e3o e um status maior, podem ser ferramentas poderos\u00edssimas para o empres\u00e1rio da nova d\u00e9cada. Mas veja bem, n\u00e3o \u00e9 replicar conte\u00fado, cada plataforma tem suas pr\u00f3prias caracter\u00edsticas, dentre elas a mais importante: o p\u00fablico.<\/p>\n<p style=\"text-align: justify; background: white; vertical-align: baseline;\">Se faz necess\u00e1rio pensar em alinhar m\u00eddias tradicionais, como as revistas e a televis\u00e3o, e as m\u00eddias sociais, principalmente o Instagram e o LinkedIn, para conseguir gerar um relevante campo de visibilidade para a marca, o produto ou a personalidade. O ponto importante a saber para 2021 e para toda esta d\u00e9cada \u00e9 que quem est\u00e1 de fora das m\u00eddias, est\u00e1 fora do mercado.<\/p>\n<p>&nbsp;<\/p>\n<p><strong>** Artigo escrito por Edmilson Jr. Caparelli, presidente do Grupo M\u00eddia<\/strong><\/p>\n","protected":false},"excerpt":{"rendered":"<p>Uma nova vis\u00e3o da aplicabilidade de tecnologias nos neg\u00f3cios, por Edmilson Jr. Caparelli As empresas que pretendem progredir ou, ainda que seja, permanecer nos pr\u00f3ximos anos precisam entender a abertura do mercado digital. A crise sanit\u00e1ria mundial, provocada pela pandemia do novo coronav\u00edrus, evidenciou e potencializou o uso da tecnologia no mundo, colocando at\u00e9 mesmo [&hellip;]<\/p>\n","protected":false},"author":7,"featured_media":51461,"comment_status":"closed","ping_status":"closed","sticky":true,"template":"","format":"standard","meta":{"footnotes":""},"categories":[81,768],"tags":[1753,1573,2124,585,290,1329],"class_list":["post-51460","post","type-post","status-publish","format-standard","has-post-thumbnail","hentry","category-hi-tech","category-negocios","tag-artigo","tag-edmilson-jr-caparelli","tag-ejc","tag-redes-sociais","tag-tecnologia","tag-tecnologia-da-informacao"],"wps_subtitle":"","_links":{"self":[{"href":"https:\/\/grupomidia.com\/quemrealiza\/wp-json\/wp\/v2\/posts\/51460","targetHints":{"allow":["GET"]}}],"collection":[{"href":"https:\/\/grupomidia.com\/quemrealiza\/wp-json\/wp\/v2\/posts"}],"about":[{"href":"https:\/\/grupomidia.com\/quemrealiza\/wp-json\/wp\/v2\/types\/post"}],"author":[{"embeddable":true,"href":"https:\/\/grupomidia.com\/quemrealiza\/wp-json\/wp\/v2\/users\/7"}],"replies":[{"embeddable":true,"href":"https:\/\/grupomidia.com\/quemrealiza\/wp-json\/wp\/v2\/comments?post=51460"}],"version-history":[{"count":0,"href":"https:\/\/grupomidia.com\/quemrealiza\/wp-json\/wp\/v2\/posts\/51460\/revisions"}],"wp:featuredmedia":[{"embeddable":true,"href":"https:\/\/grupomidia.com\/quemrealiza\/wp-json\/wp\/v2\/media\/51461"}],"wp:attachment":[{"href":"https:\/\/grupomidia.com\/quemrealiza\/wp-json\/wp\/v2\/media?parent=51460"}],"wp:term":[{"taxonomy":"category","embeddable":true,"href":"https:\/\/grupomidia.com\/quemrealiza\/wp-json\/wp\/v2\/categories?post=51460"},{"taxonomy":"post_tag","embeddable":true,"href":"https:\/\/grupomidia.com\/quemrealiza\/wp-json\/wp\/v2\/tags?post=51460"}],"curies":[{"name":"wp","href":"https:\/\/api.w.org\/{rel}","templated":true}]}}