{"id":51452,"date":"2021-01-08T09:28:59","date_gmt":"2021-01-08T11:28:59","guid":{"rendered":"https:\/\/grupomidia.com\/quemrealiza\/?p=51452"},"modified":"2021-01-08T09:42:24","modified_gmt":"2021-01-08T11:42:24","slug":"clinica-de-ribeirao-preto-investe-em-equipamento-que-preve-lesoes","status":"publish","type":"post","link":"https:\/\/grupomidia.com\/quemrealiza\/clinica-de-ribeirao-preto-investe-em-equipamento-que-preve-lesoes\/","title":{"rendered":"Cl\u00ednica de Ribeir\u00e3o Preto investe em equipamento que \u2018prev\u00ea\u2019 les\u00f5es"},"content":{"rendered":"<p><span style=\"font-weight: 400;\">J\u00e1 imaginou se voc\u00ea pudesse saber que ter\u00e1 uma les\u00e3o f\u00edsica em um futuro breve? Voc\u00ea teria a oportunidade de mudar suas decis\u00f5es e evit\u00e1-la, se livrando de dores e problemas que teria se tivesse que ficar de cama ou passar por algum processo cir\u00fargico e\/ou de recupera\u00e7\u00e3o.<\/span><\/p>\n<p><span style=\"font-weight: 400;\">Ainda n\u00e3o d\u00e1 para prever o futuro, mas j\u00e1 \u00e9 poss\u00edvel saber quais \u00e1reas do seu corpo est\u00e3o mais desgastadas e propensas a ter les\u00f5es em um curto per\u00edodo de tempo. De maneira r\u00e1pida, simples e sem contraindica\u00e7\u00f5es. Seja o paciente homem ou mulher, jovem ou idoso, ou at\u00e9 mesmo uma gestante.<\/span><\/p>\n<p><span style=\"font-weight: 400;\">Isso \u00e9 poss\u00edvel gra\u00e7as \u00e0 c\u00e2mera termogr\u00e1fica, que j\u00e1 \u00e9 muito utilizada em centros de sa\u00fade do primeiro mundo e agora est\u00e1 dispon\u00edvel na cl\u00ednica Physio Athletic, em Ribeir\u00e3o Preto \u2013 SP. Inovador na regi\u00e3o, o servi\u00e7o foi implantado pelo fisioterapeuta Pericles Machado, que tem 30 anos de carreira e coordena o departamento de fisioterapia do Botafogo FC, onde a termografia tamb\u00e9m \u00e9 aplicada.<\/span><\/p>\n<p><span style=\"font-weight: 400;\">A c\u00e2mera utilizada para aux\u00edlio no diagn\u00f3stico capta a emiss\u00e3o de calor de diferentes tecidos e estruturas do corpo humano, retratando os resultados em um mapa corporal com diversas cores. A interpreta\u00e7\u00e3o delas, junto com um conhecimento pr\u00e9vio das caracter\u00edsticas de cada paciente, possibilita a indica\u00e7\u00e3o de pontos que est\u00e3o pr\u00f3ximos de uma les\u00e3o.<\/span><\/p>\n<p><span style=\"font-weight: 400;\">\u201cNosso objetivo \u00e9 priorizar o diagn\u00f3stico e torn\u00e1-lo cada vez mais precoce. Muitas vezes antes mesmo da les\u00e3o se manifestar. Esse equipamento sinaliza, quantifica e precisa os pontos de maior fadiga, o que permite a aplica\u00e7\u00e3o de meios terap\u00eauticos para evitar uma poss\u00edvel les\u00e3o\u201d, explica o fisioterapeuta, que iniciou a carreira com o ex-jogador S\u00f3crates Brasileiro e em 1996 criou a Physio Atheltic.<\/span><\/p>\n<p><span style=\"font-weight: 400;\">O empres\u00e1rio Bruno Pala, que pratica futebol society semanalmente, \u00e9 um dos clientes que j\u00e1 provou e aprovou a novidade. \u201cToda les\u00e3o \u00e9 chata, ainda mais para quem gosta de se exercitar, ent\u00e3o a chance de evit\u00e1-la \u00e9 algo extremamente positivo. Ainda mais sem a necessidade de exames complexos e demorados\u201d, disse.<\/span><\/p>\n<p><span style=\"font-weight: 400;\">O conhecimento foi adquirido no in\u00edcio da pandemia e a aquisi\u00e7\u00e3o do equipamento foi imediata, devido \u00e0s in\u00fameras utilidades. Nova na regi\u00e3o, a c\u00e2mera termogr\u00e1fica \u00e9 muito utilizada na engenharia, pois facilita a identifica\u00e7\u00e3o de vazamentos e a eleva\u00e7\u00e3o de calor em equipamentos, por exemplo. Agora, tamb\u00e9m possibilitar\u00e1 benef\u00edcios \u00e0 sa\u00fade da sociedade local.<\/span><\/p>\n<h2><b>Al\u00e9m da termografia<\/b><\/h2>\n<p><span style=\"font-weight: 400;\">A termografia integra uma gama de solu\u00e7\u00f5es em sa\u00fade oferecidas pela Physio Athletic. As primeiras especialidades foram a fisioterapia e a reabilita\u00e7\u00e3o esportiva, no estilo personal trainer. Mas tamb\u00e9m fazem parte da cl\u00ednica o pilates, a osteopatia e a libera\u00e7\u00e3o miofascial, entre outros servi\u00e7os. Todos dispon\u00edveis para quem foca no desempenho esportivo (profissional ou amador) ou para quem busca bem-estar, independentemente da idade.<\/span><\/p>\n<p><span style=\"font-weight: 400;\">\u201cA uni\u00e3o desses servi\u00e7os e o compromisso de atendimentos personalizados \u00e9 o que diferencia a cl\u00ednica. Principalmente os trabalhos individualizados, que possibilitam melhores resultados de acordo com cada corpo\u201d, conta o fisioterapeuta, que j\u00e1 atendeu diversos nomes conhecidos do esporte, como os ex-jogadores de futebol Ra\u00ed, Cicinho, Doni, Bordon e J\u00falio S\u00e9rgio, al\u00e9m do t\u00e9cnico Vagner Mancini, do medalhista ol\u00edmpico Guega e do ex-lutador do UFC Ricardo Demente.<\/span><\/p>\n","protected":false},"excerpt":{"rendered":"<p>J\u00e1 imaginou se voc\u00ea pudesse saber que ter\u00e1 uma les\u00e3o f\u00edsica em um futuro breve? Voc\u00ea teria a oportunidade de mudar suas decis\u00f5es e evit\u00e1-la, se livrando de dores e problemas que teria se tivesse que ficar de cama ou passar por algum processo cir\u00fargico e\/ou de recupera\u00e7\u00e3o. Ainda n\u00e3o d\u00e1 para prever o futuro, [&hellip;]<\/p>\n","protected":false},"author":6,"featured_media":51455,"comment_status":"closed","ping_status":"closed","sticky":false,"template":"","format":"standard","meta":{"footnotes":""},"categories":[68],"tags":[263],"class_list":["post-51452","post","type-post","status-publish","format-standard","has-post-thumbnail","hentry","category-saude-bem-estar","tag-physio-athletic"],"wps_subtitle":"","_links":{"self":[{"href":"https:\/\/grupomidia.com\/quemrealiza\/wp-json\/wp\/v2\/posts\/51452","targetHints":{"allow":["GET"]}}],"collection":[{"href":"https:\/\/grupomidia.com\/quemrealiza\/wp-json\/wp\/v2\/posts"}],"about":[{"href":"https:\/\/grupomidia.com\/quemrealiza\/wp-json\/wp\/v2\/types\/post"}],"author":[{"embeddable":true,"href":"https:\/\/grupomidia.com\/quemrealiza\/wp-json\/wp\/v2\/users\/6"}],"replies":[{"embeddable":true,"href":"https:\/\/grupomidia.com\/quemrealiza\/wp-json\/wp\/v2\/comments?post=51452"}],"version-history":[{"count":0,"href":"https:\/\/grupomidia.com\/quemrealiza\/wp-json\/wp\/v2\/posts\/51452\/revisions"}],"wp:featuredmedia":[{"embeddable":true,"href":"https:\/\/grupomidia.com\/quemrealiza\/wp-json\/wp\/v2\/media\/51455"}],"wp:attachment":[{"href":"https:\/\/grupomidia.com\/quemrealiza\/wp-json\/wp\/v2\/media?parent=51452"}],"wp:term":[{"taxonomy":"category","embeddable":true,"href":"https:\/\/grupomidia.com\/quemrealiza\/wp-json\/wp\/v2\/categories?post=51452"},{"taxonomy":"post_tag","embeddable":true,"href":"https:\/\/grupomidia.com\/quemrealiza\/wp-json\/wp\/v2\/tags?post=51452"}],"curies":[{"name":"wp","href":"https:\/\/api.w.org\/{rel}","templated":true}]}}