{"id":51404,"date":"2020-12-08T09:47:18","date_gmt":"2020-12-08T11:47:18","guid":{"rendered":"https:\/\/grupomidia.com\/quemrealiza\/?p=51404"},"modified":"2020-12-08T09:48:46","modified_gmt":"2020-12-08T11:48:46","slug":"brindes-corporativos-4-formas-criativas-de-presentear-a-equipe-no-fim-do-ano","status":"publish","type":"post","link":"https:\/\/grupomidia.com\/quemrealiza\/brindes-corporativos-4-formas-criativas-de-presentear-a-equipe-no-fim-do-ano\/","title":{"rendered":"Brindes corporativos: 4 formas criativas de presentear a equipe no fim do ano"},"content":{"rendered":"<h2>A criatividade \u00e9 a chave para desenvolver brindes com valor agregado e significado<\/h2>\n<p>Em meio \u00e0 pandemia, com muitas empresas aderindo ao home office, os brindes de final de ano da empresa se tornam ainda mais importantes, pois s\u00e3o uma forma de reconhecer o trabalho da equipe e aproximar os funcion\u00e1rios e a gest\u00e3o. Al\u00e9m de ser uma excelente forma de divulga\u00e7\u00e3o da marca, os brindes demonstram tamb\u00e9m o quanto a empresa reconhece e valoriza os la\u00e7os constru\u00eddos com os colaboradores e clientes.<\/p>\n<p>Nesse sentido, se torna um desafio pensar em formas criativas de presentear a equipe e clientes, priorizando o custo benef\u00edcio. Por isso, empresas como a Remembear t\u00eam ganhado espa\u00e7o no mercado, por desenvolver gifts personalizados que carregam sentimento e significado. &#8220;O brinde personalizado \u00e9 muito mais que apenas um presente, mas tamb\u00e9m uma forma de se posicionar como marca. Por meio da escolha certa do tipo de mimo a ser ofertado, a empresa se torna \u00fatil de forma imediata e gratuita ao seu p\u00fablico&#8221;, explica Fabiani Christine, propriet\u00e1ria da Remembear.<\/p>\n<p>Para escolher a forma certa de presentear o p\u00fablico e os funcion\u00e1rios, \u00e9 importante que, antes, seja feito um estudo da marca, da identidade visual, do tipo de servi\u00e7o que a empresa oferece. Conhecer bem o perfil da equipe tamb\u00e9m \u00e9 primordial no processo para definir o que funciona melhor como presente para funcion\u00e1rios.&#8221;Eu sempre busco conversar com algu\u00e9m da empresa para entender qual \u00e9 o ramo e o que ela faz, o que as pessoas ali gostam, porque acho legal que o brinde tenha elementos que conversem com a ess\u00eancia da marca. Depois de analisar as cores da identidade visual eu crio uma linha de brindes totalmente exclusiva e \u00fatil&#8221;, conta Fabiani.<\/p>\n<p><strong>Inspira\u00e7\u00f5es para presentear<\/strong><\/p>\n<p>Al\u00e9m de ter um significado e ser \u00fatil, os brindes precisam ser criativos. Sair dos mimos comuns como caneca e bloco de notas, \u00e9 uma forma de surpreender a equipe e faz\u00ea-los mais especiais. &#8220;\u00c9 importante que o brinde seja marcante, toda vez que a pessoa olhar para o presente lembrar da empresa. Assim a marca se fortalece&#8221;, opina Fabiani.<\/p>\n<p>Despertar os sentidos \u00e9 uma boa t\u00e1tica para que o mimo seja marcante. Confira algumas op\u00e7\u00f5es criativas de presentes \u00fateis, diferentes e que agu\u00e7am o paladar, olfato e vis\u00e3o.<\/p>\n<p><strong>Velas<\/strong><\/p>\n<p><img loading=\"lazy\" decoding=\"async\" class=\"aligncenter wp-image-51406\" src=\"https:\/\/grupomidia.com\/quemrealiza\/wp-content\/uploads\/2020\/12\/5831b01ca812d79b2471ad3ab04dff6a-225x300.jpeg\" alt=\"\" width=\"375\" height=\"500\" title=\"\" srcset=\"https:\/\/grupomidia.com\/quemrealiza\/wp-content\/uploads\/2020\/12\/5831b01ca812d79b2471ad3ab04dff6a-225x300.jpeg 225w, https:\/\/grupomidia.com\/quemrealiza\/wp-content\/uploads\/2020\/12\/5831b01ca812d79b2471ad3ab04dff6a-450x600.jpeg 450w, https:\/\/grupomidia.com\/quemrealiza\/wp-content\/uploads\/2020\/12\/5831b01ca812d79b2471ad3ab04dff6a-768x1024.jpeg 768w, https:\/\/grupomidia.com\/quemrealiza\/wp-content\/uploads\/2020\/12\/5831b01ca812d79b2471ad3ab04dff6a-1152x1536.jpeg 1152w, https:\/\/grupomidia.com\/quemrealiza\/wp-content\/uploads\/2020\/12\/5831b01ca812d79b2471ad3ab04dff6a-1536x2048.jpeg 1536w, https:\/\/grupomidia.com\/quemrealiza\/wp-content\/uploads\/2020\/12\/5831b01ca812d79b2471ad3ab04dff6a-scaled.jpeg 1920w\" sizes=\"auto, (max-width: 375px) 100vw, 375px\" \/><\/p>\n<p>&#8220;Eu gosto muito de vela arom\u00e1tica, porque \u00e9 um presente que desperta o olfato. A pessoa que recebe cria uma mem\u00f3ria olfativa relacionando a empresa e as experi\u00eancias que teve com ela ao cheiro da vela&#8221;, revela Fabiani.<\/p>\n<p>Existem incont\u00e1veis op\u00e7\u00f5es de cor, cheiro, formato e embalagem para enviar uma vela arom\u00e1tica aos clientes e funcion\u00e1rios. Alguns aromas, inclusive, podem despertar sensa\u00e7\u00f5es em quem recebe o presente, como relaxamento, frescor, alegria. Al\u00e9m de tudo isso, \u00e9 um \u00f3timo item de decora\u00e7\u00e3o.<\/p>\n<p><strong>Latas personalizadas<\/strong><\/p>\n<p><img loading=\"lazy\" decoding=\"async\" class=\"aligncenter wp-image-51407\" src=\"https:\/\/grupomidia.com\/quemrealiza\/wp-content\/uploads\/2020\/12\/c7e250832aa65eb3ad12776b1bac98a9.jpeg\" alt=\"\" width=\"540\" height=\"360\" title=\"\" srcset=\"https:\/\/grupomidia.com\/quemrealiza\/wp-content\/uploads\/2020\/12\/c7e250832aa65eb3ad12776b1bac98a9.jpeg 1280w, https:\/\/grupomidia.com\/quemrealiza\/wp-content\/uploads\/2020\/12\/c7e250832aa65eb3ad12776b1bac98a9-300x200.jpeg 300w, https:\/\/grupomidia.com\/quemrealiza\/wp-content\/uploads\/2020\/12\/c7e250832aa65eb3ad12776b1bac98a9-800x534.jpeg 800w, https:\/\/grupomidia.com\/quemrealiza\/wp-content\/uploads\/2020\/12\/c7e250832aa65eb3ad12776b1bac98a9-768x512.jpeg 768w\" sizes=\"auto, (max-width: 540px) 100vw, 540px\" \/><\/p>\n<p>&#8220;Desenvolvi uma linha de latas de v\u00e1rios tamanhos. Elas podem ser recheadas com algo em que a pessoa que vai receber gosta, como cookies, balas, chocolate. Mexer com sabores marca o subconsciente, por exemplo, uma lata com a logo da empresa estampada e cheia de balas, toda vez que a pessoa for chupar uma dessas balinhas ela vai sentir a vida mais doce porque ela recebeu aquela gentileza da empresa&#8221;, destaca Fabiani.<\/p>\n<p><strong>Espumante e chocolate<\/strong><\/p>\n<p><img loading=\"lazy\" decoding=\"async\" class=\"aligncenter wp-image-51408\" src=\"https:\/\/grupomidia.com\/quemrealiza\/wp-content\/uploads\/2020\/12\/088cc586384ffffe3cf0ad2319168866-scaled.jpeg\" alt=\"\" width=\"562\" height=\"375\" title=\"\" srcset=\"https:\/\/grupomidia.com\/quemrealiza\/wp-content\/uploads\/2020\/12\/088cc586384ffffe3cf0ad2319168866-scaled.jpeg 2560w, https:\/\/grupomidia.com\/quemrealiza\/wp-content\/uploads\/2020\/12\/088cc586384ffffe3cf0ad2319168866-300x200.jpeg 300w, https:\/\/grupomidia.com\/quemrealiza\/wp-content\/uploads\/2020\/12\/088cc586384ffffe3cf0ad2319168866-800x534.jpeg 800w, https:\/\/grupomidia.com\/quemrealiza\/wp-content\/uploads\/2020\/12\/088cc586384ffffe3cf0ad2319168866-768x512.jpeg 768w, https:\/\/grupomidia.com\/quemrealiza\/wp-content\/uploads\/2020\/12\/088cc586384ffffe3cf0ad2319168866-1536x1025.jpeg 1536w, https:\/\/grupomidia.com\/quemrealiza\/wp-content\/uploads\/2020\/12\/088cc586384ffffe3cf0ad2319168866-2048x1366.jpeg 2048w\" sizes=\"auto, (max-width: 562px) 100vw, 562px\" \/><br \/>\nUm kit com espumante e chocolate \u00e9 outro presente que desperta o paladar de quem recebe, criando mem\u00f3rias\u00a0afetivas. O mini espumante \u00e9 um brinde sofisticado, sendo indicado para empresas que querem transmitir esse conceito, al\u00e9m disso, \u00e9 um brinde que tem tudo a ver com fim de ano, natal e reveillon.<\/p>\n<p><strong>Plantas<\/strong><\/p>\n<p><img loading=\"lazy\" decoding=\"async\" class=\"aligncenter wp-image-51409\" src=\"https:\/\/grupomidia.com\/quemrealiza\/wp-content\/uploads\/2020\/12\/801b0e91748755f6978624e4c48a6e59.jpeg\" alt=\"\" width=\"561\" height=\"375\" title=\"\" srcset=\"https:\/\/grupomidia.com\/quemrealiza\/wp-content\/uploads\/2020\/12\/801b0e91748755f6978624e4c48a6e59.jpeg 1280w, https:\/\/grupomidia.com\/quemrealiza\/wp-content\/uploads\/2020\/12\/801b0e91748755f6978624e4c48a6e59-300x200.jpeg 300w, https:\/\/grupomidia.com\/quemrealiza\/wp-content\/uploads\/2020\/12\/801b0e91748755f6978624e4c48a6e59-800x534.jpeg 800w, https:\/\/grupomidia.com\/quemrealiza\/wp-content\/uploads\/2020\/12\/801b0e91748755f6978624e4c48a6e59-768x513.jpeg 768w\" sizes=\"auto, (max-width: 561px) 100vw, 561px\" \/><br \/>\nMudas de plantas e flores s\u00e3o mimos sustent\u00e1veis, \u00fateis, que d\u00e3o vida a qualquer local. A escolha da esp\u00e9cie pode ser feita de acordo com a ess\u00eancia da empresa ou da esta\u00e7\u00e3o do ano, por exemplo, no fim do ano pode-se dar para os funcion\u00e1rios plantas que gostam de sol e que s\u00e3o f\u00e1ceis de cultivar no ver\u00e3o. Alecrim, gard\u00eanias, cl\u00fasia e manjeric\u00e3o s\u00e3o boas op\u00e7\u00f5es para a esta\u00e7\u00e3o mais quente do ano.<\/p>\n","protected":false},"excerpt":{"rendered":"<p>A criatividade \u00e9 a chave para desenvolver brindes com valor agregado e significado Em meio \u00e0 pandemia, com muitas empresas aderindo ao home office, os brindes de final de ano da empresa se tornam ainda mais importantes, pois s\u00e3o uma forma de reconhecer o trabalho da equipe e aproximar os funcion\u00e1rios e a gest\u00e3o. Al\u00e9m [&hellip;]<\/p>\n","protected":false},"author":7,"featured_media":51405,"comment_status":"closed","ping_status":"closed","sticky":true,"template":"","format":"standard","meta":{"footnotes":""},"categories":[69,71],"tags":[2102,2066,2103,2065],"class_list":["post-51404","post","type-post","status-publish","format-standard","has-post-thumbnail","hentry","category-cotidiano","category-tendencias","tag-brindes-corporativos","tag-fim-de-ano","tag-presentes","tag-reveillon"],"wps_subtitle":"","_links":{"self":[{"href":"https:\/\/grupomidia.com\/quemrealiza\/wp-json\/wp\/v2\/posts\/51404","targetHints":{"allow":["GET"]}}],"collection":[{"href":"https:\/\/grupomidia.com\/quemrealiza\/wp-json\/wp\/v2\/posts"}],"about":[{"href":"https:\/\/grupomidia.com\/quemrealiza\/wp-json\/wp\/v2\/types\/post"}],"author":[{"embeddable":true,"href":"https:\/\/grupomidia.com\/quemrealiza\/wp-json\/wp\/v2\/users\/7"}],"replies":[{"embeddable":true,"href":"https:\/\/grupomidia.com\/quemrealiza\/wp-json\/wp\/v2\/comments?post=51404"}],"version-history":[{"count":0,"href":"https:\/\/grupomidia.com\/quemrealiza\/wp-json\/wp\/v2\/posts\/51404\/revisions"}],"wp:featuredmedia":[{"embeddable":true,"href":"https:\/\/grupomidia.com\/quemrealiza\/wp-json\/wp\/v2\/media\/51405"}],"wp:attachment":[{"href":"https:\/\/grupomidia.com\/quemrealiza\/wp-json\/wp\/v2\/media?parent=51404"}],"wp:term":[{"taxonomy":"category","embeddable":true,"href":"https:\/\/grupomidia.com\/quemrealiza\/wp-json\/wp\/v2\/categories?post=51404"},{"taxonomy":"post_tag","embeddable":true,"href":"https:\/\/grupomidia.com\/quemrealiza\/wp-json\/wp\/v2\/tags?post=51404"}],"curies":[{"name":"wp","href":"https:\/\/api.w.org\/{rel}","templated":true}]}}