{"id":51396,"date":"2020-12-03T15:26:53","date_gmt":"2020-12-03T17:26:53","guid":{"rendered":"https:\/\/grupomidia.com\/quemrealiza\/?p=51396"},"modified":"2020-12-03T15:27:49","modified_gmt":"2020-12-03T17:27:49","slug":"dezembro-laranja-cancer-de-pele-atinge-180-mil-brasileiros-por-ano","status":"publish","type":"post","link":"https:\/\/grupomidia.com\/quemrealiza\/dezembro-laranja-cancer-de-pele-atinge-180-mil-brasileiros-por-ano\/","title":{"rendered":"Dezembro Laranja: C\u00e2ncer de pele atinge 180 mil brasileiros por ano"},"content":{"rendered":"<div class=\"mceTemp\"><\/div>\n<p style=\"font-weight: 400;\">Segundo o Instituto Nacional do C\u00e2ncer (INCA), o c\u00e2ncer de pele \u00e9 o tipo mais incidente no Brasil, com cerca de 180 mil novos casos ao ano. Por\u00e9m, quando descoberto no in\u00edcio, as chances de cura s\u00e3o de mais de 90%. Por isso, a a\u00e7\u00e3o Dezembro Laranja \u00e9 promovida pela Sociedade Brasileira de Dermatologia &#8211; SBD desde 2014, e faz parte da Campanha Nacional de Preven\u00e7\u00e3o ao C\u00e2ncer de Pele, que tem como objetivo orientar a popula\u00e7\u00e3o nos cuidados que se deve ter, como identificar um poss\u00edvel c\u00e2ncer, entre outras informa\u00e7\u00f5es.<\/p>\n<p style=\"font-weight: 400;\">A exposi\u00e7\u00e3o solar ainda \u00e9 o maior fator de risco para ter c\u00e2ncer de pele, mas h\u00e1 tamb\u00e9m outros fatores como etnia, propens\u00e3o gen\u00e9tica, n\u00e3o usar filtro solar e o tabagismo. Segundo o dermatologista do S\u00e3o Crist\u00f3v\u00e3o Sa\u00fade, Dr. Bruno Teg\u00e3o, h\u00e1 uma classifica\u00e7\u00e3o da escala de tons de pele, criada pelo m\u00e9dico norte-americano Thomas B. Fitzpatrick. \u201cA pele humana \u00e9 classificada em fototipos de I a VI, sendo Fototipo I a mais clara, a pele queima f\u00e1cil nunca bronzeia e \u00e9 muito sens\u00edvel, que \u00e9 o caso de pessoas loiras ou ruivas e com tend\u00eancia a ter sardas, estes tem alt\u00edssimo risco de ter algum tipo de c\u00e2ncer de pele ao longo da vida. Por outro lado, os Fototipos V e VI, s\u00e3o peles morenas escuras e negras, que raramente se queimam e s\u00e3o insens\u00edveis ao sol, nestas, o risco de tumor de pele diminui bastante por\u00e9m, n\u00e3o \u00e9 excluso.\u201d, diz o especialista.<\/p>\n<figure style=\"width: 250px\" class=\"wp-caption alignright\"><img loading=\"lazy\" decoding=\"async\" src=\"https:\/\/mail.google.com\/mail\/u\/0?ui=2&amp;ik=bea7c0fe3b&amp;attid=0.3&amp;permmsgid=msg-f:1685072433816937161&amp;th=176294735e7622c9&amp;view=fimg&amp;sz=s0-l75-ft&amp;attbid=ANGjdJ9n4XFfLAvdjbRyzXvZ--3DmgOmuTwRVywOLSjYtTlvFJz3f03s8xAuxtLoG945TAedQO_GAHRH-GgVjDOycmlQu3HIWdYJEbxrwHgdMMI1xcFBExabJ27iaB8&amp;disp=emb\" alt=\"Teste ABCDE para detec\u00e7\u00e3o do c\u00e2ncer de pele\" width=\"250\" height=\"402\" title=\"\"><figcaption class=\"wp-caption-text\">Portal do Governo \u2013 Minist\u00e9rio da Sa\u00fade<\/figcaption><\/figure>\n<p style=\"font-weight: 400;\">\u201cExistem v\u00e1rios tipos de C\u00e2ncer de Pele, sendo os mais comuns o Carcinoma Basocelular e o Carcinoma Espinocelular, que na maioria das vezes se apresentam como uma \u2018ferida\u2019, \u2018verruga\u2019 ou n\u00f3dulo \u2018estranho\u2019 em \u00e1reas do corpo q mais foram expostas ao sol ao longo dos anos, como face, bra\u00e7os, pernas e t\u00f3rax. E o Melanoma que normalmente se manifesta como uma pinta diferente e apresenta um grande risco \u00e0 vida, por ser altamente maligno.\u201d, alertou o dermatologista.<\/p>\n<p style=\"font-weight: 400;\">Como citado acima pelo doutor, as pintas s\u00e3o preocupantes e as que temos que ter maior aten\u00e7\u00e3o com as que t\u00eam formato irregular, assim\u00e9trico, que tenham mais de uma cor e\/ou estejam apresentando um crescimento r\u00e1pido. \u201cO recomendado \u00e9 que toda pinta ou les\u00e3o diferente na pele, couro cabeludo e unhas, devem imediatamente serem avaliadas por um Dermatologista. Al\u00e9m disso, deve-se manter o uso di\u00e1rio de protetor solar em \u00e1reas expostas \u00e0 luz (solar ou artificial) e hidratar adequadamente a nossa pele. Com a avalia\u00e7\u00e3o do dermatologista, a les\u00e3o suspeita poder\u00e1 ser enviada para bi\u00f3psia ou ser imediatamente removida, j\u00e1 em casos de baixo risco, o m\u00e9dico faz o acompanhamento.\u201d, finaliza o Dr. Bruno Teg\u00e3o.<\/p>\n<p style=\"font-weight: 400;\">\n","protected":false},"excerpt":{"rendered":"<p>Segundo o Instituto Nacional do C\u00e2ncer (INCA), o c\u00e2ncer de pele \u00e9 o tipo mais incidente no Brasil, com cerca de 180 mil novos casos ao ano. Por\u00e9m, quando descoberto no in\u00edcio, as chances de cura s\u00e3o de mais de 90%. Por isso, a a\u00e7\u00e3o Dezembro Laranja \u00e9 promovida pela Sociedade Brasileira de Dermatologia &#8211; [&hellip;]<\/p>\n","protected":false},"author":6,"featured_media":51397,"comment_status":"closed","ping_status":"closed","sticky":true,"template":"","format":"standard","meta":{"footnotes":""},"categories":[68],"tags":[2100,2063,2101,1604],"class_list":["post-51396","post","type-post","status-publish","format-standard","has-post-thumbnail","hentry","category-saude-bem-estar","tag-cancer-de-pele","tag-inca","tag-instituto-nacional-do-cancer","tag-sao-cristovao-saude"],"wps_subtitle":"","_links":{"self":[{"href":"https:\/\/grupomidia.com\/quemrealiza\/wp-json\/wp\/v2\/posts\/51396","targetHints":{"allow":["GET"]}}],"collection":[{"href":"https:\/\/grupomidia.com\/quemrealiza\/wp-json\/wp\/v2\/posts"}],"about":[{"href":"https:\/\/grupomidia.com\/quemrealiza\/wp-json\/wp\/v2\/types\/post"}],"author":[{"embeddable":true,"href":"https:\/\/grupomidia.com\/quemrealiza\/wp-json\/wp\/v2\/users\/6"}],"replies":[{"embeddable":true,"href":"https:\/\/grupomidia.com\/quemrealiza\/wp-json\/wp\/v2\/comments?post=51396"}],"version-history":[{"count":0,"href":"https:\/\/grupomidia.com\/quemrealiza\/wp-json\/wp\/v2\/posts\/51396\/revisions"}],"wp:featuredmedia":[{"embeddable":true,"href":"https:\/\/grupomidia.com\/quemrealiza\/wp-json\/wp\/v2\/media\/51397"}],"wp:attachment":[{"href":"https:\/\/grupomidia.com\/quemrealiza\/wp-json\/wp\/v2\/media?parent=51396"}],"wp:term":[{"taxonomy":"category","embeddable":true,"href":"https:\/\/grupomidia.com\/quemrealiza\/wp-json\/wp\/v2\/categories?post=51396"},{"taxonomy":"post_tag","embeddable":true,"href":"https:\/\/grupomidia.com\/quemrealiza\/wp-json\/wp\/v2\/tags?post=51396"}],"curies":[{"name":"wp","href":"https:\/\/api.w.org\/{rel}","templated":true}]}}