{"id":51364,"date":"2020-11-20T17:03:25","date_gmt":"2020-11-20T19:03:25","guid":{"rendered":"https:\/\/grupomidia.com\/quemrealiza\/?p=51364"},"modified":"2020-11-20T17:03:25","modified_gmt":"2020-11-20T19:03:25","slug":"plantas-na-decoracao-inspire-se-com-dicas-do-elo7","status":"publish","type":"post","link":"https:\/\/grupomidia.com\/quemrealiza\/plantas-na-decoracao-inspire-se-com-dicas-do-elo7\/","title":{"rendered":"Decora\u00e7\u00e3o com plantas: Como deixar o ambiente mais aconchegante?"},"content":{"rendered":"<p>Em um ano t\u00e3o at\u00edpico como este que estamos vivendo, com o contato com a natureza e com outras pessoas bastante restrito por causa da pandemia, nada melhor que trazer tranquilidade e leveza \u00e0 sua casa atrav\u00e9s das plantas. Essa tend\u00eancia mais natural, que veio pra ficar, j\u00e1 de cara d\u00e1 um toque de vida a qualquer cantinho. Para te ajudar a quebrar a sobriedade dos ambientes e trazer mais contraste de acordo com seu estilo e sua rotina, o Elo7 , maior marketplace de produtos criativos do pa\u00eds, tem algumas inspira\u00e7\u00f5es e sugest\u00f5es. Olha s\u00f3:<\/p>\n<p>A diversidade de esp\u00e9cies para deixar sua casa mais bonita \u00e9 muito grande. No entanto, nem todas se adaptam bem a ambientes com pouca luz ou com pouca \u00e1gua, ou expostas diretamente ao sol e com regas di\u00e1rias. \u00c9 fundamental se atentar \u00e0s plantas que condizem com sua rotina.<\/p>\n<div><strong>Suculentas<\/strong><\/p>\n<\/div>\n<div>Num cen\u00e1rio de ambiente interno, como um apartamento, por exemplo, as suculentas, delicadas e belas, se mostram uma excelente op\u00e7\u00e3o. Isso porque, elas s\u00e3o bastante resistentes, e conseguem sobreviver mesmo com a falta de rega frequente e sem muita ilumina\u00e7\u00e3o.<\/div>\n<div><img loading=\"lazy\" decoding=\"async\" class=\"size-medium wp-image-51366 aligncenter\" src=\"https:\/\/grupomidia.com\/quemrealiza\/wp-content\/uploads\/2020\/11\/unnamed-3-300x300.jpg\" alt=\"\" width=\"300\" height=\"300\" title=\"\" srcset=\"https:\/\/grupomidia.com\/quemrealiza\/wp-content\/uploads\/2020\/11\/unnamed-3-300x300.jpg 300w, https:\/\/grupomidia.com\/quemrealiza\/wp-content\/uploads\/2020\/11\/unnamed-3-150x150.jpg 150w, https:\/\/grupomidia.com\/quemrealiza\/wp-content\/uploads\/2020\/11\/unnamed-3-105x105.jpg 105w, https:\/\/grupomidia.com\/quemrealiza\/wp-content\/uploads\/2020\/11\/unnamed-3-350x350.jpg 350w, https:\/\/grupomidia.com\/quemrealiza\/wp-content\/uploads\/2020\/11\/unnamed-3.jpg 580w\" sizes=\"auto, (max-width: 300px) 100vw, 300px\" \/><\/div>\n<div>\n<div><strong>Cactos<\/strong><\/p>\n<\/div>\n<div>Eles s\u00e3o conhecidos por suportarem calor intenso, quase sem \u00e1gua, em regi\u00f5es secas, e tamb\u00e9m por serem uma \u00f3tima pedida a quem tem uma rotina corrida, ou passa muitos dias fora de casa, e n\u00e3o consegue dar muita aten\u00e7\u00e3o \u00e0s plantas.<\/div>\n<\/div>\n<div><img loading=\"lazy\" decoding=\"async\" class=\"size-medium wp-image-51367 aligncenter\" src=\"https:\/\/grupomidia.com\/quemrealiza\/wp-content\/uploads\/2020\/11\/unnamed-5-300x255.jpg\" alt=\"\" width=\"300\" height=\"255\" title=\"\" srcset=\"https:\/\/grupomidia.com\/quemrealiza\/wp-content\/uploads\/2020\/11\/unnamed-5-300x255.jpg 300w, https:\/\/grupomidia.com\/quemrealiza\/wp-content\/uploads\/2020\/11\/unnamed-5.jpg 580w\" sizes=\"auto, (max-width: 300px) 100vw, 300px\" \/><\/div>\n<div>\n<div><\/div>\n<div><strong>\u00c1rvores, Flores e Folhagens<\/strong><\/p>\n<\/div>\n<div>Estas s\u00e3o um pouco mais delicadas, e exigem regas mais frequentes, al\u00e9m de luz do sol para se manterem saud\u00e1veis e bonitas.<\/div>\n<div><img loading=\"lazy\" decoding=\"async\" class=\"size-medium wp-image-51368 aligncenter\" src=\"https:\/\/grupomidia.com\/quemrealiza\/wp-content\/uploads\/2020\/11\/unnamed-6-300x300.jpg\" alt=\"\" width=\"300\" height=\"300\" title=\"\" srcset=\"https:\/\/grupomidia.com\/quemrealiza\/wp-content\/uploads\/2020\/11\/unnamed-6-300x300.jpg 300w, https:\/\/grupomidia.com\/quemrealiza\/wp-content\/uploads\/2020\/11\/unnamed-6-150x150.jpg 150w, https:\/\/grupomidia.com\/quemrealiza\/wp-content\/uploads\/2020\/11\/unnamed-6-105x105.jpg 105w, https:\/\/grupomidia.com\/quemrealiza\/wp-content\/uploads\/2020\/11\/unnamed-6-350x350.jpg 350w, https:\/\/grupomidia.com\/quemrealiza\/wp-content\/uploads\/2020\/11\/unnamed-6.jpg 580w\" sizes=\"auto, (max-width: 300px) 100vw, 300px\" \/><\/div>\n<div>\n<div><strong>Plantas Artificiais<\/strong><\/p>\n<\/div>\n<div>Quando pensamos em decora\u00e7\u00e3o com plantas, n\u00e3o necessariamente precisamos apostar nas vers\u00f5es naturais, vale usar as artificiais tamb\u00e9m, afinal, o que importa \u00e9 o sentimento de paz e frescor que o verde gera.<\/div>\n<\/div>\n<\/div>\n<div><\/div>\n<div><img loading=\"lazy\" decoding=\"async\" class=\"size-medium wp-image-51369 aligncenter\" src=\"https:\/\/grupomidia.com\/quemrealiza\/wp-content\/uploads\/2020\/11\/unnamed-7-300x300.jpg\" alt=\"\" width=\"300\" height=\"300\" title=\"\" srcset=\"https:\/\/grupomidia.com\/quemrealiza\/wp-content\/uploads\/2020\/11\/unnamed-7-300x300.jpg 300w, https:\/\/grupomidia.com\/quemrealiza\/wp-content\/uploads\/2020\/11\/unnamed-7-150x150.jpg 150w, https:\/\/grupomidia.com\/quemrealiza\/wp-content\/uploads\/2020\/11\/unnamed-7-105x105.jpg 105w, https:\/\/grupomidia.com\/quemrealiza\/wp-content\/uploads\/2020\/11\/unnamed-7-350x350.jpg 350w, https:\/\/grupomidia.com\/quemrealiza\/wp-content\/uploads\/2020\/11\/unnamed-7.jpg 580w\" sizes=\"auto, (max-width: 300px) 100vw, 300px\" \/><\/div>\n","protected":false},"excerpt":{"rendered":"<p>Em um ano t\u00e3o at\u00edpico como este que estamos vivendo, com o contato com a natureza e com outras pessoas bastante restrito por causa da pandemia, nada melhor que trazer tranquilidade e leveza \u00e0 sua casa atrav\u00e9s das plantas. Essa tend\u00eancia mais natural, que veio pra ficar, j\u00e1 de cara d\u00e1 um toque de vida [&hellip;]<\/p>\n","protected":false},"author":6,"featured_media":51365,"comment_status":"closed","ping_status":"closed","sticky":true,"template":"","format":"standard","meta":{"footnotes":""},"categories":[773],"tags":[531,532,872,1253],"class_list":["post-51364","post","type-post","status-publish","format-standard","has-post-thumbnail","hentry","category-arq-urban","tag-arquitetura","tag-decoracao","tag-elo7","tag-plantas"],"wps_subtitle":"","_links":{"self":[{"href":"https:\/\/grupomidia.com\/quemrealiza\/wp-json\/wp\/v2\/posts\/51364","targetHints":{"allow":["GET"]}}],"collection":[{"href":"https:\/\/grupomidia.com\/quemrealiza\/wp-json\/wp\/v2\/posts"}],"about":[{"href":"https:\/\/grupomidia.com\/quemrealiza\/wp-json\/wp\/v2\/types\/post"}],"author":[{"embeddable":true,"href":"https:\/\/grupomidia.com\/quemrealiza\/wp-json\/wp\/v2\/users\/6"}],"replies":[{"embeddable":true,"href":"https:\/\/grupomidia.com\/quemrealiza\/wp-json\/wp\/v2\/comments?post=51364"}],"version-history":[{"count":0,"href":"https:\/\/grupomidia.com\/quemrealiza\/wp-json\/wp\/v2\/posts\/51364\/revisions"}],"wp:featuredmedia":[{"embeddable":true,"href":"https:\/\/grupomidia.com\/quemrealiza\/wp-json\/wp\/v2\/media\/51365"}],"wp:attachment":[{"href":"https:\/\/grupomidia.com\/quemrealiza\/wp-json\/wp\/v2\/media?parent=51364"}],"wp:term":[{"taxonomy":"category","embeddable":true,"href":"https:\/\/grupomidia.com\/quemrealiza\/wp-json\/wp\/v2\/categories?post=51364"},{"taxonomy":"post_tag","embeddable":true,"href":"https:\/\/grupomidia.com\/quemrealiza\/wp-json\/wp\/v2\/tags?post=51364"}],"curies":[{"name":"wp","href":"https:\/\/api.w.org\/{rel}","templated":true}]}}