{"id":51330,"date":"2020-11-05T10:53:00","date_gmt":"2020-11-05T12:53:00","guid":{"rendered":"https:\/\/grupomidia.com\/quemrealiza\/?p=51330"},"modified":"2020-11-05T10:56:01","modified_gmt":"2020-11-05T12:56:01","slug":"costa-do-sauipe-confirma-reveillon-2021","status":"publish","type":"post","link":"https:\/\/grupomidia.com\/quemrealiza\/costa-do-sauipe-confirma-reveillon-2021\/","title":{"rendered":"Costa do Sau\u00edpe confirma R\u00e9veillon 2021"},"content":{"rendered":"<h2>Cantora Gab Ferreira e queima silenciosa de fogos s\u00e3o destaques<\/h2>\n<div>\n<p>Com o mote\u00a0&#8220;Perto do Mar, A Gente \u00c9 Mais Feliz&#8221;, a\u00a0Costa do Sau\u00edpe, a cerca de 76 km de Salvador, confirma a realiza\u00e7\u00e3o do seu\u00a0R\u00e9veillon 2021, seguindo r\u00edgidos protocolos de seguran\u00e7a, com a chancela do selo Turismo Respons\u00e1vel, criado pelo governo federal. A ideia do destino, gerenciado pela Aviva, \u00e9 recriar o cen\u00e1rio de uma vila de pescadores em tr\u00eas espa\u00e7os do seu complexo, com interven\u00e7\u00f5es teatrais que recriam os afazeres da pesca e of\u00edcios sociais do povoado.<\/p>\n<\/div>\n<div>Os entornos das piscinas dos\u00a0hot\u00e9is Sau\u00edpe Premium Brisa e Terra\u00a0receber\u00e3o ilumina\u00e7\u00e3o c\u00eanica, infraestrutura de alimenta\u00e7\u00e3o e bebida e decora\u00e7\u00e3o tematizada com anfiteatro e palco, espa\u00e7os que receber\u00e3o, respectivamente, apresenta\u00e7\u00f5es de AlanB\u00eas e da cantora Gab Ferreira.<\/div>\n<div><\/div>\n<div><img loading=\"lazy\" decoding=\"async\" class=\"aligncenter wp-image-51331\" src=\"https:\/\/grupomidia.com\/quemrealiza\/wp-content\/uploads\/2020\/11\/unnamed-27.jpg\" alt=\"\" width=\"450\" height=\"301\" title=\"\" srcset=\"https:\/\/grupomidia.com\/quemrealiza\/wp-content\/uploads\/2020\/11\/unnamed-27.jpg 530w, https:\/\/grupomidia.com\/quemrealiza\/wp-content\/uploads\/2020\/11\/unnamed-27-300x200.jpg 300w\" sizes=\"auto, (max-width: 450px) 100vw, 450px\" \/><\/div>\n<div><\/div>\n<div>A Arena Sau\u00edpe tamb\u00e9m contar\u00e1 com estrutura para receber os h\u00f3spedes com conforto e seguran\u00e7a, em noite coroada com uma\u00a0queima silenciosa de fogos de artif\u00edcio, em respeito \u00e0 fauna da regi\u00e3o.<\/div>\n<div><\/div>\n<div>\n<p><strong>Atra\u00e7\u00f5es<\/strong><\/p>\n<div><\/div>\n<div>Dona de uma voz que acalma, conforta e ilumina cora\u00e7\u00f5es, Gab Ferreira ser\u00e1 atra\u00e7\u00e3o da virada no Sau\u00edpe Premium Brisa. A cantora, que participou dos realities musicais da Rede Globo SuperStar &#8211; com a banda Alphazimu &#8211; e The Voice Brasil, sendo semifinalista na edi\u00e7\u00e3o de 2017, mistura suavidade vocal com os tambores marcantes da percuss\u00e3o baiana. J\u00e1 os h\u00f3spedes do Hotel Terra celebram a chegada de 2021 ao som de Alan B\u00eas. As duas \u00e1reas ter\u00e3o decora\u00e7\u00e3o e estrutura em espa\u00e7o aberto no gramado, com sinaliza\u00e7\u00e3o para distanciamento social.<\/div>\n<div><\/div>\n<div>A partir das 2h30, um DJ animar\u00e1 a Arena Sau\u00edpe, que ser\u00e1 decorada com fitinhas do Senhor do Bonfim e contar\u00e1 com servi\u00e7o pr\u00f3prio de alimenta\u00e7\u00e3o e bebidas.<\/div>\n<div><\/div>\n<div>Pacotes promocionais e informa\u00e7\u00f5es sobre reservas podem ser conferidos no\u00a0<a href=\"https:\/\/yancevetiorarle.i-mpr.com\/link.php?code=bDpodHRwJTNBJTJGJTJGd3d3LmNvc3RhZG9zYXVpcGUuY29tLmJyJTJGcGFjb3Rlcy1wcm9tb2Npb25haXM6ODM1NzY0Nzk5OmNsaXZvbmVpQGdydXBvbWlkaWEuY29tOmZhZTI3NQ==\" target=\"_blank\" rel=\"noopener noreferrer nofollow\" data-saferedirecturl=\"https:\/\/www.google.com\/url?q=https:\/\/yancevetiorarle.i-mpr.com\/link.php?code%3DbDpodHRwJTNBJTJGJTJGd3d3LmNvc3RhZG9zYXVpcGUuY29tLmJyJTJGcGFjb3Rlcy1wcm9tb2Npb25haXM6ODM1NzY0Nzk5OmNsaXZvbmVpQGdydXBvbWlkaWEuY29tOmZhZTI3NQ%3D%3D&amp;source=gmail&amp;ust=1604662524626000&amp;usg=AFQjCNF7QJEgZ62B8p02_buzFpW61fVPnA\">site\u00a0<\/a>.<\/div>\n<\/div>\n<div><\/div>\n<div><img loading=\"lazy\" decoding=\"async\" class=\"aligncenter wp-image-51332\" src=\"https:\/\/grupomidia.com\/quemrealiza\/wp-content\/uploads\/2020\/11\/unnamed-28.jpg\" alt=\"\" width=\"500\" height=\"280\" title=\"\" srcset=\"https:\/\/grupomidia.com\/quemrealiza\/wp-content\/uploads\/2020\/11\/unnamed-28.jpg 640w, https:\/\/grupomidia.com\/quemrealiza\/wp-content\/uploads\/2020\/11\/unnamed-28-300x168.jpg 300w\" sizes=\"auto, (max-width: 500px) 100vw, 500px\" \/><\/div>\n<div><\/div>\n<div>\n<div>\n<p><strong>Protocolos de seguran\u00e7a<\/strong><\/p>\n<\/div>\n<div>\n<p>Vale destacar que a Costa do Sau\u00edpe segue r\u00edgidos protocolos de seguran\u00e7a e est\u00e3o de acordo com os melhores empreendimentos de turismo do mundo, inclusive com a chancela do selo Turismo Respons\u00e1vel, criado pelo governo federal do Brasil.<\/p>\n<\/div>\n<div>\n<p>Os novos procedimentos foram validados pela equipe de Imunologia do InCor (Instituto do Cora\u00e7\u00e3o do Hospital das Cl\u00ednicas da Faculdade de Medicina da USP), que reuniu equipe de m\u00e9dicos multidisciplinares para analisar todas as etapas da opera\u00e7\u00e3o.<\/p>\n<\/div>\n<div>\n<p>Neste momento, ambos reajustaram suas atividades para receber as fam\u00edlias de acordo com as normas dos \u00f3rg\u00e3os respons\u00e1veis, e operam com capacidade reduzida e inferior a 50% de ocupa\u00e7\u00e3o na Costa do Sau\u00edpe e de 70% em Rio Quente. Esta medida tem o objetivo de garantir a seguran\u00e7a dos clientes e colaboradores.<\/p>\n<\/div>\n<div>As informa\u00e7\u00f5es completas sobre as novas medidas podem ser encontradas no\u00a0<a href=\"https:\/\/yancevetiorarle.i-mpr.com\/link.php?code=bDpodHRwJTNBJTJGJTJGd3d3LmF2aXZhLnR1ci5iciUyRi46ODM1NzY0Nzk5OmNsaXZvbmVpQGdydXBvbWlkaWEuY29tOjliOGU5NA==\" target=\"_blank\" rel=\"noopener noreferrer nofollow\" data-saferedirecturl=\"https:\/\/www.google.com\/url?q=https:\/\/yancevetiorarle.i-mpr.com\/link.php?code%3DbDpodHRwJTNBJTJGJTJGd3d3LmF2aXZhLnR1ci5iciUyRi46ODM1NzY0Nzk5OmNsaXZvbmVpQGdydXBvbWlkaWEuY29tOjliOGU5NA%3D%3D&amp;source=gmail&amp;ust=1604662524626000&amp;usg=AFQjCNEn9VMnX35jdQOSWt02zuXVKAL3ww\">site\u00a0<\/a>.<\/div>\n<\/div>\n","protected":false},"excerpt":{"rendered":"<p>Cantora Gab Ferreira e queima silenciosa de fogos s\u00e3o destaques Com o mote\u00a0&#8220;Perto do Mar, A Gente \u00c9 Mais Feliz&#8221;, a\u00a0Costa do Sau\u00edpe, a cerca de 76 km de Salvador, confirma a realiza\u00e7\u00e3o do seu\u00a0R\u00e9veillon 2021, seguindo r\u00edgidos protocolos de seguran\u00e7a, com a chancela do selo Turismo Respons\u00e1vel, criado pelo governo federal. A ideia do [&hellip;]<\/p>\n","protected":false},"author":7,"featured_media":51333,"comment_status":"closed","ping_status":"closed","sticky":true,"template":"","format":"standard","meta":{"footnotes":""},"categories":[82,356],"tags":[2064,2066,2068,1959,2065,310,1130,2067],"class_list":["post-51330","post","type-post","status-publish","format-standard","has-post-thumbnail","hentry","category-destino","category-eventos","tag-costa-do-sauipe","tag-fim-de-ano","tag-gab-ferreira","tag-praia","tag-reveillon","tag-viagem","tag-viagens","tag-virada-de-ano"],"wps_subtitle":"","_links":{"self":[{"href":"https:\/\/grupomidia.com\/quemrealiza\/wp-json\/wp\/v2\/posts\/51330","targetHints":{"allow":["GET"]}}],"collection":[{"href":"https:\/\/grupomidia.com\/quemrealiza\/wp-json\/wp\/v2\/posts"}],"about":[{"href":"https:\/\/grupomidia.com\/quemrealiza\/wp-json\/wp\/v2\/types\/post"}],"author":[{"embeddable":true,"href":"https:\/\/grupomidia.com\/quemrealiza\/wp-json\/wp\/v2\/users\/7"}],"replies":[{"embeddable":true,"href":"https:\/\/grupomidia.com\/quemrealiza\/wp-json\/wp\/v2\/comments?post=51330"}],"version-history":[{"count":0,"href":"https:\/\/grupomidia.com\/quemrealiza\/wp-json\/wp\/v2\/posts\/51330\/revisions"}],"wp:featuredmedia":[{"embeddable":true,"href":"https:\/\/grupomidia.com\/quemrealiza\/wp-json\/wp\/v2\/media\/51333"}],"wp:attachment":[{"href":"https:\/\/grupomidia.com\/quemrealiza\/wp-json\/wp\/v2\/media?parent=51330"}],"wp:term":[{"taxonomy":"category","embeddable":true,"href":"https:\/\/grupomidia.com\/quemrealiza\/wp-json\/wp\/v2\/categories?post=51330"},{"taxonomy":"post_tag","embeddable":true,"href":"https:\/\/grupomidia.com\/quemrealiza\/wp-json\/wp\/v2\/tags?post=51330"}],"curies":[{"name":"wp","href":"https:\/\/api.w.org\/{rel}","templated":true}]}}