{"id":51292,"date":"2020-10-27T14:55:05","date_gmt":"2020-10-27T16:55:05","guid":{"rendered":"https:\/\/grupomidia.com\/quemrealiza\/?p=51292"},"modified":"2020-10-27T14:57:19","modified_gmt":"2020-10-27T16:57:19","slug":"cuidados-paliativos-representam-apoio-e-bem-estar-ao-paciente-e-a-todos-os-envolvidos-em-sua-rotina","status":"publish","type":"post","link":"https:\/\/grupomidia.com\/quemrealiza\/cuidados-paliativos-representam-apoio-e-bem-estar-ao-paciente-e-a-todos-os-envolvidos-em-sua-rotina\/","title":{"rendered":"Cuidados paliativos representam apoio e bem-estar ao paciente e a todos os envolvidos em sua rotina"},"content":{"rendered":"<p>N\u00e3o se pode falar em cuidados paliativos sem observar todas as possibilidades de aprimoramento de qualidade de vida a pacientes que enfrentam doen\u00e7as graves. Passando pelo diagn\u00f3stico, os cuidados no decorrer do tratamento e o eventual fim da vida, \u00e9 justamente esse aprimoramento que torna o t\u00f3pico cada vez mais relevante. No Brasil, o aumento exponencial da expectativa de vida representa automaticamente o crescimento da demanda por cuidados paliativos, n\u00e3o apenas junto ao paciente, mas tamb\u00e9m de seus familiares.<\/p>\n<p>\u201cO cuidar, em cuidados paliativos, significa prover conforto, agir e reagir adequadamente frente a situa\u00e7\u00e3o de morte com o doente, fam\u00edlia e consigo mesmo; reconhecendo o sofrimento e as conquistas de cada pessoa\u201d, afirma\u00a0 Andr\u00e9 Filipe Junqueira Santos que, junto a Andr\u00e9 Luiz Fioravante, est\u00e1 a frente do setor de cuidados paliativos da Nova Bene de Ribeir\u00e3o Preto.<\/p>\n<p><strong>Bem-estar estrutural<\/strong><\/p>\n<p>Para os m\u00e9dicos, o objetivo do cuidado paliativo \u00e9 muito claro: promover o controle dos sintomas, medidas de conforto e preserva\u00e7\u00e3o da dignidade e autonomia do indiv\u00edduo. Na Nova Bene de Ribeir\u00e3o, uma equipe multidisciplinar foi formada por m\u00e9dicos especialistas em cuidados paliativos, enfermeiros, psic\u00f3logos, fisioterapeutas, fonoaudi\u00f3logos e outros profissionais da sa\u00fade para estruturar o setor.<\/p>\n<p>\u201cTodos foram treinados para oferecer o melhor cuidado para pacientes com doen\u00e7as graves e que precisam de aten\u00e7\u00e3o em todas as suas necessidades\u201d, complementa Fioravante. As melhorias foram colocadas em pauta com base em estudos cient\u00edficos recentes, que demonstram que, quando bem implementados, os cuidados paliativos prov\u00eam melhor controle de sistemas e aumento da qualidade de vida dos pacientes. \u201cSendo que em algumas doen\u00e7as, como o c\u00e2ncer na fase avan\u00e7ada, aumentam o tempo de vida com qualidade\u201d, ressalta.<\/p>\n<figure id=\"attachment_51294\" aria-describedby=\"caption-attachment-51294\" style=\"width: 400px\" class=\"wp-caption alignright\"><img loading=\"lazy\" decoding=\"async\" class=\"wp-image-51294\" src=\"https:\/\/grupomidia.com\/quemrealiza\/wp-content\/uploads\/2020\/10\/Andr\u00e9-Filipe-Junqueira-Santos.jpg\" alt=\"\" width=\"400\" height=\"400\" title=\"\" srcset=\"https:\/\/grupomidia.com\/quemrealiza\/wp-content\/uploads\/2020\/10\/Andr\u00e9-Filipe-Junqueira-Santos.jpg 590w, https:\/\/grupomidia.com\/quemrealiza\/wp-content\/uploads\/2020\/10\/Andr\u00e9-Filipe-Junqueira-Santos-300x300.jpg 300w, https:\/\/grupomidia.com\/quemrealiza\/wp-content\/uploads\/2020\/10\/Andr\u00e9-Filipe-Junqueira-Santos-150x150.jpg 150w, https:\/\/grupomidia.com\/quemrealiza\/wp-content\/uploads\/2020\/10\/Andr\u00e9-Filipe-Junqueira-Santos-105x105.jpg 105w, https:\/\/grupomidia.com\/quemrealiza\/wp-content\/uploads\/2020\/10\/Andr\u00e9-Filipe-Junqueira-Santos-350x350.jpg 350w\" sizes=\"auto, (max-width: 400px) 100vw, 400px\" \/><figcaption id=\"caption-attachment-51294\" class=\"wp-caption-text\">Andr\u00e9 Filipe Junqueira Santos, diretor do setor de cuidados paliativos da Nova Bene de Ribeir\u00e3o Preto<\/figcaption><\/figure>\n<p><strong>Acompanhamento<\/strong><\/p>\n<p>Para os servi\u00e7os de Sa\u00fade, isso representa, para al\u00e9m de um melhor tratamento de seus pacientes, um melhor gerenciamento de recursos de sa\u00fade, evitando assim a realiza\u00e7\u00e3o de tratamentos muitas vezes invasivos ou agressivos, que n\u00e3o ajudam em fase terminal ou irrevers\u00edvel. \u201cIsso significa um cuidado mais humanizado, centrado nos desejos e valores do paciente\u201d, explica Junqueira.<\/p>\n<p>Mas, ainda que seja muito associado ao fim da vida, o m\u00e9dico explica que o cuidado paliativo pode atuar em qualquer momento de uma doen\u00e7a grave e que ameace a vida, desde do diagn\u00f3stico, e se estender por anos, at\u00e9 o fim da vida e al\u00e9m, amparando o luto dos familiares. \u201cQuanto mais cedo a equipe de cuidados paliativos atua, mais poder\u00e1 ajudar o paciente e seus entes queridos. Na fase mais avan\u00e7ada, a demanda \u00e9, claro, maior; mas isso n\u00e3o significa que s\u00f3 deva ser uma possibilidade apenas nesta situa\u00e7\u00e3o.\u201d<\/p>\n<p><strong>Apoio<\/strong><\/p>\n<p>Fioravanti ressalta que os cuidados paliativos devem ser oferecidos em todos os n\u00edveis de atendimento, e que a detec\u00e7\u00e3o precoce da necessidade de cuidados paliativos deve ser realizada nos servi\u00e7os de aten\u00e7\u00e3o prim\u00e1ria da comunidade, respons\u00e1veis tamb\u00e9m pelos atendimentos iniciais. \u201cSe a situa\u00e7\u00e3o se complicar ao longo da trajet\u00f3ria, entram em cena equipes especializadas e recursos avan\u00e7ados, tanto para o al\u00edvio da dor e de outros sintomas quanto em situa\u00e7\u00f5es de falta de apoio familiar e social adequado\u201d, conta.<\/p>\n<p>Hoje, todos os profissionais de sa\u00fade envolvidos nos cuidados paliativos oferecidos pela Nova Bene s\u00e3o instru\u00eddos a promover a qualidade de vida, o melhor controle de sintomas, conforto e bem-estar m\u00e1ximo. A equipe, que est\u00e1 sendo ampliada e treinada pela Institui\u00e7\u00e3o, tamb\u00e9m far\u00e1 parte de uma rede de cuidados que se estende \u00e0s fam\u00edlias para al\u00e9m do hospital. \u201cLevaremos a aten\u00e7\u00e3o para dentro da casa, criando um v\u00ednculo de continuidade e aten\u00e7\u00e3o em todos os momentos.\u201d<\/p>\n<p><strong>Democratiza\u00e7\u00e3o<\/strong><\/p>\n<figure id=\"attachment_51295\" aria-describedby=\"caption-attachment-51295\" style=\"width: 500px\" class=\"wp-caption alignleft\"><img loading=\"lazy\" decoding=\"async\" class=\"wp-image-51295\" src=\"https:\/\/grupomidia.com\/quemrealiza\/wp-content\/uploads\/2020\/10\/Andr\u00e9-Luiz-Fioravante-300x240.jpg\" alt=\"\" width=\"500\" height=\"400\" title=\"\" srcset=\"https:\/\/grupomidia.com\/quemrealiza\/wp-content\/uploads\/2020\/10\/Andr\u00e9-Luiz-Fioravante-300x240.jpg 300w, https:\/\/grupomidia.com\/quemrealiza\/wp-content\/uploads\/2020\/10\/Andr\u00e9-Luiz-Fioravante.jpg 600w\" sizes=\"auto, (max-width: 500px) 100vw, 500px\" \/><figcaption id=\"caption-attachment-51295\" class=\"wp-caption-text\">Andr\u00e9 Filipe Junqueira Santos, diretor do setor de cuidados paliativos da Nova Bene de Ribeir\u00e3o Preto.<\/figcaption><\/figure>\n<p>Ampliar essa atua\u00e7\u00e3o \u00e9 justamente um dos maiores desafios da Bene, assim como demonstrar, tanto para pacientes quanto para familiares me outras equipes de sa\u00fade, que o cuidar \u00e9 fundamental na promo\u00e7\u00e3o da qualidade de vida. \u201c\u00c9 preciso refor\u00e7ar sempre que, al\u00e9m de todos os recursos tecnol\u00f3gicos que a Bene possui, a aten\u00e7\u00e3o ao cuidado do paciente em todas as suas demandas pode ajud\u00e1-lo diante do impacto de uma doen\u00e7a grave em sua vida\u201d, relembra Junqueira.<\/p>\n<p>Ainda que em expans\u00e3o por todo\u00a0 Brasil, os cuidados paliativos ainda atendem a uma pequena parcela da popula\u00e7\u00e3o que os necessita, ressalta o m\u00e9dico. Especialmente quando se leva em considera\u00e7\u00e3o que, dos 2.500 hospitais brasileiros com mais de 50 leitos, apenas 5% disponibiliza uma equipe voltada ao segmento. \u201cPara efeito de compara\u00e7\u00e3o, em um levantamento de 2016 sobre o n\u00famero de equipes nos Estados Unidos, o Center for Advanced Palliative Care encontrou 1.831 equipes, cobrindo mais de 90% dos hospitais norte-americanos com mais de 50\u201d, ilustra.<\/p>\n<p><strong>Consci\u00eancia<\/strong><\/p>\n<p>\u201cMuitos ir\u00e3o viver seus \u00faltimos dias dentro de hospitais, por isso \u00e9 essencial que os mesmos ofere\u00e7am n\u00e3o somente recursos tecnol\u00f3gicos e condi\u00e7\u00f5es para controle da doen\u00e7a, mas tamb\u00e9m um ambiente de acolhimento e bem estar para que as outras pessoas que venham infelizmente a falecer recebam toda a aten\u00e7\u00e3o e cuidados que necessitem, em todas as dimens\u00f5es, sejam f\u00edsicas, patol\u00f3gicas, sociais ou espirituais.\u201d<\/p>\n<p>Para os m\u00e9dicos, \u00e9 importante lembrar sempre que os cuidados paliativos s\u00e3o muito mais do que um modelo de aten\u00e7\u00e3o \u00e0 sa\u00fade. \u201c\u00c9 uma filosofia de bem-estar e cuidados a todas as pessoas que lidam com doen\u00e7as graves e que t\u00eam impacto em suas vidas. \u00c9 uma valoriza\u00e7\u00e3o de cada indiv\u00edduo, seus entes queridos e uma vis\u00e3o amplificada dos profissionais de sa\u00fade em cuidar n\u00e3o somente das doen\u00e7as e suas complica\u00e7\u00f5es.\u201d<\/p>\n<p><a href=\"https:\/\/informativo.grupomidia.com\/quem-realiza-edicao-70\">Essa mat\u00e9ria e muito mais voc\u00ea confere na edi\u00e7\u00e3o 70 da Revista Quem Realiza.<\/a><\/p>\n","protected":false},"excerpt":{"rendered":"<p>N\u00e3o se pode falar em cuidados paliativos sem observar todas as possibilidades de aprimoramento de qualidade de vida a pacientes que enfrentam doen\u00e7as graves. Passando pelo diagn\u00f3stico, os cuidados no decorrer do tratamento e o eventual fim da vida, \u00e9 justamente esse aprimoramento que torna o t\u00f3pico cada vez mais relevante. No Brasil, o aumento [&hellip;]<\/p>\n","protected":false},"author":6,"featured_media":51293,"comment_status":"closed","ping_status":"closed","sticky":true,"template":"","format":"standard","meta":{"footnotes":""},"categories":[68],"tags":[1748,111],"class_list":["post-51292","post","type-post","status-publish","format-standard","has-post-thumbnail","hentry","category-saude-bem-estar","tag-beneficencia-portuguesa","tag-beneficencia-portuguesa-de-ribeirao-preto"],"wps_subtitle":"","_links":{"self":[{"href":"https:\/\/grupomidia.com\/quemrealiza\/wp-json\/wp\/v2\/posts\/51292","targetHints":{"allow":["GET"]}}],"collection":[{"href":"https:\/\/grupomidia.com\/quemrealiza\/wp-json\/wp\/v2\/posts"}],"about":[{"href":"https:\/\/grupomidia.com\/quemrealiza\/wp-json\/wp\/v2\/types\/post"}],"author":[{"embeddable":true,"href":"https:\/\/grupomidia.com\/quemrealiza\/wp-json\/wp\/v2\/users\/6"}],"replies":[{"embeddable":true,"href":"https:\/\/grupomidia.com\/quemrealiza\/wp-json\/wp\/v2\/comments?post=51292"}],"version-history":[{"count":0,"href":"https:\/\/grupomidia.com\/quemrealiza\/wp-json\/wp\/v2\/posts\/51292\/revisions"}],"wp:featuredmedia":[{"embeddable":true,"href":"https:\/\/grupomidia.com\/quemrealiza\/wp-json\/wp\/v2\/media\/51293"}],"wp:attachment":[{"href":"https:\/\/grupomidia.com\/quemrealiza\/wp-json\/wp\/v2\/media?parent=51292"}],"wp:term":[{"taxonomy":"category","embeddable":true,"href":"https:\/\/grupomidia.com\/quemrealiza\/wp-json\/wp\/v2\/categories?post=51292"},{"taxonomy":"post_tag","embeddable":true,"href":"https:\/\/grupomidia.com\/quemrealiza\/wp-json\/wp\/v2\/tags?post=51292"}],"curies":[{"name":"wp","href":"https:\/\/api.w.org\/{rel}","templated":true}]}}