{"id":51256,"date":"2020-10-09T09:32:16","date_gmt":"2020-10-09T12:32:16","guid":{"rendered":"https:\/\/grupomidia.com\/quemrealiza\/?p=51256"},"modified":"2020-10-09T09:32:16","modified_gmt":"2020-10-09T12:32:16","slug":"de-volta-aos-anos-90-5-tendencias-de-beleza-voltaram-com-forca-total","status":"publish","type":"post","link":"https:\/\/grupomidia.com\/quemrealiza\/de-volta-aos-anos-90-5-tendencias-de-beleza-voltaram-com-forca-total\/","title":{"rendered":"De volta aos anos 90: 5 tend\u00eancias de beleza voltaram com for\u00e7a total"},"content":{"rendered":"<div>O mundo da beleza est\u00e1 em constante mudan\u00e7a, sempre h\u00e1 uma nova tend\u00eancia para seguir. E quem n\u00e3o gosta de estar sempre na moda, com as unhas feitas, cabelo arrumado e maquiagem estilosa? E claro, sem deixar de lado os acess\u00f3rios que s\u00e3o o hype do momento. Pensando nisso, o aplicativo de delivery de beleza Make You listou as principais tend\u00eancias de beleza do final do ano de 2020, que vieram diretamente dos anos 90, e prometem trazer muitas mudan\u00e7as! Confira abaixo:<\/p>\n<\/div>\n<div><strong>Naturais e volumosos, isso \u00e9 vida!<\/strong><\/div>\n<div>\u00a0 \u00a0\u00a0<img loading=\"lazy\" decoding=\"async\" class=\"wp-image-51261 size-large aligncenter\" src=\"https:\/\/grupomidia.com\/quemrealiza\/wp-content\/uploads\/2020\/10\/De-volta-aos-anos-901-800x533.jpg\" alt=\"\" width=\"800\" height=\"533\" title=\"\" srcset=\"https:\/\/grupomidia.com\/quemrealiza\/wp-content\/uploads\/2020\/10\/De-volta-aos-anos-901-800x533.jpg 800w, https:\/\/grupomidia.com\/quemrealiza\/wp-content\/uploads\/2020\/10\/De-volta-aos-anos-901-300x200.jpg 300w, https:\/\/grupomidia.com\/quemrealiza\/wp-content\/uploads\/2020\/10\/De-volta-aos-anos-901-768x512.jpg 768w, https:\/\/grupomidia.com\/quemrealiza\/wp-content\/uploads\/2020\/10\/De-volta-aos-anos-901.jpg 960w\" sizes=\"auto, (max-width: 800px) 100vw, 800px\" \/><\/p>\n<p>Os cabelos naturais est\u00e3o em alta, os procedimentos de alisamento est\u00e3o sendo cada vez menos procurados. Os cabelos volumosos e cacheados est\u00e3o bombando. A pegada pop dos cabelos volumosos foi marca registrada das modelos, atrizes e cantoras dos anos 90.<\/p>\n<p>Os cabelos volumosos s\u00e3o modernos e tem personalidade. Para dar um upgrade na tend\u00eancia, tenha sempre em m\u00e3os um babyliss de 1\u2019\u2019, com aproximadamente 2,5cm de espessura &#8211; o truque, aqui, \u00e9 fazer o cacho no baby e soltar a mecha com o cabelo esticado &#8211; e um bom spray de sal, para garantir um ondulado volumoso e chique.<\/p>\n<p><strong>Trancinhas, quem nunca?!<\/strong><\/p>\n<\/div>\n<div><img loading=\"lazy\" decoding=\"async\" class=\"wp-image-51260 size-large aligncenter\" src=\"https:\/\/grupomidia.com\/quemrealiza\/wp-content\/uploads\/2020\/10\/De-volta-aos-anos-902-800x533.jpg\" alt=\"\" width=\"800\" height=\"533\" title=\"\" srcset=\"https:\/\/grupomidia.com\/quemrealiza\/wp-content\/uploads\/2020\/10\/De-volta-aos-anos-902-800x533.jpg 800w, https:\/\/grupomidia.com\/quemrealiza\/wp-content\/uploads\/2020\/10\/De-volta-aos-anos-902-300x200.jpg 300w, https:\/\/grupomidia.com\/quemrealiza\/wp-content\/uploads\/2020\/10\/De-volta-aos-anos-902-768x512.jpg 768w, https:\/\/grupomidia.com\/quemrealiza\/wp-content\/uploads\/2020\/10\/De-volta-aos-anos-902.jpg 960w\" sizes=\"auto, (max-width: 800px) 100vw, 800px\" \/><\/div>\n<div>As tran\u00e7as nunca saem de tend\u00eancia e t\u00eam sempre um estilo para salvar em um bad hair day. O estilo que bombou nos anos 90 e que est\u00e1 de volta, s\u00e3o trancinhas finas nas mechas da frente do cabelo. Essas tran\u00e7as deixam o look charmoso e jovial e s\u00e3o f\u00e1ceis de fazer: \u00e9 s\u00f3 separar duas mechas fininhas, da parte da frente do seu cabelo, na regi\u00e3o da franja, tran\u00e7ar e ser feliz.<\/div>\n<div><\/div>\n<div><strong>Acess\u00f3rios bem chamativos!<\/strong><\/div>\n<div><img loading=\"lazy\" decoding=\"async\" class=\"wp-image-51259 size-large aligncenter\" src=\"https:\/\/grupomidia.com\/quemrealiza\/wp-content\/uploads\/2020\/10\/De-volta-aos-anos-903-800x533.jpg\" alt=\"\" width=\"800\" height=\"533\" title=\"\" srcset=\"https:\/\/grupomidia.com\/quemrealiza\/wp-content\/uploads\/2020\/10\/De-volta-aos-anos-903-800x533.jpg 800w, https:\/\/grupomidia.com\/quemrealiza\/wp-content\/uploads\/2020\/10\/De-volta-aos-anos-903-300x200.jpg 300w, https:\/\/grupomidia.com\/quemrealiza\/wp-content\/uploads\/2020\/10\/De-volta-aos-anos-903-768x512.jpg 768w, https:\/\/grupomidia.com\/quemrealiza\/wp-content\/uploads\/2020\/10\/De-volta-aos-anos-903.jpg 960w\" sizes=\"auto, (max-width: 800px) 100vw, 800px\" \/><\/p>\n<p>Quanto mais melhor! Os acess\u00f3rios fizeram muito sucesso nos anos 90, eles s\u00e3o pr\u00e1ticos, leves e super chamativos: os scrunchies (chuquinha, el\u00e1stico de cabelo e etc), possuem v\u00e1rias cores, estampas e modelos, al\u00e9m disso, ficam \u00f3timos com diferentes penteados:\u00a0<a href=\"https:\/\/ytiesxemaawiyxe.i-mpr.com\/link.php?code=bDpodHRwJTNBJTJGJTJGd3d3LnNhbG9ubGluZS5jb20uYnIlMkZyYWJvLWRlLWNhdmFsby1hbHRvLWJhaXhvJTJGOjM1MDEwNDYyMTptYXJpYWx1aXphQGdydXBvbWlkaWEuY29tOjAwMDJlZA==\" target=\"_blank\" rel=\"noopener noreferrer nofollow\" data-saferedirecturl=\"https:\/\/www.google.com\/url?q=https:\/\/ytiesxemaawiyxe.i-mpr.com\/link.php?code%3DbDpodHRwJTNBJTJGJTJGd3d3LnNhbG9ubGluZS5jb20uYnIlMkZyYWJvLWRlLWNhdmFsby1hbHRvLWJhaXhvJTJGOjM1MDEwNDYyMTptYXJpYWx1aXphQGdydXBvbWlkaWEuY29tOjAwMDJlZA%3D%3D&amp;source=gmail&amp;ust=1602328557849000&amp;usg=AFQjCNE9DIeCWo1hg7nWZ4m3q_TmWSad8g\">rabo de cavalo\u00a0<\/a>, rabo de cavalo alto lateral, coque, duplo, coque tradicional ou mesmo\u00a0half bun.\u00a0Viu quantas varia\u00e7\u00f5es? \u00c9 s\u00f3 escolher o seu modelo preferido.\u00a0As bandanas tamb\u00e9m fizeram sucesso e podem ser o seu xod\u00f3 de beleza desta temporada. Aproveite que \u00e9 primavera e se jogue nos modelos coloridos e estampados.<\/div>\n<div><\/div>\n<div><strong>Sem tempo para batom cor de boca!<\/strong><\/div>\n<div><img loading=\"lazy\" decoding=\"async\" class=\"wp-image-51258 size-large aligncenter\" src=\"https:\/\/grupomidia.com\/quemrealiza\/wp-content\/uploads\/2020\/10\/De-volta-aos-anos-904-800x533.jpg\" alt=\"\" width=\"800\" height=\"533\" title=\"\" srcset=\"https:\/\/grupomidia.com\/quemrealiza\/wp-content\/uploads\/2020\/10\/De-volta-aos-anos-904-800x533.jpg 800w, https:\/\/grupomidia.com\/quemrealiza\/wp-content\/uploads\/2020\/10\/De-volta-aos-anos-904-300x200.jpg 300w, https:\/\/grupomidia.com\/quemrealiza\/wp-content\/uploads\/2020\/10\/De-volta-aos-anos-904-768x512.jpg 768w, https:\/\/grupomidia.com\/quemrealiza\/wp-content\/uploads\/2020\/10\/De-volta-aos-anos-904.jpg 960w\" sizes=\"auto, (max-width: 800px) 100vw, 800px\" \/><\/p>\n<p>Um dos itens para makes poderosas nos anos 90 foram os batons de tons escuros e mais vibrantes, como vermelho, marrom e vinho. Musas da \u00e9poca como Cindy Crawford e Kate Moss sabiam, como ningu\u00e9m, como arrasar no combo &#8220;olho nada, boca tudo&#8221;.<\/p>\n<p>Para renovar os batons mais escuros n\u00e3o tem muito segredo, n\u00e9? Voc\u00ea ainda \u00e9 apegada ao look cat eye + red lipstick? Ent\u00e3o, \u00e9 s\u00f3 aproveitar essa moda, mirar no boc\u00e3o e arrasar por a\u00ed.<\/p>\n<\/div>\n<div><strong>Make mais divertida e moderna!<\/strong><\/div>\n<div><img loading=\"lazy\" decoding=\"async\" class=\"wp-image-51257 size-large aligncenter\" src=\"https:\/\/grupomidia.com\/quemrealiza\/wp-content\/uploads\/2020\/10\/De-volta-aos-anos-905-800x533.jpg\" alt=\"\" width=\"800\" height=\"533\" title=\"\" srcset=\"https:\/\/grupomidia.com\/quemrealiza\/wp-content\/uploads\/2020\/10\/De-volta-aos-anos-905-800x533.jpg 800w, https:\/\/grupomidia.com\/quemrealiza\/wp-content\/uploads\/2020\/10\/De-volta-aos-anos-905-300x200.jpg 300w, https:\/\/grupomidia.com\/quemrealiza\/wp-content\/uploads\/2020\/10\/De-volta-aos-anos-905-768x512.jpg 768w, https:\/\/grupomidia.com\/quemrealiza\/wp-content\/uploads\/2020\/10\/De-volta-aos-anos-905.jpg 960w\" sizes=\"auto, (max-width: 800px) 100vw, 800px\" \/><\/p>\n<p>Um dos curingas da maquiagem dos anos 90 voltou com tudo e continua sendo um jeito r\u00e1pido e pr\u00e1tico para definir os olhos. Embora muitas pessoas n\u00e3o gostem do efeito pesado do l\u00e1pis preto essa tend\u00eancia pode ser reinventada com novas cores. Reorganize o n\u00e9cessaire e abuse das paletas de sombra. As sombras coloridas ou o esfumado preto cl\u00e1ssico podem ser bons aliados na hora de reviver o l\u00e1pis na linha d&#8217;\u00e1gua.<\/p>\n<p>Todas essas tend\u00eancias e outras dicas podem ser conferidas no app e no blog da Make You. L\u00e1 voc\u00ea encontra perfis de profissionais que podem te ajudar a ficar sempre na moda. Os agendamentos podem ser feitos durante os 7 dias da semana, das 7h \u00e0s 22h, em qualquer lugar que desejar.<\/p><\/div>\n","protected":false},"excerpt":{"rendered":"<p>O mundo da beleza est\u00e1 em constante mudan\u00e7a, sempre h\u00e1 uma nova tend\u00eancia para seguir. E quem n\u00e3o gosta de estar sempre na moda, com as unhas feitas, cabelo arrumado e maquiagem estilosa? E claro, sem deixar de lado os acess\u00f3rios que s\u00e3o o hype do momento. Pensando nisso, o aplicativo de delivery de beleza [&hellip;]<\/p>\n","protected":false},"author":6,"featured_media":51262,"comment_status":"closed","ping_status":"closed","sticky":true,"template":"","format":"standard","meta":{"footnotes":""},"categories":[76],"tags":[2024,2027,1271,2025,2026],"class_list":["post-51256","post","type-post","status-publish","format-standard","has-post-thumbnail","hentry","category-moda-beleza","tag-anos-90","tag-batom","tag-cabelo","tag-make","tag-tranca"],"wps_subtitle":"","_links":{"self":[{"href":"https:\/\/grupomidia.com\/quemrealiza\/wp-json\/wp\/v2\/posts\/51256","targetHints":{"allow":["GET"]}}],"collection":[{"href":"https:\/\/grupomidia.com\/quemrealiza\/wp-json\/wp\/v2\/posts"}],"about":[{"href":"https:\/\/grupomidia.com\/quemrealiza\/wp-json\/wp\/v2\/types\/post"}],"author":[{"embeddable":true,"href":"https:\/\/grupomidia.com\/quemrealiza\/wp-json\/wp\/v2\/users\/6"}],"replies":[{"embeddable":true,"href":"https:\/\/grupomidia.com\/quemrealiza\/wp-json\/wp\/v2\/comments?post=51256"}],"version-history":[{"count":0,"href":"https:\/\/grupomidia.com\/quemrealiza\/wp-json\/wp\/v2\/posts\/51256\/revisions"}],"wp:featuredmedia":[{"embeddable":true,"href":"https:\/\/grupomidia.com\/quemrealiza\/wp-json\/wp\/v2\/media\/51262"}],"wp:attachment":[{"href":"https:\/\/grupomidia.com\/quemrealiza\/wp-json\/wp\/v2\/media?parent=51256"}],"wp:term":[{"taxonomy":"category","embeddable":true,"href":"https:\/\/grupomidia.com\/quemrealiza\/wp-json\/wp\/v2\/categories?post=51256"},{"taxonomy":"post_tag","embeddable":true,"href":"https:\/\/grupomidia.com\/quemrealiza\/wp-json\/wp\/v2\/tags?post=51256"}],"curies":[{"name":"wp","href":"https:\/\/api.w.org\/{rel}","templated":true}]}}