{"id":51211,"date":"2020-09-23T08:17:05","date_gmt":"2020-09-23T11:17:05","guid":{"rendered":"https:\/\/grupomidia.com\/quemrealiza\/?p=51211"},"modified":"2020-09-23T08:45:19","modified_gmt":"2020-09-23T11:45:19","slug":"vitamina-a-quais-sao-os-riscos-do-excesso-durante-a-gravidez","status":"publish","type":"post","link":"https:\/\/grupomidia.com\/quemrealiza\/vitamina-a-quais-sao-os-riscos-do-excesso-durante-a-gravidez\/","title":{"rendered":"Vitamina A: quais s\u00e3o os riscos do excesso durante a gravidez?"},"content":{"rendered":"<h3>Apesar de essencial para a forma\u00e7\u00e3o do beb\u00ea, consumo exagerado pode ter consequ\u00eancias graves<\/h3>\n<div>\n<p>Toda mulher que pretende engravidar sabe que um corpo saud\u00e1vel \u00e9 a parte mais importante no processo de gesta\u00e7\u00e3o. Exerc\u00edcios f\u00edsicos e principalmente uma alimenta\u00e7\u00e3o balanceada, rica em vitaminas, s\u00e3o essenciais para uma gravidez de sucesso. Por\u00e9m o que muita gente n\u00e3o sabe \u00e9 que tamb\u00e9m existem riscos no excesso de suplementos, principalmente no consumo da vitamina A.<\/p>\n<p>Muitas pessoas acreditam que \u00e9 suficiente apenas tomar os suplementos comprados em farm\u00e1cia, mas o processo de forma\u00e7\u00e3o do feto \u00e9 muito mais complexo. Os n\u00edveis de vitamina A, encontrada em alimentos como peixes, carnes, frutas e latic\u00ednios, devem ser sempre observados de perto. \u201cAo mesmo tempo que a vitamina A \u00e9 muito importante para o desenvolvimento do beb\u00ea, o seu excesso ou falta podem causar malforma\u00e7\u00f5es fetais\u201d, explica Fernando Prado, ginecologista, obstetra e especialista em reprodu\u00e7\u00e3o humana da Cl\u00ednica Neo Vita.<\/p>\n<p>A vitamina A \u00e9 respons\u00e1vel pela forma\u00e7\u00e3o dos olhos, pulm\u00f5es, rins, ossos, al\u00e9m dos sistemas respirat\u00f3rio, circulat\u00f3rio e nervoso. \u201cLogo, sua inconst\u00e2ncia pode afetar negativamente qualquer um destes componentes, podendo dificultar tamb\u00e9m o processo p\u00f3s-parto para as m\u00e3es, desacelerando a regenera\u00e7\u00e3o dos tecidos comprometidos durante o nascimento\u201d, complementa.<\/p>\n<p>Dito isto, os casos de falta da vitamina s\u00e3o raros, por ser t\u00e3o comum em alimentos do cotidiano. Mas muitas mulheres que acreditam estar ajudando ao tomarem suplementos vitam\u00ednicos por conta pr\u00f3pria, sem recomenda\u00e7\u00e3o m\u00e9dica, acabam excedendo o volume saud\u00e1vel, j\u00e1 que nas p\u00edlulas a subst\u00e2ncia vem em maior concentra\u00e7\u00e3o.<\/p>\n<p>Para as mulheres que pretendem engravidar ou j\u00e1 est\u00e3o gestantes, doutor Prado recomenda sempre realizar acompanhamento m\u00e9dico com um profissional de confian\u00e7a, seguindo as recomenda\u00e7\u00f5es e conferindo regularmente as perdas e ganhos do organismo. \u201cO obstetra ir\u00e1 monitorar a paciente durante todo o processo e prescrever as vitaminas de acordo. N\u00e3o se deve esquecer que suplementos s\u00e3o medicamentos, e automedica\u00e7\u00e3o \u00e9 um risco, principalmente quando se fala de gravidez\u201d, finaliza.<\/p>\n<\/div>\n","protected":false},"excerpt":{"rendered":"<p>Apesar de essencial para a forma\u00e7\u00e3o do beb\u00ea, consumo exagerado pode ter consequ\u00eancias graves Toda mulher que pretende engravidar sabe que um corpo saud\u00e1vel \u00e9 a parte mais importante no processo de gesta\u00e7\u00e3o. Exerc\u00edcios f\u00edsicos e principalmente uma alimenta\u00e7\u00e3o balanceada, rica em vitaminas, s\u00e3o essenciais para uma gravidez de sucesso. Por\u00e9m o que muita gente [&hellip;]<\/p>\n","protected":false},"author":7,"featured_media":51214,"comment_status":"closed","ping_status":"closed","sticky":true,"template":"","format":"standard","meta":{"footnotes":""},"categories":[68],"tags":[1292,1286,1285,2007],"class_list":["post-51211","post","type-post","status-publish","format-standard","has-post-thumbnail","hentry","category-saude-bem-estar","tag-gestacao","tag-gravidas","tag-gravidez","tag-vitamina-a"],"wps_subtitle":"","_links":{"self":[{"href":"https:\/\/grupomidia.com\/quemrealiza\/wp-json\/wp\/v2\/posts\/51211","targetHints":{"allow":["GET"]}}],"collection":[{"href":"https:\/\/grupomidia.com\/quemrealiza\/wp-json\/wp\/v2\/posts"}],"about":[{"href":"https:\/\/grupomidia.com\/quemrealiza\/wp-json\/wp\/v2\/types\/post"}],"author":[{"embeddable":true,"href":"https:\/\/grupomidia.com\/quemrealiza\/wp-json\/wp\/v2\/users\/7"}],"replies":[{"embeddable":true,"href":"https:\/\/grupomidia.com\/quemrealiza\/wp-json\/wp\/v2\/comments?post=51211"}],"version-history":[{"count":0,"href":"https:\/\/grupomidia.com\/quemrealiza\/wp-json\/wp\/v2\/posts\/51211\/revisions"}],"wp:featuredmedia":[{"embeddable":true,"href":"https:\/\/grupomidia.com\/quemrealiza\/wp-json\/wp\/v2\/media\/51214"}],"wp:attachment":[{"href":"https:\/\/grupomidia.com\/quemrealiza\/wp-json\/wp\/v2\/media?parent=51211"}],"wp:term":[{"taxonomy":"category","embeddable":true,"href":"https:\/\/grupomidia.com\/quemrealiza\/wp-json\/wp\/v2\/categories?post=51211"},{"taxonomy":"post_tag","embeddable":true,"href":"https:\/\/grupomidia.com\/quemrealiza\/wp-json\/wp\/v2\/tags?post=51211"}],"curies":[{"name":"wp","href":"https:\/\/api.w.org\/{rel}","templated":true}]}}