{"id":51173,"date":"2020-09-18T07:00:39","date_gmt":"2020-09-18T10:00:39","guid":{"rendered":"https:\/\/grupomidia.com\/quemrealiza\/?p=51173"},"modified":"2020-09-04T13:02:00","modified_gmt":"2020-09-04T16:02:00","slug":"inatividade-fisica-durante-a-quarentena-pode-trazer-riscos-de-lesoes-no-corpo","status":"publish","type":"post","link":"https:\/\/grupomidia.com\/quemrealiza\/inatividade-fisica-durante-a-quarentena-pode-trazer-riscos-de-lesoes-no-corpo\/","title":{"rendered":"Inatividade f\u00edsica durante a quarentena pode trazer riscos de les\u00f5es no corpo"},"content":{"rendered":"<div>\n<p>A inatividade f\u00edsica, a ado\u00e7\u00e3o de trabalho em home office e outras atividades em casa sem os cuidados necess\u00e1rios representam riscos de les\u00f5es f\u00edsicas.<\/p>\n<\/div>\n<div>\n<p>O m\u00e9dico Carlos Henrique Gazineu Abdenur, chefe do servi\u00e7o de ortopedia e traumatologia do Grupo S\u00e3o Francisco, que faz parte do Sistema Hapvida, alerta que as mudan\u00e7as em rela\u00e7\u00e3o aos movimentos do corpo e a postura para a realiza\u00e7\u00e3o dos trabalhos, como o uso frequente de computadores, s\u00e3o as principais respons\u00e1veis pelos casos de dores.<\/p>\n<\/div>\n<div>\n<p>&#8220;Durante essa \u00e9poca onde estamos com a mobilidade mais reduzida pela pandemia, devemos realizar pausas regulares e nos alongar sempre que poss\u00edvel. Em geral, o home office \u00e9 quase sin\u00f4nimo de computador. Assim, devemos primeiro adaptar o nosso escrit\u00f3rio para termos a altura certa da mesa, da cadeira e do computador. Isso que far\u00e1 toda a diferen\u00e7a para evitar les\u00f5es associadas ao tempo prolongado que passar\u00e1 sentado. Al\u00e9m da famosa tendinite, essas situa\u00e7\u00f5es podem provocar dores na coluna, ombros, bacia, joelhos, at\u00e9 mesmo dores de cabe\u00e7a e hemorroidas&#8221;, afirma Abdenur.<\/p>\n<\/div>\n<div>\n<p>O ortopedista ressalta que os diagn\u00f3sticos dos casos mencionados apresentaram um aumento neste per\u00edodo, principalmente, nas les\u00f5es provocadas pelo uso prolongado de computadores. No entanto, ele revela que tamb\u00e9m s\u00e3o registrados casos de dores geradas por fatores psicol\u00f3gicos decorrentes do per\u00edodo de incerteza e do isolamento social durante a pandemia.<\/p>\n<\/div>\n<div>\n<p>&#8220;Temos percebido um aumento da atrofia dos membros, consequentemente, um aumento das dores. Temos atendido pessoas com dores relacionadas ao transtorno de ansiedade generalizada e depress\u00e3o. Devemos procurar manter em forma tanto o f\u00edsico quanto a mente. Mesmo assim, as pessoas n\u00e3o devem exagerar nas atividades onde n\u00e3o haja orienta\u00e7\u00e3o. Procure ter mais aten\u00e7\u00e3o com a postura e realize atividades de relaxamento e controle emocional&#8221;, orienta Abdenur.<\/p>\n<\/div>\n<div>\n<p><strong>Telemedicina<\/strong><\/p>\n<\/div>\n<div>\n<p>Para dar mais suporte seguro aos benefici\u00e1rios, o Sistema Hapvida disponibiliza a teleconsulta por v\u00eddeo, evitando a presen\u00e7a f\u00edsica nos Pronto-Atendimentos e consult\u00f3rios nesse momento de combate ao novo coronav\u00edrus. Mais de 72 mil atendimentos foram realizados desde que o servi\u00e7o foi lan\u00e7ado, em abril. Diariamente, s\u00e3o feitas cerca de 1 mil orienta\u00e7\u00f5es m\u00e9dicas por teleconsulta, referente a Covid-19 e urg\u00eancias simples.<\/p>\n<\/div>\n<div>Dentre os atendimentos realizados, apenas 5% precisaram recorrer a alguma unidade f\u00edsica da rede de sa\u00fade, configurando casos de maior urg\u00eancia. Para o paciente ter acesso ao servi\u00e7o oferecido pelo Sistema Hapvida, tanto para teleconsulta de urg\u00eancia simples como de Covid-19, basta acessar o site do Grupo S\u00e3o Francisco,\u00a0<a href=\"http:\/\/www.saofrancisco.com.br\/\" target=\"_blank\" rel=\"noopener noreferrer nofollow\" data-saferedirecturl=\"https:\/\/www.google.com\/url?q=http:\/\/www.saofrancisco.com.br\/&amp;source=gmail&amp;ust=1599319080305000&amp;usg=AFQjCNGDT987agOiVbDTmwBi7NEbk3-OzA\">http:\/\/www.saofrancisco.com.<wbr \/>br\/<\/a>. O servi\u00e7o funciona todos os dias, 24 horas.<\/div>\n","protected":false},"excerpt":{"rendered":"<p>A inatividade f\u00edsica, a ado\u00e7\u00e3o de trabalho em home office e outras atividades em casa sem os cuidados necess\u00e1rios representam riscos de les\u00f5es f\u00edsicas. O m\u00e9dico Carlos Henrique Gazineu Abdenur, chefe do servi\u00e7o de ortopedia e traumatologia do Grupo S\u00e3o Francisco, que faz parte do Sistema Hapvida, alerta que as mudan\u00e7as em rela\u00e7\u00e3o aos movimentos [&hellip;]<\/p>\n","protected":false},"author":1,"featured_media":51174,"comment_status":"closed","ping_status":"closed","sticky":true,"template":"","format":"standard","meta":{"footnotes":""},"categories":[68],"tags":[854,1982,1096,1981,1983,1980,1109,431,1984,1033],"class_list":["post-51173","post","type-post","status-publish","format-standard","has-post-thumbnail","hentry","category-saude-bem-estar","tag-cuidados","tag-fisico","tag-home-office","tag-inatividade","tag-lesao","tag-ortopedia","tag-quarentena","tag-saude","tag-sedentarismo","tag-telemedicina"],"wps_subtitle":"Ortopedista do Grupo S\u00e3o Francisco alerta que a falta de adapta\u00e7\u00e3o e dos cuidados necess\u00e1rios, podem provocar dores na coluna, nos ombros, na bacia, nos joelhos, entre outros casos","_links":{"self":[{"href":"https:\/\/grupomidia.com\/quemrealiza\/wp-json\/wp\/v2\/posts\/51173","targetHints":{"allow":["GET"]}}],"collection":[{"href":"https:\/\/grupomidia.com\/quemrealiza\/wp-json\/wp\/v2\/posts"}],"about":[{"href":"https:\/\/grupomidia.com\/quemrealiza\/wp-json\/wp\/v2\/types\/post"}],"author":[{"embeddable":true,"href":"https:\/\/grupomidia.com\/quemrealiza\/wp-json\/wp\/v2\/users\/1"}],"replies":[{"embeddable":true,"href":"https:\/\/grupomidia.com\/quemrealiza\/wp-json\/wp\/v2\/comments?post=51173"}],"version-history":[{"count":0,"href":"https:\/\/grupomidia.com\/quemrealiza\/wp-json\/wp\/v2\/posts\/51173\/revisions"}],"wp:featuredmedia":[{"embeddable":true,"href":"https:\/\/grupomidia.com\/quemrealiza\/wp-json\/wp\/v2\/media\/51174"}],"wp:attachment":[{"href":"https:\/\/grupomidia.com\/quemrealiza\/wp-json\/wp\/v2\/media?parent=51173"}],"wp:term":[{"taxonomy":"category","embeddable":true,"href":"https:\/\/grupomidia.com\/quemrealiza\/wp-json\/wp\/v2\/categories?post=51173"},{"taxonomy":"post_tag","embeddable":true,"href":"https:\/\/grupomidia.com\/quemrealiza\/wp-json\/wp\/v2\/tags?post=51173"}],"curies":[{"name":"wp","href":"https:\/\/api.w.org\/{rel}","templated":true}]}}