{"id":51142,"date":"2020-09-09T07:09:05","date_gmt":"2020-09-09T10:09:05","guid":{"rendered":"https:\/\/grupomidia.com\/quemrealiza\/?p=51142"},"modified":"2020-09-03T15:09:26","modified_gmt":"2020-09-03T18:09:26","slug":"3-receitas-simples-e-saborosas-com-cafe-para-fazer-no-fim-da-tarde","status":"publish","type":"post","link":"https:\/\/grupomidia.com\/quemrealiza\/3-receitas-simples-e-saborosas-com-cafe-para-fazer-no-fim-da-tarde\/","title":{"rendered":"3 receitas simples e saborosas com caf\u00e9 para fazer no fim da tarde"},"content":{"rendered":"<div>\n<p>Para apreciar um momento agrad\u00e1vel durante este dia, o\u00a0<a href=\"https:\/\/ytiesxemaawiyxe.i-mpr.com\/link.php?code=bDpodHRwJTNBJTJGJTJGd3d3LmNhZmVzYW50YW1vbmljYS5jb20uYnI6MjY0MTM1Mzk3NDptYXJpYWx1aXphQGdydXBvbWlkaWEuY29tOmY0MDk4OA==\" target=\"_blank\" rel=\"noopener noreferrer nofollow\" data-saferedirecturl=\"https:\/\/www.google.com\/url?q=https:\/\/ytiesxemaawiyxe.i-mpr.com\/link.php?code%3DbDpodHRwJTNBJTJGJTJGd3d3LmNhZmVzYW50YW1vbmljYS5jb20uYnI6MjY0MTM1Mzk3NDptYXJpYWx1aXphQGdydXBvbWlkaWEuY29tOmY0MDk4OA%3D%3D&amp;source=gmail&amp;ust=1599234932731000&amp;usg=AFQjCNFz2rFydBbBN90JkaGJQ3UGlnrnaA\">Caf\u00e9 Santa Monica\u00a0<\/a>, empresa brasileira especialista e pioneira na produ\u00e7\u00e3o de caf\u00e9 gourmet, separou algumas receitas caseiras para experenciar os melhores sabores cafeeiros. As tr\u00eas op\u00e7\u00f5es s\u00e3o perfeitas para quem procura experi\u00eancias gastron\u00f4micas surpreendentes e deliciosas para curtir a bebida que \u00e9 paix\u00e3o nacional.<\/p>\n<\/div>\n<div>\n<p>Confira abaixo:<\/p>\n<\/div>\n<div>\n<p>Caf\u00e9 Su\u00ed\u00e7o Gelado<\/p>\n<\/div>\n<div>\n<p>Neste drink, o doce toque da canela misturada ao chocolate em conjunto com o Caf\u00e9 Gourmet em C\u00e1psulas Santa Monica proporciona uma incr\u00edvel degusta\u00e7\u00e3o para os apaixonados pela bebida em seu formato gelado.<\/p>\n<\/div>\n<div><a><img decoding=\"async\" class=\"CToWUd a6T\" tabindex=\"0\" src=\"https:\/\/ci6.googleusercontent.com\/proxy\/uqRUc3z72ofK3GbNHMKEFJ5bioaQrHUKrjgIEEb4PJLNCBjzJt0vKuW2DJwgVeETagNSrXLm2xbCk-IgWkz-TyNdJX4VqMvOxYYHgOeOerfphZXSa-q0Hx_Qg_NZXW4s1QRrA_1Fe8f-AtScxrW3cTzw-IzpApeO_qBSbdkrPO5iDkP6YgUuDtvgOHczjnG4Z59itKgx6z60qtDAOYh_YYtoPSpVNP-K51qlfqo10b_zVvdZD8jrX0qQFGuJnBBIZ7RusC51tDWoiiEUNq3z=s0-d-e1-ft#https:\/\/ytiesxemaawiyxe.i-mpr.com\/6=cTO0UTN1oTbvNmLhlGZp12bwVncnBUY6lWdsFWayFWb6QzN5MTNzEDN2IjOnVGcq5ydvx2N4gzN2AjMxkjMGJTJxkjMGJTJ4kzN4YkMlQDMwITMf1SNx0yXt92YuIHct1SaGJTJGJTJBNTJwRHdopzN\" width=\"328\" alt=\"\" title=\"\"><\/a><\/div>\n<div>\n<p>Ingredientes<\/p>\n<\/div>\n<div>\n<p>1 x\u00edcara de Caf\u00e9 Gourmet em C\u00e1psulas Santa Monica<\/p>\n<\/div>\n<div>\n<p>1\/3 de uma barra de chocolate escuro (130g)<\/p>\n<\/div>\n<div>\n<p>Uma pitada de canela<\/p>\n<\/div>\n<div>\n<p>Chantilly a gosto<\/p>\n<\/div>\n<div>\n<p>Modo de Preparo<\/p>\n<\/div>\n<div>\n<p>Deixe o caf\u00e9 esfriar, enquanto isso derreta o chocolate em banho maria. Depois, misture ele, o caf\u00e9 e a canela. Coloque alguns cubos de gelo pra bebida ficar ainda mais trincando e decore com chantilly.<\/p>\n<\/div>\n<div>\n<p>Caf\u00e9 Mocha Mentolado<\/p>\n<\/div>\n<div>\n<p>Aos paladares que gostam de provar um caf\u00e9 diferente, esta op\u00e7\u00e3o re\u00fane tr\u00eas sabores que, juntos, trazem uma harmoniza\u00e7\u00e3o perfeita. Aqui, a ess\u00eancia de menta \u00e9 o diferencial na hora de mesclar o Caf\u00e9 Org\u00e2nico Mo\u00eddo Santa Monica com o leite.<\/p>\n<\/div>\n<div><a><img decoding=\"async\" class=\"CToWUd a6T\" tabindex=\"0\" src=\"https:\/\/ci6.googleusercontent.com\/proxy\/CBGNuYur_dcKWPh6SX9sTS9HgeRKd1oq3gMZqozP8637UInT3MwBK1R2X-Ufe7JroE2Ku4DJiZP9mPKuQDYmy5t-ID4VX2opIE_-MobrsXbeZBFnyQ6_m0T-lLYG5PenrgIK-gRb5VGQWA_J3US5GPGWEUVNtQoPDdaZTu74P3anG7JIdb6pFZtDIYlsb9H3F9TOzeuQc7b3Mi09O4wwii_SMdyEApo16TPIjDtNUozLUxPqJtbbJG4dkbhlFbkUxkp3WMQz4N7RSHku4e6u=s0-d-e1-ft#https:\/\/ytiesxemaawiyxe.i-mpr.com\/9=UWO3QWOlpTbvNmLhlGZp12bwVncnBUY6lWdsFWayFWb6QzN5MTNzEDN2IjOnVGcq5ydvxWM3YjNxUDMzAzMGJTJzAzMGJTJ4kzN4YkMlQDMwITMf1SNx0yXt92YuIHct1SaGJTJGJTJBNTJwRHdopzM\" width=\"360\" alt=\"\" title=\"\"><\/a><\/div>\n<div>\n<p>Ingredientes<\/p>\n<\/div>\n<div>\n<p>Leite a gosto<\/p>\n<\/div>\n<div>\n<p>Tr\u00eas gotas da ess\u00eancia de menta<\/p>\n<\/div>\n<div>\n<p>Caf\u00e9 Org\u00e2nico Mo\u00eddo Santa Monica a gosto<\/p>\n<\/div>\n<div>\n<p>Modo de Preparo<\/p>\n<\/div>\n<div>\n<p>Encha uma caneca com leite e misture o a quantidade de caf\u00e9 que voc\u00ea deseja, quanto mais colocar, mais forte ficar\u00e1 a bebida. Depois \u00e9 s\u00f3 incluir algumas gotas da ess\u00eancia de menta. Voc\u00ea pode escolher se prefere tomar a bebida quente ou fria.<\/p>\n<\/div>\n<div>\n<p>Caf\u00e9 com Xarope de Avel\u00e3<\/p>\n<\/div>\n<div>\n<p>O cl\u00e1ssico caf\u00e9 em sua vers\u00e3o aquecida \u00e9 uma \u00f3tima escolha para experimentar a combina\u00e7\u00e3o do xarope de avel\u00e3 com o de tangerina, que, juntos, agregam a suavidade do creme de leite com o Caf\u00e9 Intenso em C\u00e1psulas Santa Monica. Esta \u00e9 uma bebida que equilibra os sabores.<\/p>\n<\/div>\n<div><a><img decoding=\"async\" class=\"CToWUd a6T\" tabindex=\"0\" src=\"https:\/\/ci5.googleusercontent.com\/proxy\/7LsQfxduSJ6uzG2r4dcCphWo_1LmcaPA1Q693qU-2Vi8DtwKHskUVFforfbS5JrMgy0JpVGIh-wQnjikHFLIvXT_T2IevG_2hDcU27G-wbxh3xmBLC5f4wzCWcBHD_XDL_xSMCuZg3MN6xu0LTvFSuEd6mXb01Fjb1vNKd-EUBqopUTbFO1L6xUWkds5HBy7HNXdVuly8bouYokH3h1HkJZCZLNMYM3-9T-OwB6vGYfsXj25ASJk3xBxX9wuQwfv4ftyJ8H_pUTysRMh2D2y=s0-d-e1-ft#https:\/\/ytiesxemaawiyxe.i-mpr.com\/6=cTMmhzNxoTbvNmLhlGZp12bwVncnBUY6lWdsFWayFWb6QzN5MTNzEDN2IjOnVGcq5ydvx2M2EDN5QzM1MjMGJTJ1MjMGJTJ4kzN4YkMlQDMwITMf1SNx0yXt92YuIHct1SaGJTJGJTJBNTJwRHdopzN\" width=\"344\" alt=\"\" title=\"\"><\/a><\/div>\n<div>\n<p>Ingredientes<\/p>\n<\/div>\n<div>\n<p>1 x\u00edcara de Caf\u00e9 Intenso em C\u00e1psulas Santa Monica<\/p>\n<\/div>\n<div>\n<p>1\/2 de Xarope Monin de Avel\u00e3<\/p>\n<\/div>\n<div>\n<p>2 colheres de Xarope Monin de Tangerina<\/p>\n<\/div>\n<div>\n<p>1 x\u00edcara de ch\u00e1 de creme de leite fresco<\/p>\n<\/div>\n<div>\n<p>Modo de Preparo<\/p>\n<\/div>\n<div>\n<p>Misture tudo no liquidificador. Coloque o l\u00edquido pronto em um recipiente e, para finalizar, aque\u00e7a.<\/p>\n<\/div>\n<div>&#8220;N\u00f3s elaboramos essas op\u00e7\u00f5es para agradar a todos paladares. O universo cafeeiro tem op\u00e7\u00f5es deliciosas que comp\u00f5em um portif\u00f3lio especialmente saboroso. Em nossa cartela de caf\u00e9s \u00e9 poss\u00edvel elaborar receitas incr\u00edveis com um toque exclusivo e de alta qualidade&#8221;, conta Marcelo Moscofian, CEO do Caf\u00e9 Santa Monica.<\/div>\n","protected":false},"excerpt":{"rendered":"<p>Para apreciar um momento agrad\u00e1vel durante este dia, o\u00a0Caf\u00e9 Santa Monica\u00a0, empresa brasileira especialista e pioneira na produ\u00e7\u00e3o de caf\u00e9 gourmet, separou algumas receitas caseiras para experenciar os melhores sabores cafeeiros. As tr\u00eas op\u00e7\u00f5es s\u00e3o perfeitas para quem procura experi\u00eancias gastron\u00f4micas surpreendentes e deliciosas para curtir a bebida que \u00e9 paix\u00e3o nacional. Confira abaixo: Caf\u00e9 [&hellip;]<\/p>\n","protected":false},"author":1,"featured_media":51143,"comment_status":"closed","ping_status":"closed","sticky":true,"template":"","format":"standard","meta":{"footnotes":""},"categories":[75],"tags":[448,1931,1929,1930,1928,1295,1927],"class_list":["post-51142","post","type-post","status-publish","format-standard","has-post-thumbnail","hentry","category-gastronomia","tag-cafe","tag-cafe-com-xarope-de-avela","tag-cafe-mocha-mentolado","tag-cafe-suico-gelado","tag-fim-de-tarde","tag-receita","tag-tarde"],"wps_subtitle":"Para agradar todos os paladares, as op\u00e7\u00f5es envolvem xarope de tangerina, chocolate ao leite e ess\u00eancia de menta","_links":{"self":[{"href":"https:\/\/grupomidia.com\/quemrealiza\/wp-json\/wp\/v2\/posts\/51142","targetHints":{"allow":["GET"]}}],"collection":[{"href":"https:\/\/grupomidia.com\/quemrealiza\/wp-json\/wp\/v2\/posts"}],"about":[{"href":"https:\/\/grupomidia.com\/quemrealiza\/wp-json\/wp\/v2\/types\/post"}],"author":[{"embeddable":true,"href":"https:\/\/grupomidia.com\/quemrealiza\/wp-json\/wp\/v2\/users\/1"}],"replies":[{"embeddable":true,"href":"https:\/\/grupomidia.com\/quemrealiza\/wp-json\/wp\/v2\/comments?post=51142"}],"version-history":[{"count":0,"href":"https:\/\/grupomidia.com\/quemrealiza\/wp-json\/wp\/v2\/posts\/51142\/revisions"}],"wp:featuredmedia":[{"embeddable":true,"href":"https:\/\/grupomidia.com\/quemrealiza\/wp-json\/wp\/v2\/media\/51143"}],"wp:attachment":[{"href":"https:\/\/grupomidia.com\/quemrealiza\/wp-json\/wp\/v2\/media?parent=51142"}],"wp:term":[{"taxonomy":"category","embeddable":true,"href":"https:\/\/grupomidia.com\/quemrealiza\/wp-json\/wp\/v2\/categories?post=51142"},{"taxonomy":"post_tag","embeddable":true,"href":"https:\/\/grupomidia.com\/quemrealiza\/wp-json\/wp\/v2\/tags?post=51142"}],"curies":[{"name":"wp","href":"https:\/\/api.w.org\/{rel}","templated":true}]}}