{"id":51134,"date":"2020-09-07T07:00:05","date_gmt":"2020-09-07T10:00:05","guid":{"rendered":"https:\/\/grupomidia.com\/quemrealiza\/?p=51134"},"modified":"2020-09-08T13:33:48","modified_gmt":"2020-09-08T16:33:48","slug":"dia-da-amazonia","status":"publish","type":"post","link":"https:\/\/grupomidia.com\/quemrealiza\/dia-da-amazonia\/","title":{"rendered":"Dia da Amaz\u00f4nia: Como o desmatamento da maior floresta tropical do mundo interfere na sa\u00fade da popula\u00e7\u00e3o?"},"content":{"rendered":"<div>\n<h2>Dia da Amaz\u00f4nia: Como o desmatamento da maior floresta tropical do mundo interfere na sa\u00fade da popula\u00e7\u00e3o?<\/h2>\n<p>O <a href=\"https:\/\/www.wwf.org.br\/natureza_brasileira\/areas_prioritarias\/amazonia1\/dia_da_amazonia\/\" target=\"_blank\" rel=\"noopener noreferrer nofollow\">Dia da Amaz\u00f4nia<\/a> \u00e9 celebrado em 5 de setembro por ser a data de cria\u00e7\u00e3o da prov\u00edncia do Amazonas, por Dom Pedro II em 1850. A data busca chamar aten\u00e7\u00e3o para o bioma que \u00e9 a maior floresta tropical do mundo, refor\u00e7ando a necessidade de sua preserva\u00e7\u00e3o e do uso sustent\u00e1vel das mat\u00e9rias primas que a floresta propicia.<\/p>\n<p>O assunto \u00e9 de extrema import\u00e2ncia, n\u00e3o s\u00f3 pela vida dos seres vivos que ali habitam, mas tamb\u00e9m para a sa\u00fade ambiental do planeta e do ser humano.<\/p>\n<\/div>\n<div>\n<p>A degrada\u00e7\u00e3o ambiental ocorre h\u00e1 anos, e cada vez mais vemos de perto como esse descaso com as florestas interfere diretamente na vida da popula\u00e7\u00e3o. Estudos cient\u00edficos j\u00e1 atestaram que o desmatamento gera uma cadeia de acontecimentos complexos, criando meios para que diferentes pat\u00f3genos mortais se espalhem entre os humanos.<\/p>\n<p>Doen\u00e7a de Lyme e a mal\u00e1ria, por exemplo, surgiram a partir da\u00ed.<\/p>\n<\/div>\n<div>\n<p>S\u00e3o 40 mil esp\u00e9cies de plantas, milh\u00f5es de insetos e 400 mam\u00edferos que estima-se ter na Amaz\u00f4nia, floresta que ocupa sete milh\u00f5es de quil\u00f4metros quadrados e faz parte de nove pa\u00edses da Am\u00e9rica do Sul. O especialista em Gest\u00e3o de Res\u00edduos S\u00f3lidos e fundador da Oceano Res\u00edduos, Rafael Zarvos, alerta a necessidade das pessoas entenderem que desmatamento e doen\u00e7as est\u00e3o relacionados.<\/p>\n<\/div>\n<div>\n<blockquote><p>&#8220;Infelizmente, somos a \u00fanica esp\u00e9cie capaz de destruir e de amea\u00e7ar a nossa pr\u00f3pria sobreviv\u00eancia. A forma como a sociedade est\u00e1 transformando o meio ambiente e reduzindo os habitats naturais, faz com que animais silvestres e seres humanos se aproximem. Isso potencializa o risco de transmiss\u00e3o de variados pat\u00f3genos da esp\u00e9cie deles para a nossa&#8221;, explica Zarvos.<\/p><\/blockquote>\n<p>&nbsp;<\/p>\n<\/div>\n<div>\n<p>Doen\u00e7as como a zika, que somada a dengue e chikungunya contabilizaram um aumento de 248% do n\u00famero de casos no ano de 2019, \u00e9 exemplo de enfermidade que veio da cena rural para a urbana pelo avan\u00e7o do desmatamento em \u00e1reas florestais. &#8220;A destrui\u00e7\u00e3o da natureza coloca em risco a nossa pr\u00f3pria exist\u00eancia. O <a href=\"https:\/\/coronavirus.saude.gov.br\/\" target=\"_blank\" rel=\"noopener noreferrer nofollow\">coronav\u00edrus<\/a>, por exemplo, respons\u00e1vel pela pandemia que vivemos, \u00e9 fruto do contato de humanos com morcegos&#8221;, destaca Rafael.<\/p>\n<\/div>\n<div>\n<p>Em relat\u00f3rio da Organiza\u00e7\u00e3o das Na\u00e7\u00f5es Unidas (ONU), \u00e9 poss\u00edvel ver que a cada quatro meses o ser humano tem uma infec\u00e7\u00e3o origin\u00e1ria de problemas relacionados ao meio ambiente, e que 75% das doen\u00e7as s\u00e3o de origem animal.<\/p>\n<p>O consumo de carne crua de animais silvestres, o desmatamento, as mudan\u00e7as clim\u00e1ticas e o tr\u00e1fico ilegal de animais silvestres s\u00e3o fatores que contribuem para facilitar o cont\u00e1gio de seres humanos por pat\u00f3genos que vivem na natureza e nas esp\u00e9cies que ali habitam.<\/p>\n<\/div>\n<div>&#8220;Cientistas especulam que o v\u00edrus que desencadear\u00e1 a pr\u00f3xima pandemia j\u00e1 est\u00e1 em circula\u00e7\u00e3o, \u00e9 s\u00f3 uma quest\u00e3o de tempo at\u00e9 sermos atingidos. Isso prova que est\u00e1 mais do que na hora de prestarmos aten\u00e7\u00e3o no consumo de produtos, al\u00e9m de pequenos h\u00e1bitos do dia a dia que podem ser cruciais para ajudar o meio ambiente e a n\u00f3s mesmos&#8221;, finaliza o especialista.<\/div>\n","protected":false},"excerpt":{"rendered":"<p>O Dia da Amaz\u00f4nia \u00e9 celebrado em 5 de setembro por ser a data de cria\u00e7\u00e3o da prov\u00edncia do Amazonas, por Dom Pedro II em 1850. A data busca chamar aten\u00e7\u00e3o para o bioma que \u00e9 a maior floresta tropical do mundo, refor\u00e7ando a necessidade de sua preserva\u00e7\u00e3o e do uso sustent\u00e1vel das mat\u00e9rias primas que a floresta propicia.<\/p>\n","protected":false},"author":1,"featured_media":51135,"comment_status":"closed","ping_status":"closed","sticky":true,"template":"","format":"standard","meta":{"footnotes":""},"categories":[69],"tags":[528,1008,1916,1917,1677],"class_list":["post-51134","post","type-post","status-publish","format-standard","has-post-thumbnail","hentry","category-cotidiano","tag-amazonia","tag-covid-19","tag-desmatamento","tag-nacoes-unidas","tag-onu"],"wps_subtitle":"Covid-19 e outras doen\u00e7as chegam at\u00e9 n\u00f3s como consequ\u00eancia da degrada\u00e7\u00e3o ambiental","_links":{"self":[{"href":"https:\/\/grupomidia.com\/quemrealiza\/wp-json\/wp\/v2\/posts\/51134","targetHints":{"allow":["GET"]}}],"collection":[{"href":"https:\/\/grupomidia.com\/quemrealiza\/wp-json\/wp\/v2\/posts"}],"about":[{"href":"https:\/\/grupomidia.com\/quemrealiza\/wp-json\/wp\/v2\/types\/post"}],"author":[{"embeddable":true,"href":"https:\/\/grupomidia.com\/quemrealiza\/wp-json\/wp\/v2\/users\/1"}],"replies":[{"embeddable":true,"href":"https:\/\/grupomidia.com\/quemrealiza\/wp-json\/wp\/v2\/comments?post=51134"}],"version-history":[{"count":0,"href":"https:\/\/grupomidia.com\/quemrealiza\/wp-json\/wp\/v2\/posts\/51134\/revisions"}],"wp:featuredmedia":[{"embeddable":true,"href":"https:\/\/grupomidia.com\/quemrealiza\/wp-json\/wp\/v2\/media\/51135"}],"wp:attachment":[{"href":"https:\/\/grupomidia.com\/quemrealiza\/wp-json\/wp\/v2\/media?parent=51134"}],"wp:term":[{"taxonomy":"category","embeddable":true,"href":"https:\/\/grupomidia.com\/quemrealiza\/wp-json\/wp\/v2\/categories?post=51134"},{"taxonomy":"post_tag","embeddable":true,"href":"https:\/\/grupomidia.com\/quemrealiza\/wp-json\/wp\/v2\/tags?post=51134"}],"curies":[{"name":"wp","href":"https:\/\/api.w.org\/{rel}","templated":true}]}}