{"id":51067,"date":"2020-08-06T13:58:04","date_gmt":"2020-08-06T16:58:04","guid":{"rendered":"https:\/\/grupomidia.com\/quemrealiza\/?p=51067"},"modified":"2020-08-12T09:34:17","modified_gmt":"2020-08-12T12:34:17","slug":"cigarro-incidencia-cancer-de-pulmao","status":"publish","type":"post","link":"https:\/\/grupomidia.com\/quemrealiza\/cigarro-incidencia-cancer-de-pulmao\/","title":{"rendered":"Aumento no consumo de cigarro durante a pandemia pode elevar incid\u00eancia de c\u00e2ncer de pulm\u00e3o no Brasil, alertam especialistas"},"content":{"rendered":"<h2>Aumento no consumo de cigarro durante a pandemia pode elevar incid\u00eancia de c\u00e2ncer de pulm\u00e3o no Brasil, alertam especialistas<\/h2>\n<p style=\"font-weight: 400;\">A pandemia do novo coronav\u00edrus tem potencializado alguns h\u00e1bitos nocivos \u00e0 sa\u00fade, como o fumo. De acordo com estudo da Funda\u00e7\u00e3o Oswaldo Cruz, feito em parceria com a Universidade Federal de Minas Gerais e a Universidade Estadual de Campinas, 34,3% dos entrevistados que se declararam fumantes passaram a consumir mais cigarros por dia durante a pandemia: 22,8% aumentaram em dez, 6,4% em at\u00e9 cinco e 5,1% em 20 ou mais cigarros. Foram ouvidos 44.062 brasileiros, de ambos os sexos, de todos os n\u00edveis de escolaridade e de todas das faixas et\u00e1rias a partir de 18 anos.<\/p>\n<p style=\"font-weight: 400;\">Os dados s\u00e3o preocupantes e refor\u00e7am a relev\u00e2ncia das campanhas de conscientiza\u00e7\u00e3o no combate ao fumo, que alertam sobre as doen\u00e7as e mortes evit\u00e1veis decorrentes do consumo de cigarros. Outro estudo, sobre o panorama do c\u00e2ncer de pulm\u00e3o no Brasil, realizado pelo Instituto Oncoguia, revelou que o cigarro \u00e9 respons\u00e1vel por cerca de 85% dos casos deste tipo de tumor, o que mais mata no pa\u00eds.<\/p>\n<p style=\"font-weight: 400;\">Segundo o oncologista cl\u00ednico Bruno Ferrari, fundador e presidente do Conselho de Administra\u00e7\u00e3o do Grupo Oncocl\u00ednicas, diante da falta de perspectiva e do estresse gerado pela pandemia, o aumento do tabagismo deve ser encarado como um problema de sa\u00fade p\u00fablica que trar\u00e1 impactos nos pr\u00f3ximos anos \u00e0 popula\u00e7\u00e3o.<\/p>\n<blockquote>\n<p style=\"font-weight: 400;\">&#8220;A evolu\u00e7\u00e3o da curva epidemiol\u00f3gica da Covid-19 impactar\u00e1 nossas vidas por um tempo indeterminado. N\u00e3o podemos ignorar que entre os aspectos a serem observados com cautela est\u00e1 a heran\u00e7a de h\u00e1bitos nocivos ao nosso corpo, gerados como reflexos desse momento at\u00edpico que estamos experimentando. Neste sentido, esse aumento no consumo de cigarros pode levar \u00e0 curto ou m\u00e9dio prazos a um crescimento consider\u00e1vel nos \u00edndices de incid\u00eancia de tumores malignos, entre eles o c\u00e2ncer de pulm\u00e3o &#8211; que tem \u00edntima rela\u00e7\u00e3o com o v\u00edcio&#8221;, explica.<\/p>\n<\/blockquote>\n<p>&nbsp;<\/p>\n<p style=\"font-weight: 400;\">O m\u00e9dico frisa a import\u00e2ncia de adotar h\u00e1bitos saud\u00e1veis e abandonar qualquer tipo de fumo, que al\u00e9m do cigarro comum inclu\u00ed o cigarro eletr\u00f4nico, a narguil\u00e9 e outros tipos que tamb\u00e9m cont\u00e9m nicotina. &#8220;Parar de fumar \u00e9 a forma mais eficaz de se prevenir contra o c\u00e2ncer de pulm\u00e3o, al\u00e9m de diversas outras doen\u00e7as e tumores. O tabagismo \u00e9 respons\u00e1vel por doen\u00e7as respirat\u00f3rias, coronarianas, osteoporose, obesidade e diabetes&#8221;, aponta.<\/p>\n<p style=\"font-weight: 400;\">Para Fl\u00e1via Amaral Duarte, oncologista cl\u00ednica do Grupo Oncocl\u00ednicas, outro fator que n\u00e3o pode ser desconsiderado \u00e9 a vigil\u00e2ncia cont\u00ednua de poss\u00edveis sinais do surgimento de um tumor no pulm\u00e3o, que podem ser facilmente confundidos com os do novo coronav\u00edrus, principalmente entre fumantes.<\/p>\n<p style=\"font-weight: 400;\">&#8220;Os sintomas iniciais desse tipo de c\u00e2ncer se assemelham muitas vezes aos de outras condi\u00e7\u00f5es comuns associadas ao trato respirat\u00f3rio, por isso dificilmente \u00e9 diagnosticado no est\u00e1gio inicial. Tosse e falta de ar, sintomas amplamente relacionados ao Covid-19, tamb\u00e9m s\u00e3o o alerta principal para a doen\u00e7a&#8221;, destaca.<\/p>\n<p style=\"font-weight: 400;\">A m\u00e9dica lembra que diferente do que ocorre em casos de coronav\u00edrus, enquanto a tosse seca vem acompanhada muitas vezes por febre, mas que costuma passar em at\u00e9 15 dias, no c\u00e2ncer de pulm\u00e3o, os sintomas, quando surgem, n\u00e3o apresentam melhora com o passar das semanas.<\/p>\n<blockquote>\n<p style=\"font-weight: 400;\">&#8220;Os sintomas do c\u00e2ncer de pulm\u00e3o geralmente s\u00e3o mais frequentes no est\u00e1gio avan\u00e7ado da doen\u00e7a, o que dificulta o diagn\u00f3stico precoce, essencial quando pensamos em chances de cura. Para al\u00e9m dos sinais j\u00e1 mencionados, falta de ar, dor tor\u00e1cica cont\u00ednua, perda de peso sem motivo, rouquid\u00e3o e pneumonias recorrentes figuram entre os pontos de alerta para este tipo de tumor&#8221;, comenta a Dra Fl\u00e1via.<\/p>\n<\/blockquote>\n<p>&nbsp;<\/p>\n<p style=\"font-weight: 400;\">O c\u00e2ncer de pulm\u00e3o ocupa o terceiro lugar como o tipo de c\u00e2ncer mais comum entre os homens e o quarto entre as mulheres. Mais de 30 mil brasileiros devem ser diagnosticados com a doen\u00e7a em 2020, segundo dados do Instituto Nacional de C\u00e2ncer (INCA). Ainda segundo a entidade, apenas 16% dos c\u00e2nceres s\u00e3o diagnosticados em est\u00e1gio inicial.<\/p>\n<blockquote>\n<p style=\"font-weight: 400;\">&#8220;O c\u00e2ncer \u00e9 uma doen\u00e7a grave, e que antes da pandemia j\u00e1 ocupava o segundo lugar no ranking das principais causas de morte no Brasil. Assim como h\u00e1 servi\u00e7os essenciais que precisam continuar, existem outras doen\u00e7as al\u00e9m do Covid-19 que representam amea\u00e7as concretas \u00e0 sa\u00fade e n\u00e3o podem ter seus cuidados adiados por um prazo indeterminado sob o risco de perdermos vidas que podem ser salvas. O c\u00e2ncer n\u00e3o espera, por isso n\u00e3o deixe de buscar aux\u00edlio m\u00e9dico se notar alguma altera\u00e7\u00e3o que possa indicar um problema de sa\u00fade. Os diagn\u00f3sticos tardios podem trazer danos por vezes irremedi\u00e1veis, para muito al\u00e9m desta pandemia&#8221;, finaliza o Dr. Bruno Ferrari.<\/p>\n<\/blockquote>\n<p>&nbsp;<\/p>\n","protected":false},"excerpt":{"rendered":"<p>Aumento no consumo de cigarro durante a pandemia pode elevar incid\u00eancia de c\u00e2ncer de pulm\u00e3o no Brasil, alertam especialistas A pandemia do novo coronav\u00edrus tem potencializado alguns h\u00e1bitos nocivos \u00e0 sa\u00fade, como o fumo. De acordo com estudo da Funda\u00e7\u00e3o Oswaldo Cruz, feito em parceria com a Universidade Federal de Minas Gerais e a Universidade [&hellip;]<\/p>\n","protected":false},"author":1,"featured_media":51068,"comment_status":"closed","ping_status":"closed","sticky":true,"template":"","format":"standard","meta":{"footnotes":""},"categories":[71],"tags":[1094,1851,730,1008,1852,1849,1850,431],"class_list":["post-51067","post","type-post","status-publish","format-standard","has-post-thumbnail","hentry","category-tendencias","tag-cancer","tag-cigarro","tag-coronavirus","tag-covid-19","tag-fumante","tag-fumar","tag-pulmao","tag-saude"],"wps_subtitle":"","_links":{"self":[{"href":"https:\/\/grupomidia.com\/quemrealiza\/wp-json\/wp\/v2\/posts\/51067","targetHints":{"allow":["GET"]}}],"collection":[{"href":"https:\/\/grupomidia.com\/quemrealiza\/wp-json\/wp\/v2\/posts"}],"about":[{"href":"https:\/\/grupomidia.com\/quemrealiza\/wp-json\/wp\/v2\/types\/post"}],"author":[{"embeddable":true,"href":"https:\/\/grupomidia.com\/quemrealiza\/wp-json\/wp\/v2\/users\/1"}],"replies":[{"embeddable":true,"href":"https:\/\/grupomidia.com\/quemrealiza\/wp-json\/wp\/v2\/comments?post=51067"}],"version-history":[{"count":0,"href":"https:\/\/grupomidia.com\/quemrealiza\/wp-json\/wp\/v2\/posts\/51067\/revisions"}],"wp:featuredmedia":[{"embeddable":true,"href":"https:\/\/grupomidia.com\/quemrealiza\/wp-json\/wp\/v2\/media\/51068"}],"wp:attachment":[{"href":"https:\/\/grupomidia.com\/quemrealiza\/wp-json\/wp\/v2\/media?parent=51067"}],"wp:term":[{"taxonomy":"category","embeddable":true,"href":"https:\/\/grupomidia.com\/quemrealiza\/wp-json\/wp\/v2\/categories?post=51067"},{"taxonomy":"post_tag","embeddable":true,"href":"https:\/\/grupomidia.com\/quemrealiza\/wp-json\/wp\/v2\/tags?post=51067"}],"curies":[{"name":"wp","href":"https:\/\/api.w.org\/{rel}","templated":true}]}}