{"id":51046,"date":"2020-08-03T13:32:40","date_gmt":"2020-08-03T16:32:40","guid":{"rendered":"https:\/\/grupomidia.com\/quemrealiza\/?p=51046"},"modified":"2020-08-06T11:36:50","modified_gmt":"2020-08-06T14:36:50","slug":"luxo-no-brasil-pos-pandemia","status":"publish","type":"post","link":"https:\/\/grupomidia.com\/quemrealiza\/luxo-no-brasil-pos-pandemia\/","title":{"rendered":"ARTIGO: O que esperar da retomada do mercado de luxo no Brasil p\u00f3s-pandemia?"},"content":{"rendered":"<h2>ARTIGO: O que esperar da retomada do mercado de luxo no Brasil p\u00f3s-pandemia?<\/h2>\n<p>Acredito que, nas \u00faltimas semanas, voc\u00ea j\u00e1 tenha se deparado com uma imagem das longas filas em frente a lojas de grifes de luxo, em pa\u00edses onde o com\u00e9rcio come\u00e7ou a retomar, j\u00e1 que os n\u00edveis da pandemia foram controlados.<\/p>\n<p>Segundo o <a href=\"https:\/\/wwd.com\" target=\"_blank\" rel=\"noopener noreferrer nofollow\">WWD<\/a>, ve\u00edculo da m\u00eddia internacional especializado no mercado premium, a boutique francesca Herm\u00e8s reaberta em 11 de abril em Guangzhou, uma das maiores cidades da China, faturou apenas neste dia 2,7 milh\u00f5es de d\u00f3lares.<\/p>\n<p>Infelizmente, no Brasil a expectativa ainda \u00e9 muito distante de resultados parecidos como este para os pr\u00f3ximos meses. Visto que a curva de crescimento da dissemina\u00e7\u00e3o da doen\u00e7a ainda n\u00e3o apresenta sinais de queda e mesmo com a retoma parcial das lojas f\u00edsicas, as vendas n\u00e3o t\u00eam demonstrado serem muito expressivas.<\/p>\n<p>Por outro lado, desde o in\u00edcio do isolamento social, o e-commerce da moda de luxo tem demonstrado um crescimento exponencial, com marcas chegando a crescer 12x em <a href=\"https:\/\/grupomidia.com\/quemrealiza\/lojistas-devem-se-cadastrar-no-aplicativo-varejo-o-app-de-vantagens-oficial-do-comercio-de-ribeirao\/\" target=\"_blank\" rel=\"noopener noreferrer\">vendas no digital<\/a>.<\/p>\n<p>A necessidade de estar presente nos canais online fez com que n\u00f3s consegu\u00edssemos implementar uma cultura digital nas empresas mais tradicionais que v\u00ednhamos ano ap\u00f3s ano trabalhando para conseguir.<\/p>\n<p>Existem dois pontos que acompanhamos de perto: o comportamento dos consumidores est\u00e1 mudando e precisamos refletir sobre isso; e grande parte das vendas da moda de luxo est\u00e3o ligadas \u00e0 experi\u00eancia. Com essas constata\u00e7\u00f5es, j\u00e1 conseguimos prever um futuro num curto ou m\u00e9dio prazo para pensarmos em melhorias.<\/p>\n<p>\u00c9 poss\u00edvel pensar em experi\u00eancia no virtual tamb\u00e9m, j\u00e1 que protocolos de seguran\u00e7a, distanciamento entre vendedores e clientes, fechamento dos provadores e medidas de higiene s\u00e3o um fato.<\/p>\n<p>Eu, como especialista em e-commerce, enxergo neste momento a maior necessidade do trabalho que fazemos. N\u00e3o podemos prever exatamente como ser\u00e1 o futuro da moda de luxo no Brasil, ou at\u00e9 dos outros segmentos.<\/p>\n<p>Mas podemos afirmar que o omnichannel \u00e9 a chave para integrar os esfor\u00e7os de digitaliza\u00e7\u00e3o das empresas e das lojas f\u00edsicas. Oferecendo o suporte t\u00e9cnico e <a href=\"https:\/\/grupomidia.com\/quemrealiza\/acirp-desenvolve-sistema-para-conectar-compradores-e-vendedores\/\" target=\"_blank\" rel=\"noopener noreferrer\">ferramentas para os vendedores<\/a> ser\u00e1 poss\u00edvel alcan\u00e7ar resultados de fideliza\u00e7\u00e3o t\u00e3o importantes para este novo momento.<\/p>\n<p>Em rela\u00e7\u00e3o aos novos clientes que adquirimos no e-commerce nos \u00faltimos meses fica a miss\u00e3o de mant\u00ea-los na base com um atendimento de excel\u00eancia.<\/p>\n<p>Devemos entregar aquilo que esse consumidor experimentou e gostou: atendimento pessoal e afetivo, venda n\u00e3o presencial, com entrega e p\u00f3s-venda excepcionais. Parece um pouco \u00f3bvio mas \u00e9 importante refor\u00e7ar que n\u00e3o podemos retroceder agora.<\/p>\n<ul>\n<li><em>Este artigo foi redigido por Thiago Santos, CEO e fundador da <a href=\"http:\/\/e-thinkers.com.br\/\" rel=\"nofollow noopener\" target=\"_blank\">e-thinkers.<\/a><\/em><\/li>\n<\/ul>\n","protected":false},"excerpt":{"rendered":"<p>ARTIGO: O que esperar da retomada do mercado de luxo no Brasil p\u00f3s-pandemia? Acredito que, nas \u00faltimas semanas, voc\u00ea j\u00e1 tenha se deparado com uma imagem das longas filas em frente a lojas de grifes de luxo, em pa\u00edses onde o com\u00e9rcio come\u00e7ou a retomar, j\u00e1 que os n\u00edveis da pandemia foram controlados. Segundo o [&hellip;]<\/p>\n","protected":false},"author":1,"featured_media":51047,"comment_status":"closed","ping_status":"closed","sticky":true,"template":"","format":"standard","meta":{"footnotes":""},"categories":[767],"tags":[550,1071,640,1508,1263,1010,1498,1356],"class_list":["post-51046","post","type-post","status-publish","format-standard","has-post-thumbnail","hentry","category-economia","tag-brasil","tag-e-commerce","tag-economia","tag-luxo","tag-mercado","tag-pandemia","tag-retomada","tag-vendas"],"wps_subtitle":"Acredito que, nas \u00faltimas semanas, voc\u00ea j\u00e1 tenha se deparado com uma imagem das longas filas em frente a lojas de grifes de luxo, em pa\u00edses onde o com\u00e9rcio come\u00e7ou a retomar, j\u00e1 que os n\u00edveis da pandemia foram controlados.","_links":{"self":[{"href":"https:\/\/grupomidia.com\/quemrealiza\/wp-json\/wp\/v2\/posts\/51046","targetHints":{"allow":["GET"]}}],"collection":[{"href":"https:\/\/grupomidia.com\/quemrealiza\/wp-json\/wp\/v2\/posts"}],"about":[{"href":"https:\/\/grupomidia.com\/quemrealiza\/wp-json\/wp\/v2\/types\/post"}],"author":[{"embeddable":true,"href":"https:\/\/grupomidia.com\/quemrealiza\/wp-json\/wp\/v2\/users\/1"}],"replies":[{"embeddable":true,"href":"https:\/\/grupomidia.com\/quemrealiza\/wp-json\/wp\/v2\/comments?post=51046"}],"version-history":[{"count":0,"href":"https:\/\/grupomidia.com\/quemrealiza\/wp-json\/wp\/v2\/posts\/51046\/revisions"}],"wp:featuredmedia":[{"embeddable":true,"href":"https:\/\/grupomidia.com\/quemrealiza\/wp-json\/wp\/v2\/media\/51047"}],"wp:attachment":[{"href":"https:\/\/grupomidia.com\/quemrealiza\/wp-json\/wp\/v2\/media?parent=51046"}],"wp:term":[{"taxonomy":"category","embeddable":true,"href":"https:\/\/grupomidia.com\/quemrealiza\/wp-json\/wp\/v2\/categories?post=51046"},{"taxonomy":"post_tag","embeddable":true,"href":"https:\/\/grupomidia.com\/quemrealiza\/wp-json\/wp\/v2\/tags?post=51046"}],"curies":[{"name":"wp","href":"https:\/\/api.w.org\/{rel}","templated":true}]}}