{"id":50994,"date":"2020-07-09T12:16:58","date_gmt":"2020-07-09T15:16:58","guid":{"rendered":"https:\/\/grupomidia.com\/quemrealiza\/?p=50994"},"modified":"2020-07-09T12:20:06","modified_gmt":"2020-07-09T15:20:06","slug":"pinacoteca-une-artes-visuais-e-musica-em-projeto-inedito","status":"publish","type":"post","link":"https:\/\/grupomidia.com\/quemrealiza\/pinacoteca-une-artes-visuais-e-musica-em-projeto-inedito\/","title":{"rendered":"Pinacoteca une artes visuais e m\u00fasica em projeto in\u00e9dito"},"content":{"rendered":"<h2>Pinacoteca une artes visuais e m\u00fasica em projeto in\u00e9dito<\/h2>\n<div>\n<p>A Pinacoteca,\u00a0Museu da Secretaria de Cultura e Economia Criativa do Estado de S\u00e3o Paulo, inova e lan\u00e7a mais uma iniciativa online, o #pinadecasa ac\u00fastico, um di\u00e1logo entre artes visuais e m\u00fasica. Para isso, cerca de 45 pessoas, entre artistas, curadoras, curadores, dirigentes de institui\u00e7\u00f5es culturais, jornalistas, funcion\u00e1rios do Museu, foram convidadas a escolher uma obra favorita de arte brasileira e montar uma playlist inspirada nela que estar\u00e1 dispon\u00edvel no Spotify da Pina.<\/p>\n<\/div>\n<div>\n<p>As obras ser\u00e3o postadas diariamente no instagram do Museu (@pinacotecasp) juntamente com o link para a lista das m\u00fasicas.\u00a0Desde 16 de mar\u00e7o de 2020, quando a Pinacoteca de S\u00e3o Paulo suspendeu temporariamente suas atividades presenciais, um novo projeto online de engajamento nas redes sociais foi lan\u00e7ado, o #pinadecasa. A partir disso, as a\u00e7\u00f5es foram intensificadas nas plataformas digitais (site, facebook, twiitter, instagram, youtube e linkedin) apresentando conte\u00fados acess\u00edveis sobre o acervo art\u00edstico do museu, lives com profissionais internos e convidados, tours virtuais, exposi\u00e7\u00e3o virtual e conte\u00fado educativo.<\/p>\n<\/div>\n<div>Natural portanto, que passados quase 100 posts, 14 lives, e um p\u00fablico estimado de cerca de 300 mil pessoas alcan\u00e7adas por essas inciativas, o #pinadecasa parta para uma segunda fase de conte\u00fados, desta vez, de forma colaborativa, com convidados.<\/div>\n<h2>Conectados<\/h2>\n<div>\n<p>A\u00a0Pinacoteca\u00a0continua ativa em seus canais digitais com o #pinadecasa ac\u00fastico, o tour virtual no site, dist\u00e2ncia: uma sele\u00e7\u00e3o de v\u00eddeos e filmes do acervo do Museu e conte\u00fados educativos.<\/p>\n<\/div>\n<div>\n<p>At\u00e9\u00a0dia 29\/06, no Instagram, Facebook e Twitter da Pina, uma obra da cole\u00e7\u00e3o do Museu continua sendo postada diariamente acompanhada de curiosidades, dados hist\u00f3ricos e explica\u00e7\u00f5es dos curadores. Nos stories, o espa\u00e7o \u00e9 para rever exposi\u00e7\u00f5es e compartilhar registro de visitas do p\u00fablico.<\/p>\n<\/div>\n<div>\n<p>As lives, que ocorreram todos os s\u00e1bados no Instagram da Pina\u00a0(@pinacotecasp), continuar\u00e3o dispon\u00edveis no IGTV e no Youtube da institui\u00e7\u00e3o. E voltar\u00e3o oportunamente para divulgar novas exposi\u00e7\u00f5es e a\u00e7\u00f5es.<\/p>\n<\/div>\n<div>\n<p>Passados\u00a0mais de tr\u00eas meses, o\u00a0resultado de todas essas iniciativas nas redes sociais \u00e9 excelente. Desde que a campanha foi criada em 16 de mar\u00e7o, o Instagram da Pina ganhou\u00a0mais de 26 mil seguidores. Nas outras redes, onde as postagens s\u00e3o redirecionadas, tamb\u00e9m houve crescimento, o Facebook, registrou mais de\u00a011 mil novos f\u00e3s\u00a0e o Twitter\u00a0mais de mil &#8220;followers&#8221;. As lives j\u00e1 realizadas somaram mais\u00a0de 76 mil visualiza\u00e7\u00f5es.<\/p>\n<\/div>\n<div>\n<p>Outro \u00eaxito s\u00e3o as visitas virtuais. A\u00a0Pinacoteca de S\u00e3o Paulo possui dois tours virtuais, o\u00a0Tour Virtual 3D, criado pela Startup iTeleport Viv\u00eancias Virtuais, que est\u00e1 dispon\u00edvel no site do museu (<a href=\"http:\/\/www.pinacoteca.org.br\/\" target=\"_blank\" rel=\"noopener noreferrer nofollow\" data-saferedirecturl=\"https:\/\/www.google.com\/url?q=http:\/\/www.pinacoteca.org.br&amp;source=gmail&amp;ust=1594390978517000&amp;usg=AFQjCNELRVq3Y_eClYnFEHDSwIdZDG9I2g\">www.pinacoteca.org.br<\/a>). Os acessos a esta plataforma este ano j\u00e1 superam\u00a086 mil. Este n\u00famero \u00e9\u00a0tr\u00eas vezes maior\u00a0que a totalidade dos \u00faltimos dois anos (2019 e 2018), onde foram cerca de 24 mil visitas, uma m\u00e9dia de 1000 por m\u00eas. Ainda pelo Google Arts and Culture (<a href=\"http:\/\/bit.ly\/3aG3jFA\" target=\"_blank\" rel=\"noopener noreferrer nofollow\" data-saferedirecturl=\"https:\/\/www.google.com\/url?q=http:\/\/bit.ly\/3aG3jFA&amp;source=gmail&amp;ust=1594390978517000&amp;usg=AFQjCNEmL-ISMJeE9YhvuvRjw742cFA6sg\">http:\/\/bit.ly\/3aG3jFA<\/a>), \u00e9 poss\u00edvel visitar a cole\u00e7\u00e3o.<\/p>\n<\/div>\n<div>\n<p>Neste per\u00edodo, a institui\u00e7\u00e3o fez algo in\u00e9dito e inaugurou, em maio, dist\u00e2ncia: uma sele\u00e7\u00e3o de v\u00eddeos e filmes do acervo da Pinacoteca,\u00a0a primeira\u00a0exposi\u00e7\u00e3o de v\u00eddeos e filmes pensada especialmente para os meios digitais.\u00a0A a\u00e7\u00e3o re\u00fane cinco trabalhos do acervo que poder\u00e3o ser vistos at\u00e9 o dia 3 de agosto no site\u00a0<a href=\"http:\/\/www.pinacoteca.org.br\/\" target=\"_blank\" rel=\"noopener noreferrer nofollow\" data-saferedirecturl=\"https:\/\/www.google.com\/url?q=http:\/\/www.pinacoteca.org.br&amp;source=gmail&amp;ust=1594390978517000&amp;usg=AFQjCNELRVq3Y_eClYnFEHDSwIdZDG9I2g\">www.pinacoteca.org.br<\/a>. A p\u00e1gina j\u00e1 registra\u00a0mais de 5 mil visualiza\u00e7\u00f5es.<\/p>\n<\/div>\n<div>Ainda no site da Pinacoteca (<a href=\"http:\/\/www.pinacoteca.org.br\/\" target=\"_blank\" rel=\"noopener noreferrer nofollow\" data-saferedirecturl=\"https:\/\/www.google.com\/url?q=http:\/\/www.pinacoteca.org.br&amp;source=gmail&amp;ust=1594390978517000&amp;usg=AFQjCNELRVq3Y_eClYnFEHDSwIdZDG9I2g\">http:\/\/www.pinacoteca.org.br<\/a>)<wbr \/>, o p\u00fablico pode assistir a um dos espet\u00e1culos mais queridos do PinaFam\u00edlia, o PinaCan\u00e7\u00e3o &#8211; uma hist\u00f3ria cantada entre pinturas.<\/div>\n<div><\/div>\n<div>\n<p>A n\u00edvel global, no Twitter, o Museu participou, de 11 a 17 de maio, do\u00a0#museumweek\u00a0com 22 posts e revisitou exposi\u00e7\u00f5es, abordou projetos futuros, exemplificou como a tecnologia vem ajudando as institui\u00e7\u00f5es durante o confinamento social, prestou homenagens aos her\u00f3is nesta quarentena. Para isso mostrou que a ilumina\u00e7\u00e3o externa da Pina ficar\u00e1 na cor verde at\u00e9 o fim da pandemia em refer\u00eancia aos profissionais de sa\u00fade.\u00a0A n\u00edvel nacional, na semana seguinte, de 18 a 22 de maio, participou da\u00a018\u00b0 Semana de Museus\u00a0com posts e live no Facebook sobre igualdade, diversidade e inclus\u00e3o, em refer\u00eancia ao tema do evento este ano, coordenado pelo Ibram (Instituto Brasileiro de Museus).<\/p>\n<\/div>\n<div>O Museu permanece promovendo conhecimento, debates, entretenimento e arte, auxiliando no confinamento social de quem est\u00e1 e pode ficar em casa. A institui\u00e7\u00e3o segue as orienta\u00e7\u00f5es do Governo do Estado e dos \u00f3rg\u00e3os oficiais de sa\u00fade.\u00a0Todas as a\u00e7\u00f5es est\u00e3o alinhadas com a inciativa\u00a0#culturaemcasa\u00a0da Secretaria de Cultura e Economia Criativa do Estado de S\u00e3o Paulo.<\/div>\n","protected":false},"excerpt":{"rendered":"<p>Pinacoteca une artes visuais e m\u00fasica em projeto in\u00e9dito A Pinacoteca,\u00a0Museu da Secretaria de Cultura e Economia Criativa do Estado de S\u00e3o Paulo, inova e lan\u00e7a mais uma iniciativa online, o #pinadecasa ac\u00fastico, um di\u00e1logo entre artes visuais e m\u00fasica. Para isso, cerca de 45 pessoas, entre artistas, curadoras, curadores, dirigentes de institui\u00e7\u00f5es culturais, jornalistas, [&hellip;]<\/p>\n","protected":false},"author":1,"featured_media":50995,"comment_status":"closed","ping_status":"closed","sticky":true,"template":"","format":"standard","meta":{"footnotes":""},"categories":[67],"tags":[1778,102,144,732,1779,1588,1455,1165],"class_list":["post-50994","post","type-post","status-publish","format-standard","has-post-thumbnail","hentry","category-arte-e-cultura","tag-acervo","tag-arte","tag-cultura","tag-digital","tag-iteleport","tag-pinacoteca","tag-sao-paulo","tag-tour-virtual"],"wps_subtitle":"#pinadecasa ac\u00fastico ser\u00e1 lan\u00e7ado nas plataformas digitais do Museu em julho e conta com a colabora\u00e7\u00e3o de artistas, curadoras, curadores, jornalistas, dirigentes de institui\u00e7\u00f5es cultuais e diversas pessoas que curtem arte!","_links":{"self":[{"href":"https:\/\/grupomidia.com\/quemrealiza\/wp-json\/wp\/v2\/posts\/50994","targetHints":{"allow":["GET"]}}],"collection":[{"href":"https:\/\/grupomidia.com\/quemrealiza\/wp-json\/wp\/v2\/posts"}],"about":[{"href":"https:\/\/grupomidia.com\/quemrealiza\/wp-json\/wp\/v2\/types\/post"}],"author":[{"embeddable":true,"href":"https:\/\/grupomidia.com\/quemrealiza\/wp-json\/wp\/v2\/users\/1"}],"replies":[{"embeddable":true,"href":"https:\/\/grupomidia.com\/quemrealiza\/wp-json\/wp\/v2\/comments?post=50994"}],"version-history":[{"count":0,"href":"https:\/\/grupomidia.com\/quemrealiza\/wp-json\/wp\/v2\/posts\/50994\/revisions"}],"wp:featuredmedia":[{"embeddable":true,"href":"https:\/\/grupomidia.com\/quemrealiza\/wp-json\/wp\/v2\/media\/50995"}],"wp:attachment":[{"href":"https:\/\/grupomidia.com\/quemrealiza\/wp-json\/wp\/v2\/media?parent=50994"}],"wp:term":[{"taxonomy":"category","embeddable":true,"href":"https:\/\/grupomidia.com\/quemrealiza\/wp-json\/wp\/v2\/categories?post=50994"},{"taxonomy":"post_tag","embeddable":true,"href":"https:\/\/grupomidia.com\/quemrealiza\/wp-json\/wp\/v2\/tags?post=50994"}],"curies":[{"name":"wp","href":"https:\/\/api.w.org\/{rel}","templated":true}]}}