{"id":50969,"date":"2020-07-06T12:27:07","date_gmt":"2020-07-06T15:27:07","guid":{"rendered":"https:\/\/grupomidia.com\/quemrealiza\/?p=50969"},"modified":"2020-07-06T12:27:07","modified_gmt":"2020-07-06T15:27:07","slug":"supermercadistas-estao-cautelosos-com-o-cenario-futuro","status":"publish","type":"post","link":"https:\/\/grupomidia.com\/quemrealiza\/supermercadistas-estao-cautelosos-com-o-cenario-futuro\/","title":{"rendered":"Supermercadistas est\u00e3o cautelosos com o cen\u00e1rio futuro"},"content":{"rendered":"<h2>Supermercadistas est\u00e3o cautelosos com o cen\u00e1rio futuro<\/h2>\n<p style=\"font-weight: 400;\">Para 95% dos supermercadistas do Estado de S\u00e3o Paulo, ouvidos pela Associa\u00e7\u00e3o Paulista de Supermercados (APAS), a economia nacional ir\u00e1 ter queda no PIB em 2020. Mais da metade do empresariado acredita que haver\u00e1 estabiliza\u00e7\u00e3o da taxa da infla\u00e7\u00e3o (68%) e, sobre a taxa de juros, 73% deles veem o cen\u00e1rio de queda.<\/p>\n<p style=\"font-weight: 400;\">O otimismo demonstrado na Pesquisa de Confian\u00e7a dos Supermercados do estado de S\u00e3o Paulo (PCS\/APAS) em junho de 2020 \u00e9 19 p.p maior quando se comparado a junho de 2019, quando, na ocasi\u00e3o, apenas 11% se mostrava otimista. O motivo era a crise do governo federal com o congresso por conta da reforma da previd\u00eancia.<\/p>\n<p style=\"font-weight: 400;\">Em rela\u00e7\u00e3o aos empregos, os supermercadistas acreditam que n\u00e3o deve ocorrer demiss\u00f5es em junho. O principal motivo \u00e9 o atual cen\u00e1rio que exige a necessidade de funcion\u00e1rios para higieniza\u00e7\u00e3o e cobrir afastamentos. Os entrevistados ainda preveem um aumento de vendas para setores que entram na flexibiliza\u00e7\u00e3o, como bares e restaurantes (55%). Por\u00e9m, o aumento de fal\u00eancias e o desemprego fazem com que 77% dos empres\u00e1rios acreditam em estabilidade ou quedas futuras nas vendas para os pr\u00f3ximos meses.<\/p>\n<p style=\"font-weight: 400;\">Quanto aos governos, 86% dos empres\u00e1rios se dizem insatisfeitos com as pol\u00edticas adotadas em \u00e2mbito estadual. J\u00e1 no cen\u00e1rio federal, 45% se dizem insatisfeitos ou indiferentes.<\/p>\n<p style=\"font-weight: 400;\">\n","protected":false},"excerpt":{"rendered":"<p>Supermercadistas est\u00e3o cautelosos com o cen\u00e1rio futuro Para 95% dos supermercadistas do Estado de S\u00e3o Paulo, ouvidos pela Associa\u00e7\u00e3o Paulista de Supermercados (APAS), a economia nacional ir\u00e1 ter queda no PIB em 2020. Mais da metade do empresariado acredita que haver\u00e1 estabiliza\u00e7\u00e3o da taxa da infla\u00e7\u00e3o (68%) e, sobre a taxa de juros, 73% deles [&hellip;]<\/p>\n","protected":false},"author":1,"featured_media":50970,"comment_status":"closed","ping_status":"closed","sticky":true,"template":"","format":"standard","meta":{"footnotes":""},"categories":[767],"tags":[1757,1140,1054,978,1756,1758,1694,1755],"class_list":["post-50969","post","type-post","status-publish","format-standard","has-post-thumbnail","hentry","category-economia","tag-cenario-futuro","tag-crise","tag-empresa","tag-empresario","tag-insatisfacao","tag-perspectiva","tag-pesquisa","tag-supermercado"],"wps_subtitle":"","_links":{"self":[{"href":"https:\/\/grupomidia.com\/quemrealiza\/wp-json\/wp\/v2\/posts\/50969","targetHints":{"allow":["GET"]}}],"collection":[{"href":"https:\/\/grupomidia.com\/quemrealiza\/wp-json\/wp\/v2\/posts"}],"about":[{"href":"https:\/\/grupomidia.com\/quemrealiza\/wp-json\/wp\/v2\/types\/post"}],"author":[{"embeddable":true,"href":"https:\/\/grupomidia.com\/quemrealiza\/wp-json\/wp\/v2\/users\/1"}],"replies":[{"embeddable":true,"href":"https:\/\/grupomidia.com\/quemrealiza\/wp-json\/wp\/v2\/comments?post=50969"}],"version-history":[{"count":0,"href":"https:\/\/grupomidia.com\/quemrealiza\/wp-json\/wp\/v2\/posts\/50969\/revisions"}],"wp:featuredmedia":[{"embeddable":true,"href":"https:\/\/grupomidia.com\/quemrealiza\/wp-json\/wp\/v2\/media\/50970"}],"wp:attachment":[{"href":"https:\/\/grupomidia.com\/quemrealiza\/wp-json\/wp\/v2\/media?parent=50969"}],"wp:term":[{"taxonomy":"category","embeddable":true,"href":"https:\/\/grupomidia.com\/quemrealiza\/wp-json\/wp\/v2\/categories?post=50969"},{"taxonomy":"post_tag","embeddable":true,"href":"https:\/\/grupomidia.com\/quemrealiza\/wp-json\/wp\/v2\/tags?post=50969"}],"curies":[{"name":"wp","href":"https:\/\/api.w.org\/{rel}","templated":true}]}}