{"id":50943,"date":"2020-06-30T14:26:06","date_gmt":"2020-06-30T17:26:06","guid":{"rendered":"https:\/\/grupomidia.com\/quemrealiza\/?p=50943"},"modified":"2020-06-30T14:26:36","modified_gmt":"2020-06-30T17:26:36","slug":"usp-lanca-edital-supera-parque","status":"publish","type":"post","link":"https:\/\/grupomidia.com\/quemrealiza\/usp-lanca-edital-supera-parque\/","title":{"rendered":"Ag\u00eancia USP de Inova\u00e7\u00e3o lan\u00e7a edital para concess\u00e3o de uso de lotes do Supera Parque"},"content":{"rendered":"<h2>Ag\u00eancia USP de Inova\u00e7\u00e3o lan\u00e7a edital para concess\u00e3o de uso de lotes do Supera Parque<\/h2>\n<p>A Ag\u00eancia USP de Inova\u00e7\u00e3o (AUSPIN) lan\u00e7ou, dia 29 (segunda-feira), o edital para concess\u00e3o de uso de lotes do Supera Parque de Inova\u00e7\u00e3o e Tecnologia. S\u00e3o seis lotes, com tamanhos que variam de 869 metros quadrados a 4.085 metros quadrados, localizados na \u00e1rea da Avenida Virg\u00edlio Soeira, destinados para a instala\u00e7\u00e3o de empresas inovadoras. O edital ficar\u00e1 aberto por 90 dias, a contar do seu lan\u00e7amento.<\/p>\n<p>O edital est\u00e1 dispon\u00edvel no site\u00a0<a href=\"https:\/\/u5451556.ct.sendgrid.net\/ls\/click?upn=RgcOELnIhFj48ry-2FM5-2F50iNtjowJkCqv2nzT1yhbK4z-2F8Qa1s-2FXTqEGD1E00AYFhDsPEL9dolePKsbcTFkBlYA-3D-3DPLUg_2v2F0n-2FgMVTZyFBi-2FUXYX2zXmYrlE3m2dJApugAG-2B2Lehy-2F8vivftcXME1Jq7eutp8tI2pQdTo8EeUPXhk6Om0ODHRHm3rSw6Wl8TXDhKVMKgjnGkc2T-2BCoJXMhWN8oZPf6rbrP-2Bpwbng-2FgzbsN89fqrpsyUGQkQ9eearMd8NM8RepNRr0gPSxk9-2FGocCFx0Dni6kANTdyC0xHjdJ90g4mLvhfhfucQyOFdQrNbaNaHp4J6iTWirqL-2B77vZit4OrDAG2oESQFNQ-2BJll-2F5FpTHPqrguz2eTHneL9O5Rwtl8c-3D\" target=\"_blank\" rel=\"noopener noreferrer nofollow\" data-saferedirecturl=\"https:\/\/www.google.com\/url?q=https:\/\/u5451556.ct.sendgrid.net\/ls\/click?upn%3DRgcOELnIhFj48ry-2FM5-2F50iNtjowJkCqv2nzT1yhbK4z-2F8Qa1s-2FXTqEGD1E00AYFhDsPEL9dolePKsbcTFkBlYA-3D-3DPLUg_2v2F0n-2FgMVTZyFBi-2FUXYX2zXmYrlE3m2dJApugAG-2B2Lehy-2F8vivftcXME1Jq7eutp8tI2pQdTo8EeUPXhk6Om0ODHRHm3rSw6Wl8TXDhKVMKgjnGkc2T-2BCoJXMhWN8oZPf6rbrP-2Bpwbng-2FgzbsN89fqrpsyUGQkQ9eearMd8NM8RepNRr0gPSxk9-2FGocCFx0Dni6kANTdyC0xHjdJ90g4mLvhfhfucQyOFdQrNbaNaHp4J6iTWirqL-2B77vZit4OrDAG2oESQFNQ-2BJll-2F5FpTHPqrguz2eTHneL9O5Rwtl8c-3D&amp;source=gmail&amp;ust=1593622811071000&amp;usg=AFQjCNFg6JSPG53KDpFDrc3u84lQhq_XYg\">http:\/\/www.inovacao.usp.br\/<wbr \/>editalsuperaparque2020\/<\/a>.<\/p>\n<p>Para a ocupa\u00e7\u00e3o da \u00e1rea, as empresas devem, necessariamente, ser de base tecnol\u00f3gica. \u201cPara a caracteriza\u00e7\u00e3o como empresa de base tecnol\u00f3gica analisa-se o grau de inova\u00e7\u00e3o da empresa, que pode ser atestado por aspectos como hist\u00f3rico de coopera\u00e7\u00e3o com universidades, posse de patentes, projetos de pesquisa e desenvolvimento aprovados junto a \u00f3rg\u00e3os de fomento ou aporte de capital de fundos de investimento\u201d, explica Eduardo Cicconi, gerente do Supera Parque.<\/p>\n<p>A concess\u00e3o ser\u00e1 por um per\u00edodo de 20 anos, podendo ser prorrogado por mais 20. \u201cOs lotes n\u00e3o s\u00e3o comercializados, mas passam por uma cess\u00e3o onerosa. A Universidade de S\u00e3o Paulo, que \u00e9 a detentora do terreno, faz a concess\u00e3o de uso mediante ao pagamento mensal de taxas e, em contrapartida, as empresas podem montar suas instala\u00e7\u00f5es e ocupar a \u00e1rea\u201d, explica. O valor m\u00ednimo mensal por metro quadrado \u00e9 de R$ 4,00<\/p>\n<p><strong>EXPANS\u00c3O<\/strong><\/p>\n<p>Essa primeira concess\u00e3o de lotes integra a fase de expans\u00e3o do Supera Parque de Inova\u00e7\u00e3o e Tecnologia, juntamente com a urbaniza\u00e7\u00e3o dos lotes e a implanta\u00e7\u00e3o do Container Park. Ao todo, o complexo contar\u00e1 com 126 lotes com tamanhos que variam de 600 a 4.000m\u00b2, aproximadamente. As empresas instaladas podem obter redu\u00e7\u00e3o nas al\u00edquotas de ISS, IPTU, ITBI, taxas municipais e utiliza\u00e7\u00e3o de cr\u00e9dito acumulado de ICMS.<\/p>\n<p>Al\u00e9m disso, a proximidade com a universidade contribui para uma maior intera\u00e7\u00e3o entre a academia e o meio empresarial, unindo empresas inovadoras a servi\u00e7os t\u00e9cnicos e tecnol\u00f3gicos de forma articulada e sist\u00eamica.<\/p>\n<p><strong>COVID-19<\/strong><\/p>\n<p>Durante a cerim\u00f4nia de lan\u00e7amento do edital, o Prefeito Duarte Nogueira falou sobre a import\u00e2ncia do trabalho do Supera Parque para minimizar os efeitos da pandemia do coronav\u00edrus na regi\u00e3o.\u00a0 O projeto Supera A\u00e7\u00e3o, projeto sem fins lucrativos, \u00e9 desenvolvido por mais de 100 pesquisadores volunt\u00e1rios ligados \u00e0 Incubadora de Empresas e realiza a leitura dos resultados dos testes do coronav\u00edrus a partir de materiais colhidos pela Secretaria da Sa\u00fade do munic\u00edpio.<\/p>\n<p>\u201cRecentemente, n\u00f3s fizemos um trabalho junto com as startups incubadas, provedoras da estrutura do Supera, de testes para o coronav\u00edrus. J\u00e1 s\u00e3o praticamente 7 mil testes realizados, sendo que, aproximadamente, 60,5% deram negativos e 38,8% positivos\u201d, disse.<\/p>\n<p>&#8220;O Supera Parque mostra como as universidades est\u00e3o conseguindo interagir melhor com a sociedade. Por meio da parceria com a iniciativa privada e com o apoio do governo local, estamos conseguimos traduzir o resultado das nossas pesquisas em produtos, dando respostas \u00e0s necessidades da sociedade. Os frutos ser\u00e3o colhidos em um futuro pr\u00f3ximo&#8221;, ressaltou Vahan Agopyan, reitor da Universidade de S\u00e3o Paulo (USP).<\/p>\n<p><strong>SUPERA PARQUE<\/strong><\/p>\n<p>O Supera Parque de Inova\u00e7\u00e3o e Tecnologia de Ribeir\u00e3o Preto, gerido pela Fipase, \u00e9 resultado de uma parceria entre Universidade de S\u00e3o Paulo (USP), Prefeitura Municipal de Ribeir\u00e3o Preto e Secretaria de Desenvolvimento do Estado de S\u00e3o Paulo. Instalado no Campus da USP local, o Parque abriga a Supera Incubadora de Empresas, o Supera Centro de Tecnologia, a associa\u00e7\u00e3o do Arranjo Produtivo Local (APL) da Sa\u00fade, o Polo Industrial de Software (PISO), al\u00e9m do Supera Centro de Neg\u00f3cios. Ao todo, s\u00e3o 74 empresas instaladas no Parque, sendo: 62 delas no Supera Incubadora de Empresas de Base Tecnol\u00f3gica; e 12 empreendimentos no Centro de Neg\u00f3cios.<\/p>\n","protected":false},"excerpt":{"rendered":"<p>Ag\u00eancia USP de Inova\u00e7\u00e3o lan\u00e7a edital para concess\u00e3o de uso de lotes do Supera Parque A Ag\u00eancia USP de Inova\u00e7\u00e3o (AUSPIN) lan\u00e7ou, dia 29 (segunda-feira), o edital para concess\u00e3o de uso de lotes do Supera Parque de Inova\u00e7\u00e3o e Tecnologia. S\u00e3o seis lotes, com tamanhos que variam de 869 metros quadrados a 4.085 metros quadrados, [&hellip;]<\/p>\n","protected":false},"author":1,"featured_media":50944,"comment_status":"closed","ping_status":"closed","sticky":true,"template":"","format":"standard","meta":{"footnotes":""},"categories":[81],"tags":[1729,1730,1731,1727,290,1728],"class_list":["post-50943","post","type-post","status-publish","format-standard","has-post-thumbnail","hentry","category-hi-tech","tag-agencia-usp-de-inovacao","tag-auspin","tag-concessao","tag-supera-parque","tag-tecnologia","tag-usp"],"wps_subtitle":"Concess\u00e3o \u00e9 destinada a empresas inovadoras por um per\u00edodo de at\u00e9 40 anos; edital ficar\u00e1 aberto por 90 dias","_links":{"self":[{"href":"https:\/\/grupomidia.com\/quemrealiza\/wp-json\/wp\/v2\/posts\/50943","targetHints":{"allow":["GET"]}}],"collection":[{"href":"https:\/\/grupomidia.com\/quemrealiza\/wp-json\/wp\/v2\/posts"}],"about":[{"href":"https:\/\/grupomidia.com\/quemrealiza\/wp-json\/wp\/v2\/types\/post"}],"author":[{"embeddable":true,"href":"https:\/\/grupomidia.com\/quemrealiza\/wp-json\/wp\/v2\/users\/1"}],"replies":[{"embeddable":true,"href":"https:\/\/grupomidia.com\/quemrealiza\/wp-json\/wp\/v2\/comments?post=50943"}],"version-history":[{"count":0,"href":"https:\/\/grupomidia.com\/quemrealiza\/wp-json\/wp\/v2\/posts\/50943\/revisions"}],"wp:featuredmedia":[{"embeddable":true,"href":"https:\/\/grupomidia.com\/quemrealiza\/wp-json\/wp\/v2\/media\/50944"}],"wp:attachment":[{"href":"https:\/\/grupomidia.com\/quemrealiza\/wp-json\/wp\/v2\/media?parent=50943"}],"wp:term":[{"taxonomy":"category","embeddable":true,"href":"https:\/\/grupomidia.com\/quemrealiza\/wp-json\/wp\/v2\/categories?post=50943"},{"taxonomy":"post_tag","embeddable":true,"href":"https:\/\/grupomidia.com\/quemrealiza\/wp-json\/wp\/v2\/tags?post=50943"}],"curies":[{"name":"wp","href":"https:\/\/api.w.org\/{rel}","templated":true}]}}