{"id":50912,"date":"2020-06-23T16:39:23","date_gmt":"2020-06-23T19:39:23","guid":{"rendered":"https:\/\/grupomidia.com\/quemrealiza\/?p=50912"},"modified":"2020-06-29T10:23:35","modified_gmt":"2020-06-29T13:23:35","slug":"feira-virtual-de-estagios-e-empregos","status":"publish","type":"post","link":"https:\/\/grupomidia.com\/quemrealiza\/feira-virtual-de-estagios-e-empregos\/","title":{"rendered":"4\u00aa edi\u00e7\u00e3o da Feira Virtual de Est\u00e1gios e Empregos traz oportunidades durante a pandemia"},"content":{"rendered":"<h2>4\u00aa edi\u00e7\u00e3o da Feira Virtual de Est\u00e1gios e Empregos traz oportunidades durante a pandemia<\/h2>\n<p>Mesmo com o cen\u00e1rio t\u00e3o desafiador, por conta da pandemia da\u00a0<a href=\"https:\/\/grupomidia.com\/quemrealiza\/inverno-cuidados-asmaticos\/\" target=\"_blank\" rel=\"noopener noreferrer\">Covid\u00a019<\/a>, de\u00a029 de junho a 3\u00a0de julho, a Est\u00e1cio promover\u00e1\u00a0a 4\u00aa edi\u00e7\u00e3o da Feira Virtual de Est\u00e1gios e Empregos, com milhares de vagas em grandes\u00a0institui\u00e7\u00f5es corporativas. Poder\u00e3o participar alunos, egressos e estudantes de todo\u00a0o pa\u00eds (n\u00e3o alunos) e, para acessar o conte\u00fado, os interessados dever\u00e3o fazer seu\u00a0pr\u00e9-cadastro\u00a0no link:<strong>\u00a0<\/strong><a href=\"https:\/\/nam01.safelinks.protection.outlook.com\/?url=https%3A%2F%2Fportal.estacio.br%2Ffeira-empregabilidade&amp;data=02%7C01%7Cmariana.alves%40yduqs.com.br%7C8940eec1c77540b9a9c808d81469f33a%7C29e081cc983f4d52b1d0103595213bc6%7C1%7C0%7C637281792590808025&amp;sdata=SsThsHszsyiACv4oAMu%2BumaIddmu9NdST4jCldHF0rY%3D&amp;reserved=0\" target=\"_blank\" rel=\"noopener noreferrer nofollow\" data-saferedirecturl=\"https:\/\/www.google.com\/url?q=https:\/\/nam01.safelinks.protection.outlook.com\/?url%3Dhttps%253A%252F%252Fportal.estacio.br%252Ffeira-empregabilidade%26data%3D02%257C01%257Cmariana.alves%2540yduqs.com.br%257C8940eec1c77540b9a9c808d81469f33a%257C29e081cc983f4d52b1d0103595213bc6%257C1%257C0%257C637281792590808025%26sdata%3DSsThsHszsyiACv4oAMu%252BumaIddmu9NdST4jCldHF0rY%253D%26reserved%3D0&amp;source=gmail&amp;ust=1593017830500000&amp;usg=AFQjCNHW02sHPAHS5oUjcEsIh9W04xesbw\"><strong>https:\/\/portal.estacio.<wbr \/>br\/feira-empregabilidade<\/strong><\/a>\u00a0.<\/p>\n<p>Durante a feira, ser\u00e1 poss\u00edvel avaliar as carreiras que est\u00e3o em evid\u00eancia e conferir oportunidades em empresas como Cielo, Baker, Universia, B2W, MC Donald\u00b4s, Super Est\u00e1gios, Grupo Cia de Talentos, entre outras.<\/p>\n<p>A Est\u00e1cio tamb\u00e9m fechou parcerias bem interessantes com a Red Bull, que disponibilizar\u00e1 o Red Bull Wingfinder (teste de perfil comportamental), e com o Bettha, start-up do Grupo Cia de Talentos, que ir\u00e1 oferecer assessments que fazem mapeamentos de perfil. Enquanto o Genius avalia as habilidades que tornam as pessoas geniais, o Lifestyle mostra o ambiente de trabalho que mais combina com cada perfil.<\/p>\n<p>Al\u00e9m das oportunidades de se candidatar a vagas de est\u00e1gios e empregos efetivos, a 4\u00aa Feira Virtual tamb\u00e9m vai oferecer aos estudantes \u00e0 oportunidade de conversar com profissionais das \u00e1reas de RH das empresas participantes.<\/p>\n<p>Durante o bate-papo, eles v\u00e3o conhecer mais detalhes destas companhias, como a cultura e os desafios para os pr\u00f3ximos anos. A intera\u00e7\u00e3o entre participantes e empresas ser\u00e1 realizada por meio de chat conforme programa\u00e7\u00e3o e agenda da feira, dispon\u00edvel no pr\u00f3prio site do evento.<\/p>\n<blockquote><p>\u201cNesse momento desafiador em que vivemos, com muitas pessoas desempregadas, a feira \u00e9 uma grande oportunidade para quem quer conquistar uma vaga no mercado de trabalho. A iniciativa far\u00e1 com que cada participante aumente\u00a0seu\u00a0network\u00a0com as grandes\u00a0organiza\u00e7\u00f5es\u00a0\u2013 companhias nacionais e multinacionais &#8211; e possa conferir novidades e inova\u00e7\u00f5es em suas \u00e1reas de atua\u00e7\u00e3o\u201d, afirma Cl\u00e1udia Romano,\u00a0vice-presidente de Rela\u00e7\u00f5es Governamentais, Sustentabilidade e Comunica\u00e7\u00e3o da Est\u00e1cio.<\/p><\/blockquote>\n<p>&nbsp;<\/p>\n<p>A Est\u00e1cio \u00e9 uma das maiores e mais respeitadas institui\u00e7\u00f5es do setor educacional brasileiro. H\u00e1 50 anos, proporciona acesso a um ensino de excel\u00eancia em larga escala e de maneira \u00fanica. Est\u00e1 presente em 23 estados e no Distrito Federal, por meio do ensino presencial, e em todo o Brasil com o EaD.<\/p>\n<p>Atuante em projetos que contribuem para o desenvolvimento social e cultural do Pa\u00eds, a Est\u00e1cio promove o Programa de Responsabilidade Social Corporativa Educar para Transformar.<\/p>\n<p>O programa, que apoia iniciativas em cinco pilares &#8211; Esporte, Escola, Cidadania, Cultura, Inova\u00e7\u00e3o e Empreendedorismo \u2013 reflete o compromisso do Grupo Est\u00e1cio de oferecer uma educa\u00e7\u00e3o acess\u00edvel e de qualidade e, assim, gerar um impacto positivo para a constru\u00e7\u00e3o de uma sociedade mais justa.<\/p>\n","protected":false},"excerpt":{"rendered":"<p>4\u00aa edi\u00e7\u00e3o da Feira Virtual de Est\u00e1gios e Empregos traz oportunidades durante a pandemia Mesmo com o cen\u00e1rio t\u00e3o desafiador, por conta da pandemia da\u00a0Covid\u00a019, de\u00a029 de junho a 3\u00a0de julho, a Est\u00e1cio promover\u00e1\u00a0a 4\u00aa edi\u00e7\u00e3o da Feira Virtual de Est\u00e1gios e Empregos, com milhares de vagas em grandes\u00a0institui\u00e7\u00f5es corporativas. Poder\u00e3o participar alunos, egressos e [&hellip;]<\/p>\n","protected":false},"author":1,"featured_media":50913,"comment_status":"closed","ping_status":"closed","sticky":true,"template":"","format":"standard","meta":{"footnotes":""},"categories":[767],"tags":[1705,1706,1702,1704,1703,1263,1421,1418],"class_list":["post-50912","post","type-post","status-publish","format-standard","has-post-thumbnail","hentry","category-economia","tag-empregos","tag-emrpeendedorismo","tag-estacio-de-sa","tag-estagios","tag-feira-virtual","tag-mercado","tag-trabalho","tag-vagas"],"wps_subtitle":"Visitantes e estudantes de todo o Brasil poder\u00e3o acessar a plataforma gratuitamente de 29 de junho a 3 de julho. Feira contar\u00e1 com a participa\u00e7\u00e3o de grandes empresas, al\u00e9m de conte\u00fados sobre carreiras e testes de perfil comportamental  ","_links":{"self":[{"href":"https:\/\/grupomidia.com\/quemrealiza\/wp-json\/wp\/v2\/posts\/50912","targetHints":{"allow":["GET"]}}],"collection":[{"href":"https:\/\/grupomidia.com\/quemrealiza\/wp-json\/wp\/v2\/posts"}],"about":[{"href":"https:\/\/grupomidia.com\/quemrealiza\/wp-json\/wp\/v2\/types\/post"}],"author":[{"embeddable":true,"href":"https:\/\/grupomidia.com\/quemrealiza\/wp-json\/wp\/v2\/users\/1"}],"replies":[{"embeddable":true,"href":"https:\/\/grupomidia.com\/quemrealiza\/wp-json\/wp\/v2\/comments?post=50912"}],"version-history":[{"count":0,"href":"https:\/\/grupomidia.com\/quemrealiza\/wp-json\/wp\/v2\/posts\/50912\/revisions"}],"wp:featuredmedia":[{"embeddable":true,"href":"https:\/\/grupomidia.com\/quemrealiza\/wp-json\/wp\/v2\/media\/50913"}],"wp:attachment":[{"href":"https:\/\/grupomidia.com\/quemrealiza\/wp-json\/wp\/v2\/media?parent=50912"}],"wp:term":[{"taxonomy":"category","embeddable":true,"href":"https:\/\/grupomidia.com\/quemrealiza\/wp-json\/wp\/v2\/categories?post=50912"},{"taxonomy":"post_tag","embeddable":true,"href":"https:\/\/grupomidia.com\/quemrealiza\/wp-json\/wp\/v2\/tags?post=50912"}],"curies":[{"name":"wp","href":"https:\/\/api.w.org\/{rel}","templated":true}]}}