{"id":50902,"date":"2020-06-23T15:44:09","date_gmt":"2020-06-23T18:44:09","guid":{"rendered":"https:\/\/grupomidia.com\/quemrealiza\/?p=50902"},"modified":"2020-06-23T15:44:09","modified_gmt":"2020-06-23T18:44:09","slug":"7-dicas-consumo-consciente-criancas","status":"publish","type":"post","link":"https:\/\/grupomidia.com\/quemrealiza\/7-dicas-consumo-consciente-criancas\/","title":{"rendered":"7 dicas para praticar o consumo consciente com as crian\u00e7as"},"content":{"rendered":"<h2>7 dicas para praticar o consumo consciente com as crian\u00e7as<\/h2>\n<div>Com a pandemia, e o Brasil estando entre os pa\u00edses com maior n\u00famero de mortos pela Covid-19, a preocupa\u00e7\u00e3o com a preserva\u00e7\u00e3o do meio ambiente ganhou for\u00e7a.<\/div>\n<div><\/div>\n<div>Um levantamento feito pelo Instituto Ipsos mostrou que, para 85% dos brasileiros, problemas como degrada\u00e7\u00e3o ambiental, polui\u00e7\u00e3o, desmatamento e mudan\u00e7as clim\u00e1ticas representam uma s\u00e9ria amea\u00e7a \u00e0 sa\u00fade e devem ser tratados como prioridade no plano de recupera\u00e7\u00e3o do pa\u00eds p\u00f3s-pandemia.<\/div>\n<div><\/div>\n<div>A pesquisa ouviu participantes de 16 pa\u00edses, sendo 1000 no Brasil.\u00a0Hoje, j\u00e1 somamos mais de 7 bilh\u00f5es de pessoas no mundo que consomem todos os dias e o planeta j\u00e1 deixou claro que estamos em estado de alerta. Precisamos prestar mais aten\u00e7\u00e3o na forma como consumimos, caso contr\u00e1rio destruiremos de vez nosso ecossistema.<\/p>\n<\/div>\n<div>O\u00a0consumo consciente\u00a0\u00e9 a pr\u00e1tica que nos permite continuar com nossas atividades di\u00e1rias e, ao mesmo tempo, diminuir os impactos de nossas a\u00e7\u00f5es. Por isso, h\u00e1 tr\u00eas anos a Leiturinha tem a campanha do &#8220;Pequeno Consciente&#8221; durante o m\u00eas de julho, para incentivar fam\u00edlias e educadores a introduzir essa quest\u00e3o para os pequenos de forma divertida e com impacto positivo.<\/p>\n<\/div>\n<div>Para al\u00e9m das atitudes j\u00e1 amplamente conhecidas, como apagar as luzes dos c\u00f4modos desocupados e fechar a torneira enquanto escova os dentes, a\u00a0<a href=\"https:\/\/yancevetiorarle.i-mpr.com\/link.php?code=bDpodHRwJTNBJTJGJTJGbGVpdHVyaW5oYS5jb20uYnIlMkY6MjQwMzcyMjY5NzpjbGl2b25laUBncnVwb21pZGlhLmNvbTpjMTJiMjA=\" target=\"_blank\" rel=\"noopener noreferrer nofollow\" data-saferedirecturl=\"https:\/\/www.google.com\/url?q=https:\/\/yancevetiorarle.i-mpr.com\/link.php?code%3DbDpodHRwJTNBJTJGJTJGbGVpdHVyaW5oYS5jb20uYnIlMkY6MjQwMzcyMjY5NzpjbGl2b25laUBncnVwb21pZGlhLmNvbTpjMTJiMjA%3D&amp;source=gmail&amp;ust=1593017835335000&amp;usg=AFQjCNFw4s6Zd7ZYGJ4WlnwLM6-Tbg8sQQ\">Leiturinha<\/a>\u00a0reuniu 7 dicas para praticar o consumo consciente em casa, buscando o\u00a0equil\u00edbrio entre a satisfa\u00e7\u00e3o pessoal e a sustentabilidade:<\/p>\n<\/div>\n<h2>1. Compre somente o necess\u00e1rio<\/h2>\n<div>Comprar por impulso, fazer estoque de coisas ou alimentos \u00e9 uma pr\u00e1tica altamente prejudicial. Quanto mais adquirimos, mais jogamos fora e, assim, geramos mais lixo. O ideal \u00e9 fazer pequenas aquisi\u00e7\u00f5es pr\u00e9-planejadas para um per\u00edodo espec\u00edfico. Por exemplo: montar o card\u00e1pio da semana e reabastecer a dispensa semanalmente, ao inv\u00e9s de mensal. Assim, voc\u00ea evita que alimentos estraguem por n\u00e3o serem consumidos.<\/p>\n<\/div>\n<h2>2. Opte por embalagens reduzidas ou retorn\u00e1veis<\/h2>\n<div>Quanto mais embalagens tem o produto, mais lixo \u00e9 gerado. O ideal \u00e9 optar por comprar itens com menos embrulhos. Por exemplo, se for comprar algo para a fam\u00edlia, escolha os maiores: mais produto gerando menos descartes.<\/div>\n<div><\/div>\n<div>Quando for uma op\u00e7\u00e3o, as embalagens retorn\u00e1veis s\u00e3o uma \u00f3tima escolha, sempre! Um bom h\u00e1bito, \u00e9 o de levar sua pr\u00f3pria sacola de pano quando for fazer compras. Assim, voc\u00ea evita sacolas pl\u00e1sticas que demoram 450 anos para serem decompostas.<\/p>\n<\/div>\n<h2>3. Aproveite bem os alimentos<\/h2>\n<div>Uma outra dica \u00e9 aproveitar ao m\u00e1ximo todos os alimentos. Talos, folhas, sementes e cascas podem ser reutilizados e t\u00eam grande valor nutritivo. Procure receitinhas e aproveite para variar o card\u00e1pio.<\/p>\n<\/div>\n<h2>4. Separe corretamente o lixo para reciclagem<\/h2>\n<div>Um h\u00e1bito que j\u00e1 se v\u00ea em v\u00e1rias casas \u00e9 a sele\u00e7\u00e3o do lixo. Mas, muitas vezes, as pessoas fazem isso de forma errada, o que acaba dificultando a reciclagem. O jeito mais simples de garantir que a coleta seja efetiva, \u00e9 separar o lixo seco (embalagens, pl\u00e1stico, pap\u00e9is, alum\u00ednio, vidro, etc.) do lixo org\u00e2nico (restos de comida, alimentos estragados, etc).<\/div>\n<div><\/div>\n<div>Por\u00e9m, o maior ponto de aten\u00e7\u00e3o \u00e9: um material recicl\u00e1vel perde esta caracter\u00edstica se teve contato com contaminantes, como \u00f3leos, graxas, cola, solventes e outros. Isso porque a remo\u00e7\u00e3o dos contaminantes dificulta e at\u00e9 impossibilita a reciclagem. Portanto, a correta separa\u00e7\u00e3o dos materiais \u00e9 essencial para que o processo de reciclagem seja bem sucedido.<\/p>\n<\/div>\n<h2>5. Fa\u00e7a seus pr\u00f3prios brinquedos<\/h2>\n<div>Como o mote da vez \u00e9 a palavra sustentabilidade, produzir os pr\u00f3prios brinquedos, al\u00e9m de ser super divertido para os pequenos, ainda ajuda a diminuir a produ\u00e7\u00e3o de lixo e reduzir o uso de pl\u00e1sticos, &#8211; um dos principais materiais utilizados para fabrica\u00e7\u00e3o desses itens &#8211; por exemplo, que demora cerca de 400 anos para se decompor.<\/p>\n<\/div>\n<div>Com produ\u00e7\u00e3o exclusiva no PlayKids App, a s\u00e9rie SuperHands ensina as crian\u00e7as a fazerem diferentes brinquedos, usando apenas materiais comuns que temos em casa, como tinta, canetinha, tesoura, cola e muita divers\u00e3o. O PlayKids App est\u00e1 dispon\u00edvel para iOS e Android.<\/p>\n<\/div>\n<h2>6. N\u00e3o jogue no lixo, doe<\/h2>\n<div>Brinquedos, m\u00f3veis, livros, roupas e outras coisas que n\u00e3o s\u00e3o mais usadas, podem servir \u00e0 outras pessoas! Portanto, ao inv\u00e9s de jogar fora, doe. \u00c9 muito comum, entre as m\u00e3es, compartilhar itens que n\u00e3o servem mais para seu pequeno e, tamb\u00e9m, receber outros que j\u00e1 n\u00e3o servem. Mas, se esse n\u00e3o for o seu caso, encontre brech\u00f3s, sebos ou uma entidade beneficente que possa direcionar o seu descarte. Al\u00e9m de voc\u00ea fazer uma boa a\u00e7\u00e3o, ainda preserva o meio ambiente!<\/p>\n<\/div>\n<h2>7. Plante uma horta em casa<\/h2>\n<div>Preparar o lugar, escolher as sementinhas, pesquisar quais as melhores op\u00e7\u00f5es para cada \u00e9poca do ano, plantar, cuidar, ver brotar, colher e preparar uma receita para comer em fam\u00edlia, colabora com o fortalecimento do v\u00ednculo afetivo entre os respons\u00e1veis e as crian\u00e7as, al\u00e9m de beneficiar o bem-estar de toda a fam\u00edlia.<\/div>\n<div><\/div>\n<div>No clima do Pequeno Consciente, a Leiturinha preparou o <a href=\"https:\/\/yancevetiorarle.i-mpr.com\/link.php?code=bDpodHRwJTNBJTJGJTJGbGVpdHVyaW5oYS5jb20uYnIlMkZlYm9vayUyRmhvcnRhLWNhc2VpcmElMkYlM0ZzcmMlM0RiZ3NfcGVxdWVub19jb25zY2llbnRlXzRfcGxhbnRpbyUyNnV0bV9zb3VyY2UlM0RibG9nJTI2dXRtX21lZGl1bSUzRHNvY2lhbCUyNnV0bV9jb250ZW50JTNEbWVuc2FnZW0lMjZ1dG1fY2FtcGFpZ24lM0RiZ3NfcGVxdWVub19jb25zY2llbnRlXzRfcGxhbnRpbzoyNDAzNzIyNjk3OmNsaXZvbmVpQGdydXBvbWlkaWEuY29tOmVjYzIwNA==\" target=\"_blank\" rel=\"noopener noreferrer nofollow\" data-saferedirecturl=\"https:\/\/www.google.com\/url?q=https:\/\/yancevetiorarle.i-mpr.com\/link.php?code%3DbDpodHRwJTNBJTJGJTJGbGVpdHVyaW5oYS5jb20uYnIlMkZlYm9vayUyRmhvcnRhLWNhc2VpcmElMkYlM0ZzcmMlM0RiZ3NfcGVxdWVub19jb25zY2llbnRlXzRfcGxhbnRpbyUyNnV0bV9zb3VyY2UlM0RibG9nJTI2dXRtX21lZGl1bSUzRHNvY2lhbCUyNnV0bV9jb250ZW50JTNEbWVuc2FnZW0lMjZ1dG1fY2FtcGFpZ24lM0RiZ3NfcGVxdWVub19jb25zY2llbnRlXzRfcGxhbnRpbzoyNDAzNzIyNjk3OmNsaXZvbmVpQGdydXBvbWlkaWEuY29tOmVjYzIwNA%3D%3D&amp;source=gmail&amp;ust=1593017835335000&amp;usg=AFQjCNEEYoPNnF56JtFq_ZcVkBK8bcOfgA\">eBook &#8220;Horta Caseira<\/a>: Aprenda como cultivar alimentos com as crian\u00e7as&#8221; para ensinar as fam\u00edlias a come\u00e7ar suas hortas.<\/div>\n","protected":false},"excerpt":{"rendered":"<p>7 dicas para praticar o consumo consciente com as crian\u00e7as Com a pandemia, e o Brasil estando entre os pa\u00edses com maior n\u00famero de mortos pela Covid-19, a preocupa\u00e7\u00e3o com a preserva\u00e7\u00e3o do meio ambiente ganhou for\u00e7a. Um levantamento feito pelo Instituto Ipsos mostrou que, para 85% dos brasileiros, problemas como degrada\u00e7\u00e3o ambiental, polui\u00e7\u00e3o, desmatamento [&hellip;]<\/p>\n","protected":false},"author":1,"featured_media":50903,"comment_status":"closed","ping_status":"closed","sticky":true,"template":"","format":"standard","meta":{"footnotes":""},"categories":[71],"tags":[1689,1237,1386,1110,1690,898,438,1691],"class_list":["post-50902","post","type-post","status-publish","format-standard","has-post-thumbnail","hentry","category-tendencias","tag-consciente","tag-consumo","tag-criacao","tag-criancas","tag-desenvolvimento","tag-dicas","tag-educacao","tag-infancia"],"wps_subtitle":"","_links":{"self":[{"href":"https:\/\/grupomidia.com\/quemrealiza\/wp-json\/wp\/v2\/posts\/50902","targetHints":{"allow":["GET"]}}],"collection":[{"href":"https:\/\/grupomidia.com\/quemrealiza\/wp-json\/wp\/v2\/posts"}],"about":[{"href":"https:\/\/grupomidia.com\/quemrealiza\/wp-json\/wp\/v2\/types\/post"}],"author":[{"embeddable":true,"href":"https:\/\/grupomidia.com\/quemrealiza\/wp-json\/wp\/v2\/users\/1"}],"replies":[{"embeddable":true,"href":"https:\/\/grupomidia.com\/quemrealiza\/wp-json\/wp\/v2\/comments?post=50902"}],"version-history":[{"count":0,"href":"https:\/\/grupomidia.com\/quemrealiza\/wp-json\/wp\/v2\/posts\/50902\/revisions"}],"wp:featuredmedia":[{"embeddable":true,"href":"https:\/\/grupomidia.com\/quemrealiza\/wp-json\/wp\/v2\/media\/50903"}],"wp:attachment":[{"href":"https:\/\/grupomidia.com\/quemrealiza\/wp-json\/wp\/v2\/media?parent=50902"}],"wp:term":[{"taxonomy":"category","embeddable":true,"href":"https:\/\/grupomidia.com\/quemrealiza\/wp-json\/wp\/v2\/categories?post=50902"},{"taxonomy":"post_tag","embeddable":true,"href":"https:\/\/grupomidia.com\/quemrealiza\/wp-json\/wp\/v2\/tags?post=50902"}],"curies":[{"name":"wp","href":"https:\/\/api.w.org\/{rel}","templated":true}]}}