{"id":50895,"date":"2020-06-23T14:36:13","date_gmt":"2020-06-23T17:36:13","guid":{"rendered":"https:\/\/grupomidia.com\/quemrealiza\/?p=50895"},"modified":"2020-06-23T14:39:39","modified_gmt":"2020-06-23T17:39:39","slug":"fernando-henrique-cardoso-em-encontro-virtual","status":"publish","type":"post","link":"https:\/\/grupomidia.com\/quemrealiza\/fernando-henrique-cardoso-em-encontro-virtual\/","title":{"rendered":"Organiza\u00e7\u00e3o de Ribeir\u00e3o Preto traz Fernando Henrique Cardoso para encontro virtual com empres\u00e1rios"},"content":{"rendered":"<h2>Organiza\u00e7\u00e3o de Ribeir\u00e3o Preto traz Fernando Henrique Cardoso para encontro virtual com empres\u00e1rios<\/h2>\n<p>O ex-presidente Fernando Henrique Cardoso participa de um encontro virtual com empres\u00e1rios da regi\u00e3o, nesta quinta-feira (25\/06), a partir das 16h30, no &#8220;LIDE LIVE &#8211; Ribeir\u00e3o Preto&#8221;, que ter\u00e1 transmiss\u00e3o exclusiva aos filiados por meio da plataforma do LIDE Ribeir\u00e3o Preto.<\/p>\n<p>O evento ser\u00e1 mediado pelo jornalista Augusto Nunes, que possui passagem pelos principais ve\u00edculos de comunica\u00e7\u00e3o do pa\u00eds e \u00e9 considerado uma refer\u00eancia na cobertura do notici\u00e1rio pol\u00edtico e econ\u00f4mico.<\/p>\n<p>O &#8220;LIDE LIVE Ribeir\u00e3o Preto&#8221; tem como objetivo contribuir com a an\u00e1lise do cen\u00e1rio financeiro e pol\u00edtico do Brasil e do exterior por parte dos empres\u00e1rios de diversos setores visando fomentar as pr\u00e1ticas de sucesso. &#8220;Fernando Henrique Cardoso \u00e9 um dos brasileiros mais influentes no mundo e esta ser\u00e1 uma grande oportunidade de acesso a informa\u00e7\u00e3o de qualidade e an\u00e1lise de perspectivas econ\u00f4micas para os empres\u00e1rios da regi\u00e3o&#8221;, afirma Fabio Fernandes, presidente do LIDE Ribeir\u00e3o Preto.<\/p>\n","protected":false},"excerpt":{"rendered":"<p>Organiza\u00e7\u00e3o de Ribeir\u00e3o Preto traz Fernando Henrique Cardoso para encontro virtual com empres\u00e1rios O ex-presidente Fernando Henrique Cardoso participa de um encontro virtual com empres\u00e1rios da regi\u00e3o, nesta quinta-feira (25\/06), a partir das 16h30, no &#8220;LIDE LIVE &#8211; Ribeir\u00e3o Preto&#8221;, que ter\u00e1 transmiss\u00e3o exclusiva aos filiados por meio da plataforma do LIDE Ribeir\u00e3o Preto. O [&hellip;]<\/p>\n","protected":false},"author":1,"featured_media":50898,"comment_status":"closed","ping_status":"closed","sticky":true,"template":"","format":"standard","meta":{"footnotes":""},"categories":[768],"tags":[640,978,1687,1684,1685,1412,826,1686,272],"class_list":["post-50895","post","type-post","status-publish","format-standard","has-post-thumbnail","hentry","category-negocios","tag-economia","tag-empresario","tag-fernando-henrique-cardoso","tag-fhc","tag-lide","tag-live","tag-negocios","tag-politica","tag-ribeirao-preto"],"wps_subtitle":"O evento, que ser\u00e1 mediado pelo jornalista Augusto Nunes, acontece na quinta-feira (25\/06) por meio da plataforma da organiza\u00e7\u00e3o","_links":{"self":[{"href":"https:\/\/grupomidia.com\/quemrealiza\/wp-json\/wp\/v2\/posts\/50895","targetHints":{"allow":["GET"]}}],"collection":[{"href":"https:\/\/grupomidia.com\/quemrealiza\/wp-json\/wp\/v2\/posts"}],"about":[{"href":"https:\/\/grupomidia.com\/quemrealiza\/wp-json\/wp\/v2\/types\/post"}],"author":[{"embeddable":true,"href":"https:\/\/grupomidia.com\/quemrealiza\/wp-json\/wp\/v2\/users\/1"}],"replies":[{"embeddable":true,"href":"https:\/\/grupomidia.com\/quemrealiza\/wp-json\/wp\/v2\/comments?post=50895"}],"version-history":[{"count":0,"href":"https:\/\/grupomidia.com\/quemrealiza\/wp-json\/wp\/v2\/posts\/50895\/revisions"}],"wp:featuredmedia":[{"embeddable":true,"href":"https:\/\/grupomidia.com\/quemrealiza\/wp-json\/wp\/v2\/media\/50898"}],"wp:attachment":[{"href":"https:\/\/grupomidia.com\/quemrealiza\/wp-json\/wp\/v2\/media?parent=50895"}],"wp:term":[{"taxonomy":"category","embeddable":true,"href":"https:\/\/grupomidia.com\/quemrealiza\/wp-json\/wp\/v2\/categories?post=50895"},{"taxonomy":"post_tag","embeddable":true,"href":"https:\/\/grupomidia.com\/quemrealiza\/wp-json\/wp\/v2\/tags?post=50895"}],"curies":[{"name":"wp","href":"https:\/\/api.w.org\/{rel}","templated":true}]}}