{"id":50829,"date":"2020-06-15T16:51:35","date_gmt":"2020-06-15T19:51:35","guid":{"rendered":"https:\/\/grupomidia.com\/quemrealiza\/?p=50829"},"modified":"2020-06-15T17:05:06","modified_gmt":"2020-06-15T20:05:06","slug":"supermercados-expectativa-festa-junina","status":"publish","type":"post","link":"https:\/\/grupomidia.com\/quemrealiza\/supermercados-expectativa-festa-junina\/","title":{"rendered":"Supermercados divulgam a  expectativa para Festa Junina 2020"},"content":{"rendered":"<h2>Supermercados divulgam a expectativa para Festa Junina 2020<\/h2>\n<p>Em tempos de pandemia, as tradicionais comemora\u00e7\u00f5es de junho ter\u00e3o que ser adaptadas pelos consumidores. Neste per\u00edodo de festas juninas, os supermercados v\u00e3o oferecer os produtos t\u00edpicos da \u00e9poca, como em todos os anos, por\u00e9m, com uma expectativa de vendas menor.<\/p>\n<p>Na regi\u00e3o de Ribeir\u00e3o Preto as vendas devem crescer 0,7% com rela\u00e7\u00e3o ao mesmo per\u00edodo do ano passado.<\/p>\n<p>A Associa\u00e7\u00e3o Paulista de Supermercados (<a href=\"https:\/\/portalapas.org.br\/\" target=\"_blank\" rel=\"noopener noreferrer nofollow\">APAS<\/a>) realizou uma pesquisa com seus associados para avaliar como a pandemia da Covid-19 est\u00e1 impactando o m\u00eas de junho &#8211; \u00e9poca tradicionalmente boa para o com\u00e9rcio varejista alimentar.<\/p>\n<p>Fonte de venda de ingredientes e produtos t\u00edpicos das festas juninas, a proje\u00e7\u00e3o da APAS ser\u00e1 um crescimento m\u00e9dio de 0,6% no Estado de S\u00e3o Paulo \u2013 ter\u00e3o crescimento acima da m\u00e9dia a Grande SP, as regi\u00f5es de Bauru, Mar\u00edlia, Ribeir\u00e3o Preto e S\u00e3o Jos\u00e9 do Rio Preto.<\/p>\n<p>Em 2019, o resultado para o m\u00eas de junho foi um crescimento de 3,7%. As categorias analisadas pelo estudo contemplaram os doces, frutas, bebidas (n\u00e3o alco\u00f3licas e alco\u00f3licas), balas e ingredientes para produ\u00e7\u00e3o de bolos t\u00edpicos.<\/p>\n<p>Para o presidente da APAS, Ronaldo dos Santos, a queda se deve principalmente a dois fatores.<\/p>\n<blockquote><p>\u201cA n\u00e3o realiza\u00e7\u00e3o de eventos juninos devido a orienta\u00e7\u00e3o de se evitar aglomera\u00e7\u00f5es e a falta de procura dos restaurantes para oferecer doces e produtos t\u00edpicos aos clientes s\u00e3o as principais causas para esta queda.<\/p>\n<p>Vivemos um cen\u00e1rio at\u00edpico em que pesquisas recentes apontam que o consumidor vem diminuindo o consumo de sup\u00e9rfluos dentro da pandemia, agravado pelo cen\u00e1rio econ\u00f4mico atual\u201d, comentou.<\/p><\/blockquote>\n<p>&nbsp;<\/p>\n<p>A Associa\u00e7\u00e3o Paulista de Supermercados representa o setor supermercadista no Estado de S\u00e3o Paulo e busca integrar toda a cadeia de abastecimento. A entidade tem aproximadamente 1.500 associados, que somam cerca de 4.000 lojas.<\/p>\n","protected":false},"excerpt":{"rendered":"<p>Em tempos de pandemia, as tradicionais comemora\u00e7\u00f5es de junho ter\u00e3o que ser adaptadas pelos consumidores. Neste per\u00edodo de festas juninas, os supermercados v\u00e3o oferecer os produtos t\u00edpicos da \u00e9poca, como em todos os anos, por\u00e9m, com uma expectativa de vendas menor.<\/p>\n","protected":false},"author":1,"featured_media":50831,"comment_status":"closed","ping_status":"closed","sticky":true,"template":"","format":"standard","meta":{"footnotes":""},"categories":[767],"tags":[640,330,1620,1621,1622,1356],"class_list":["post-50829","post","type-post","status-publish","format-standard","has-post-thumbnail","hentry","category-economia","tag-economia","tag-festa-junina","tag-junho","tag-produtos-juninos","tag-supermercados","tag-vendas"],"wps_subtitle":"Em tempos de pandemia, as tradicionais comemora\u00e7\u00f5es de junho ter\u00e3o que ser adaptadas pelos consumidores.","_links":{"self":[{"href":"https:\/\/grupomidia.com\/quemrealiza\/wp-json\/wp\/v2\/posts\/50829","targetHints":{"allow":["GET"]}}],"collection":[{"href":"https:\/\/grupomidia.com\/quemrealiza\/wp-json\/wp\/v2\/posts"}],"about":[{"href":"https:\/\/grupomidia.com\/quemrealiza\/wp-json\/wp\/v2\/types\/post"}],"author":[{"embeddable":true,"href":"https:\/\/grupomidia.com\/quemrealiza\/wp-json\/wp\/v2\/users\/1"}],"replies":[{"embeddable":true,"href":"https:\/\/grupomidia.com\/quemrealiza\/wp-json\/wp\/v2\/comments?post=50829"}],"version-history":[{"count":0,"href":"https:\/\/grupomidia.com\/quemrealiza\/wp-json\/wp\/v2\/posts\/50829\/revisions"}],"wp:featuredmedia":[{"embeddable":true,"href":"https:\/\/grupomidia.com\/quemrealiza\/wp-json\/wp\/v2\/media\/50831"}],"wp:attachment":[{"href":"https:\/\/grupomidia.com\/quemrealiza\/wp-json\/wp\/v2\/media?parent=50829"}],"wp:term":[{"taxonomy":"category","embeddable":true,"href":"https:\/\/grupomidia.com\/quemrealiza\/wp-json\/wp\/v2\/categories?post=50829"},{"taxonomy":"post_tag","embeddable":true,"href":"https:\/\/grupomidia.com\/quemrealiza\/wp-json\/wp\/v2\/tags?post=50829"}],"curies":[{"name":"wp","href":"https:\/\/api.w.org\/{rel}","templated":true}]}}