{"id":50810,"date":"2020-06-12T12:40:21","date_gmt":"2020-06-12T15:40:21","guid":{"rendered":"https:\/\/grupomidia.com\/quemrealiza\/?p=50810"},"modified":"2020-06-15T14:21:00","modified_gmt":"2020-06-15T17:21:00","slug":"mascaras-se-tornam-objeto-de-expressao","status":"publish","type":"post","link":"https:\/\/grupomidia.com\/quemrealiza\/mascaras-se-tornam-objeto-de-expressao\/","title":{"rendered":"M\u00e1scaras de tecidos se tornam objeto de express\u00e3o em meio \u00e0 pandemia"},"content":{"rendered":"<h2>M\u00e1scaras de tecidos se tornam objeto de express\u00e3o em meio \u00e0 pandemia<\/h2>\n<p>Novo acess\u00f3rio indispens\u00e1vel antes de sair de casa, as m\u00e1scaras de prote\u00e7\u00e3o passaram do status &#8220;em falta&#8221; para &#8220;dispon\u00edvel do jeito que voc\u00ea preferir.&#8221;<\/p>\n<p>Ap\u00f3s o primeiro momento de procura para que todos tivessem a prote\u00e7\u00e3o adequada, agora a onda de buscas de m\u00e1scaras \u00e9 pelas de tecido e totalmente personalizadas.<\/p>\n<p>Neste cen\u00e1rio, o Elo7, maior marketplace de produtos criativos do Brasil, viu a oferta do produto triplicar, atingindo cerca de 30 mil m\u00e1scaras dispon\u00edveis na plataforma.<\/p>\n<blockquote><p>&#8220;O grande pico de movimento foi a partir do an\u00fancio do decreto que tornava obrigat\u00f3ria a utiliza\u00e7\u00e3o de m\u00e1scaras em locais p\u00fablicos em todo o pa\u00eds. Desde ent\u00e3o, tanto a busca quanto a oferta passaram a ser cada vez maiores na plataforma&#8221;, explica Carlos Curioni, CEO do Elo7.<\/p><\/blockquote>\n<p>&nbsp;<\/p>\n<p>E n\u00e3o foi somente o n\u00famero de m\u00e1scaras que aumentou. A oferta impulsionou o aumento de lojistas disponibilizando este produto para os seus compradores, o que fez com que o n\u00famero de vendedores espec\u00edficos do produto chegasse a 4 mil.<\/p>\n<p>Por outro lado, lojistas de outros setores tamb\u00e9m aproveitaram o momento para presentear seus clientes, mostrando cuidado e humaniza\u00e7\u00e3o neste momento.<\/p>\n<blockquote><p>&#8220;Vimos muitos vendedores de diversos tipos de produtos enviando m\u00e1scaras de brinde para os seus clientes, n\u00e3o s\u00f3 como uma forma de atrair mais vendas, mas tamb\u00e9m para mostrar o quanto est\u00e3o preocupados com a sa\u00fade de todos que interagem com a sua marca&#8221;, afirma Curioni.<\/p><\/blockquote>\n<p>&nbsp;<\/p>\n<p>A verdade \u00e9 que, em um momento delicado, as m\u00e1scaras personalizadas podem ajudar a tornar o ato de utiliz\u00e1-las mais leve, diminuindo a impress\u00e3o de que seja algo hospitalar, de uso m\u00e9dico, sendo algo menos frio e que pode minimizar sensa\u00e7\u00f5es n\u00e3o t\u00e3o positivas.<\/p>\n<p>Existem at\u00e9 mesmo op\u00e7\u00f5es para m\u00e3es ou pais e filhos usarem estampas combinando, descontraindo o momento tamb\u00e9m para as crian\u00e7as, que podem apresentar certa resist\u00eancia ao utilizar o acess\u00f3rio. O importante \u00e9 se proteger, mas tamb\u00e9m diminuir o impacto psicol\u00f3gico que o uso de m\u00e1scaras pode ocasionar.<\/p>\n","protected":false},"excerpt":{"rendered":"<p>Novo acess\u00f3rio indispens\u00e1vel antes de sair de casa, as m\u00e1scaras de prote\u00e7\u00e3o passaram do status &#8220;em falta&#8221; para &#8220;dispon\u00edvel do jeito que voc\u00ea preferir.&#8221;<\/p>\n","protected":false},"author":1,"featured_media":50811,"comment_status":"closed","ping_status":"closed","sticky":true,"template":"","format":"standard","meta":{"footnotes":""},"categories":[76],"tags":[1597,730,1596,1523,1598,240,1010,1595,1081,1120],"class_list":["post-50810","post","type-post","status-publish","format-standard","has-post-thumbnail","hentry","category-moda-beleza","tag-acessorio","tag-coronavirus","tag-exclusividade","tag-mascara","tag-mascaras-personalizadas","tag-moda","tag-pandemia","tag-personalizacao","tag-prevencao","tag-protecao"],"wps_subtitle":"Novo acess\u00f3rio indispens\u00e1vel antes de sair de casa, as m\u00e1scaras de prote\u00e7\u00e3o passaram do status \"em falta\" para \"dispon\u00edvel do jeito que voc\u00ea preferir.\"","_links":{"self":[{"href":"https:\/\/grupomidia.com\/quemrealiza\/wp-json\/wp\/v2\/posts\/50810","targetHints":{"allow":["GET"]}}],"collection":[{"href":"https:\/\/grupomidia.com\/quemrealiza\/wp-json\/wp\/v2\/posts"}],"about":[{"href":"https:\/\/grupomidia.com\/quemrealiza\/wp-json\/wp\/v2\/types\/post"}],"author":[{"embeddable":true,"href":"https:\/\/grupomidia.com\/quemrealiza\/wp-json\/wp\/v2\/users\/1"}],"replies":[{"embeddable":true,"href":"https:\/\/grupomidia.com\/quemrealiza\/wp-json\/wp\/v2\/comments?post=50810"}],"version-history":[{"count":0,"href":"https:\/\/grupomidia.com\/quemrealiza\/wp-json\/wp\/v2\/posts\/50810\/revisions"}],"wp:featuredmedia":[{"embeddable":true,"href":"https:\/\/grupomidia.com\/quemrealiza\/wp-json\/wp\/v2\/media\/50811"}],"wp:attachment":[{"href":"https:\/\/grupomidia.com\/quemrealiza\/wp-json\/wp\/v2\/media?parent=50810"}],"wp:term":[{"taxonomy":"category","embeddable":true,"href":"https:\/\/grupomidia.com\/quemrealiza\/wp-json\/wp\/v2\/categories?post=50810"},{"taxonomy":"post_tag","embeddable":true,"href":"https:\/\/grupomidia.com\/quemrealiza\/wp-json\/wp\/v2\/tags?post=50810"}],"curies":[{"name":"wp","href":"https:\/\/api.w.org\/{rel}","templated":true}]}}