{"id":50801,"date":"2020-06-12T12:00:54","date_gmt":"2020-06-12T15:00:54","guid":{"rendered":"https:\/\/grupomidia.com\/quemrealiza\/?p=50801"},"modified":"2020-06-12T12:00:54","modified_gmt":"2020-06-12T15:00:54","slug":"pinacoteca-online","status":"publish","type":"post","link":"https:\/\/grupomidia.com\/quemrealiza\/pinacoteca-online\/","title":{"rendered":"Pinacoteca disponibiliza espet\u00e1culo PinaCan\u00e7\u00e3o online"},"content":{"rendered":"<h2>Pinacoteca disponibiliza espet\u00e1culo PinaCan\u00e7\u00e3o online<\/h2>\n<p>A Pinacoteca de S\u00e3o Paulo, museu da Secretaria de Cultura e Economia Criativa do Estado de S\u00e3o Paulo, inova mais uma vez e traz para perto do p\u00fablico um dos espet\u00e1culos mais queridos do PinaFam\u00edlia, o PinaCan\u00e7\u00e3o &#8211; uma hist\u00f3ria cantada entre pinturas. O espet\u00e1culo estar\u00e1 dispon\u00edvel a partir do dia 14 de junho no site do Museu (<a href=\"http:\/\/www.pinacoteca.org.br\" rel=\"nofollow noopener\" target=\"_blank\">www.pinacoteca.org.br<\/a>), no canal no <a href=\"http:\/\/www.youtube.com\/user\/MuseuPinacoteca\" rel=\"nofollow noopener\" target=\"_blank\">YouTube<\/a> e todos v\u00e3o poder assistir em casa.<\/p>\n<p>Criado por H\u00e9lio Ziskind, diretor musical do Cocoric\u00f3, exibido na TV Cultura, PinaCan\u00e7\u00e3o &#8211; uma hist\u00f3ria cantada entre pinturas mostra a hist\u00f3ria de dois personagens que se encontram na Pinacoteca e, em meio \u00e0s can\u00e7\u00f5es, descobrem juntos tons, texturas e escalas do mundo da pintura. O espet\u00e1culo, que re\u00fane m\u00fasica, teatro e artes visuais, tem 40 minutos.<\/p>\n<p>&#8220;Aproveitar o tempo juntos, conviver, conversar sobre cores, tons, tamanho das coisas que aparecem nas pinturas, tudo com muita m\u00fasica e hist\u00f3ria. Uma pedida superespecial para se divertir ao mesmo tempo em que se aprende. Isso \u00e9 o Pinacan\u00e7\u00e3o!&#8221;, explica a coordenadora da A\u00e7\u00e3o Educativa da Pinacoteca, Milene Chiovatto .<\/p>\n<p>O espet\u00e1culo faz parte da programa\u00e7\u00e3o do PinaFam\u00edia, projeto organizado pelo N\u00facleo de A\u00e7\u00e3o Educativa (NAE), destinado a grupos familiares de todas as idades. A iniciativa ocorria todo segundo domingo do m\u00eas desde 2014 e deve retornar com as adapta\u00e7\u00f5es necess\u00e1rias quando o Museu reabrir para receber seus visitantes. Al\u00e9m do espet\u00e1culo, durante o evento, o p\u00fablico tem acesso \u00e0 jogos e propostas l\u00fadicas, um guia de visita para estimular a visita aut\u00f4noma das fam\u00edlias \u00e0s exposi\u00e7\u00f5es do acervo do museu.<\/p>\n<p>O N\u00facleo de A\u00e7\u00e3o Educativa da Pinacoteca tem patroc\u00ednio de IBM, BB Seguros, Verde Asset Management, Ultra, Facebook Brasil, White Martins e Bloomberg Philanthropies .<\/p>\n<p><strong>PinaCan\u00e7\u00e3o- uma hist\u00f3ria cantada entre pinturas<\/strong><\/p>\n<p>A partir de 14 de junho no site <a href=\"http:\/\/www.pinacoteca.org.br\" rel=\"nofollow noopener\" target=\"_blank\">http:\/\/www.pinacoteca.org.br<\/a> e no canal no YouTube <a href=\"http:\/\/www.youtube.com\/user\/MuseuPinacoteca\" rel=\"nofollow noopener\" target=\"_blank\">http:\/\/www.youtube.com\/user\/MuseuPinacoteca<\/a><br \/>\nCria\u00e7\u00e3o: H\u00e9lio Ziskind e N\u00facleo de A\u00e7\u00e3o Educativa da Pinacoteca<br \/>\nDura\u00e7\u00e3o: 40 minutos<\/p>\n","protected":false},"excerpt":{"rendered":"<p>Pinacoteca disponibiliza espet\u00e1culo PinaCan\u00e7\u00e3o online A Pinacoteca de S\u00e3o Paulo, museu da Secretaria de Cultura e Economia Criativa do Estado de S\u00e3o Paulo, inova mais uma vez e traz para perto do p\u00fablico um dos espet\u00e1culos mais queridos do PinaFam\u00edlia, o PinaCan\u00e7\u00e3o &#8211; uma hist\u00f3ria cantada entre pinturas. O espet\u00e1culo estar\u00e1 dispon\u00edvel a partir do [&hellip;]<\/p>\n","protected":false},"author":1,"featured_media":50802,"comment_status":"closed","ping_status":"closed","sticky":true,"template":"","format":"standard","meta":{"footnotes":""},"categories":[67],"tags":[144,438,662,335,1589,1587,1588],"class_list":["post-50801","post","type-post","status-publish","format-standard","has-post-thumbnail","hentry","category-arte-e-cultura","tag-cultura","tag-educacao","tag-museu","tag-musica","tag-nucleo-de-acao-educativa-da-pinacoteca","tag-pinacancao","tag-pinacoteca"],"wps_subtitle":"","_links":{"self":[{"href":"https:\/\/grupomidia.com\/quemrealiza\/wp-json\/wp\/v2\/posts\/50801","targetHints":{"allow":["GET"]}}],"collection":[{"href":"https:\/\/grupomidia.com\/quemrealiza\/wp-json\/wp\/v2\/posts"}],"about":[{"href":"https:\/\/grupomidia.com\/quemrealiza\/wp-json\/wp\/v2\/types\/post"}],"author":[{"embeddable":true,"href":"https:\/\/grupomidia.com\/quemrealiza\/wp-json\/wp\/v2\/users\/1"}],"replies":[{"embeddable":true,"href":"https:\/\/grupomidia.com\/quemrealiza\/wp-json\/wp\/v2\/comments?post=50801"}],"version-history":[{"count":0,"href":"https:\/\/grupomidia.com\/quemrealiza\/wp-json\/wp\/v2\/posts\/50801\/revisions"}],"wp:featuredmedia":[{"embeddable":true,"href":"https:\/\/grupomidia.com\/quemrealiza\/wp-json\/wp\/v2\/media\/50802"}],"wp:attachment":[{"href":"https:\/\/grupomidia.com\/quemrealiza\/wp-json\/wp\/v2\/media?parent=50801"}],"wp:term":[{"taxonomy":"category","embeddable":true,"href":"https:\/\/grupomidia.com\/quemrealiza\/wp-json\/wp\/v2\/categories?post=50801"},{"taxonomy":"post_tag","embeddable":true,"href":"https:\/\/grupomidia.com\/quemrealiza\/wp-json\/wp\/v2\/tags?post=50801"}],"curies":[{"name":"wp","href":"https:\/\/api.w.org\/{rel}","templated":true}]}}