{"id":50775,"date":"2020-06-09T09:37:59","date_gmt":"2020-06-09T12:37:59","guid":{"rendered":"https:\/\/grupomidia.com\/quemrealiza\/?p=50775"},"modified":"2020-06-09T10:26:05","modified_gmt":"2020-06-09T13:26:05","slug":"projete-realiza-curso-de-empregabilidade-para-ex-alunos-fora-do-mercado-de-trabalho","status":"publish","type":"post","link":"https:\/\/grupomidia.com\/quemrealiza\/projete-realiza-curso-de-empregabilidade-para-ex-alunos-fora-do-mercado-de-trabalho\/","title":{"rendered":"Projete realiza curso de empregabilidade para ex-alunos fora do mercado de trabalho"},"content":{"rendered":"<h2>Projete realiza curso de empregabilidade para ex-alunos fora do mercado de trabalho<\/h2>\n<p>Desde o dia 08\/06, o Projete realiza, de forma online e gratuita, um curso sobre empregabilidade direcionado a ex-alunos do trabalho social que completaram o ensino m\u00e9dio e n\u00e3o se encontram nem no mercado de trabalho, nem em faculdades e cursos superiores.<\/p>\n<p>Com duas semanas de dura\u00e7\u00e3o, as aulas ser\u00e3o realizadas via Whatsapp e Google classroom, respeitando o <a href=\"https:\/\/grupomidia.com\/quemrealiza\/riscos-ergonomicos-no-isolamento-social-saiba-como-cuidar-da-sua-postura-durante-o-home-office\/\" target=\"_blank\" rel=\"noopener noreferrer\">isolamento social provocado pela Covid-19<\/a>, e abordar\u00e3o temas do mercado de trabalho, al\u00e9m de simula\u00e7\u00e3o de entrevistas e dicas sobre como os jovens podem montar e dar destaque ao pr\u00f3prio curr\u00edculo.<\/p>\n<p>A ideia do curso surgiu ap\u00f3s uma pesquisa realizada com 167 alunos que j\u00e1 se formaram, mostrando que de 64 jovens desempregados, 18 deles, na faixa et\u00e1ria de 17 a 23 anos, tamb\u00e9m n\u00e3o deram continuidade nos estudos.<\/p>\n<p>Sendo assim, o curso exclusivo tem como objetivo auxili\u00e1-los para que possam se recolocar diante dos objetivos tra\u00e7ados em meio \u00e0 crise pand\u00eamica.<\/p>\n<blockquote><p>&#8220;A preocupa\u00e7\u00e3o com o aumento do desemprego no pa\u00eds nos alertou para fazermos a pesquisa com os ex-alunos. Quando nos deparamos com o cen\u00e1rio de jovens desempregados, pensamos em fazer algo de muito valor e r\u00e1pido&#8221;, explica o consultor do Projete, Fabiano Gon\u00e7alves.<\/p><\/blockquote>\n<p>&nbsp;<\/p>\n<blockquote><p>&#8220;Elaboramos um curso para ajud\u00e1-los a preparar o curr\u00edculo, a conquistar um perfil campe\u00e3o no LinkedIn &#8211; maior rede social de perfis profissionais do mundo-, aplicativos de vagas de emprego e o principal, como se preparar para uma entrevista de emprego. Os jovens passar\u00e3o por simula\u00e7\u00f5es de entrevistas que ser\u00e3o realizadas pelos volunt\u00e1rios das empresas parceiras do Projete. \u00c9 uma forma de levar uma prepara\u00e7\u00e3o consistente e de muito valor em um momento t\u00e3o cr\u00edtico como o que estamos passando.&#8221;<\/p><\/blockquote>\n<p>&nbsp;<\/p>\n<p>Motivados a proporcionar uma transforma\u00e7\u00e3o no destino acad\u00eamico e profissional dos jovens, o Projete h\u00e1 7 anos desenvolve um trabalho socioeducativo com enfoque em educa\u00e7\u00e3o financeira, empregabilidade, empreendedorismo e cidadania para os jovens do ensino m\u00e9dio de escolas p\u00fablicas.<\/p>\n<p>Com o intuito de propagar bons valores como respeito, comprometimento, solidariedade entre outros, o trabalho do Projete n\u00e3o termina com o certificado de conclus\u00e3o, e segue cuidando dos jovens para que eles se estabele\u00e7am de forma que possam proporcionar a si mesmos e \u00e0 sociedade um futuro melhor.<\/p>\n<blockquote><p>\u201cEsse contato e troca entre volunt\u00e1rios altamente qualificados com os jovens \u00e9 que leva tanto valor para a comunidade. Quem ajuda aprende muito e ainda contribui para melhorar a situa\u00e7\u00e3o de outras pessoas. Isso d\u00e1 sentido ao trabalho e \u00e9 um valor que somente as empresas parceiras do Projete podem oferecer aos seus colaboradores\u201d conclui.<\/p><\/blockquote>\n<p>&nbsp;<\/p>\n","protected":false},"excerpt":{"rendered":"<p>Desde o dia 08\/06, o Projete realiza, de forma online e gratuita, um curso sobre empregabilidade direcionado a ex-alunos do trabalho social que completaram o ensino m\u00e9dio e n\u00e3o se encontram nem no mercado de trabalho, nem em faculdades e cursos superiores.<\/p>\n","protected":false},"author":1,"featured_media":50777,"comment_status":"closed","ping_status":"closed","sticky":true,"template":"","format":"standard","meta":{"footnotes":""},"categories":[69],"tags":[1220,438,1550,1417,723,1551,1421,1418],"class_list":["post-50775","post","type-post","status-publish","format-standard","has-post-thumbnail","hentry","category-cotidiano","tag-curso","tag-educacao","tag-empregabilidade","tag-emprego","tag-mercado-de-trabalho","tag-projete","tag-trabalho","tag-vagas"],"wps_subtitle":"","_links":{"self":[{"href":"https:\/\/grupomidia.com\/quemrealiza\/wp-json\/wp\/v2\/posts\/50775","targetHints":{"allow":["GET"]}}],"collection":[{"href":"https:\/\/grupomidia.com\/quemrealiza\/wp-json\/wp\/v2\/posts"}],"about":[{"href":"https:\/\/grupomidia.com\/quemrealiza\/wp-json\/wp\/v2\/types\/post"}],"author":[{"embeddable":true,"href":"https:\/\/grupomidia.com\/quemrealiza\/wp-json\/wp\/v2\/users\/1"}],"replies":[{"embeddable":true,"href":"https:\/\/grupomidia.com\/quemrealiza\/wp-json\/wp\/v2\/comments?post=50775"}],"version-history":[{"count":0,"href":"https:\/\/grupomidia.com\/quemrealiza\/wp-json\/wp\/v2\/posts\/50775\/revisions"}],"wp:featuredmedia":[{"embeddable":true,"href":"https:\/\/grupomidia.com\/quemrealiza\/wp-json\/wp\/v2\/media\/50777"}],"wp:attachment":[{"href":"https:\/\/grupomidia.com\/quemrealiza\/wp-json\/wp\/v2\/media?parent=50775"}],"wp:term":[{"taxonomy":"category","embeddable":true,"href":"https:\/\/grupomidia.com\/quemrealiza\/wp-json\/wp\/v2\/categories?post=50775"},{"taxonomy":"post_tag","embeddable":true,"href":"https:\/\/grupomidia.com\/quemrealiza\/wp-json\/wp\/v2\/tags?post=50775"}],"curies":[{"name":"wp","href":"https:\/\/api.w.org\/{rel}","templated":true}]}}