{"id":50752,"date":"2020-06-05T13:45:10","date_gmt":"2020-06-05T16:45:10","guid":{"rendered":"https:\/\/grupomidia.com\/quemrealiza\/?p=50752"},"modified":"2020-06-05T21:35:58","modified_gmt":"2020-06-06T00:35:58","slug":"plataforma-de-educacao-e-futurismo-disponibiliza-curso-online-sobre-o-futuro-da-moda","status":"publish","type":"post","link":"https:\/\/grupomidia.com\/quemrealiza\/plataforma-de-educacao-e-futurismo-disponibiliza-curso-online-sobre-o-futuro-da-moda\/","title":{"rendered":"Plataforma de educa\u00e7\u00e3o e futurismo disponibiliza curso online sobre o futuro da moda"},"content":{"rendered":"<h2>Plataforma de educa\u00e7\u00e3o e futurismo disponibiliza curso online sobre o futuro da moda<\/h2>\n<p>&nbsp;<\/p>\n<p>A Aerolito, plataforma de educa\u00e7\u00e3o e laborat\u00f3rio de explora\u00e7\u00e3o de cen\u00e1rios que ajuda pessoas e empresas a enxergarem perspectivas e possibilidades de futuro, lan\u00e7a o curso digital &#8220;Futuro da Moda&#8221;, com aproximadamente 4 horas de conte\u00fado.<\/p>\n<p>Os v\u00eddeos ser\u00e3o disponibilizados semanalmente no site, de 28 maio a 09 de julho: <a href=\"http:\/\/aeroli.to\/online\/pandemia\" target=\"_blank\" rel=\"noopener noreferrer nofollow\">http:\/\/aeroli.to\/online\/pandemia<\/a>.<\/p>\n<p>O objetivo \u00e9 refletir e gerar questionamentos a fim de instigar a busca pelo aprofundamento de solu\u00e7\u00f5es inteligentes e sustent\u00e1veis no contexto dessa ind\u00fastria.<\/p>\n<p>O conte\u00fado ser\u00e1 conduzido por Simone Gasperin, s\u00f3cia da Aerolito; Igor Oliveira, l\u00edder de pesquisa da Aerolito, Kim Trieweiler, pesquisador e futurista, al\u00e9m de convidados, como Cair\u00ea Moreira, fundador da Genyz. . Ao todo, a masterclass ser\u00e1 dividida em 15 m\u00f3dulos e traz um olhar sobre os impactos transversais no ciclo da moda e suas rela\u00e7\u00f5es com diferentes tecnologias.<\/p>\n<blockquote><p>&#8220;O modelo de neg\u00f3cios de moda como conhecemos est\u00e1 em amplo questionamento. As tecnologias emergentes v\u00e3o impactar em diferentes n\u00edveis todo o ciclo: cria\u00e7\u00e3o, modelagem, m\u00e3o de obra, mat\u00e9rias primas, canais de vendas e reuso. Vamos propor reflex\u00f5es e caminhos para este cen\u00e1rio&#8221;, explica Simone Gasperin.<\/p><\/blockquote>\n<p>&nbsp;<\/p>\n<p>A Aerolito tamb\u00e9m lan\u00e7ou, no m\u00eas passado, o curso &#8220;O que vem depois da pandemia?&#8221;, ministrado pelo futurista e s\u00f3cio-fundador da Aerolito, Tiago Mattos. A masterclass est\u00e1 dividida em 10 cap\u00edtulos e traz reflex\u00f5es a partir de levantamentos, hip\u00f3teses e vis\u00f5es de futuro, com \u00eanfase para o futuro do trabalho e as mudan\u00e7as que impactar\u00e3o as empresas ap\u00f3s a pandemia do Covid-19.<\/p>\n<p>O v\u00eddeos ser\u00e3o disponibilizados semanalmente no site: <a href=\"http:\/\/aeroli.to\/online\/pandemia\" target=\"_blank\" rel=\"noopener noreferrer nofollow\">http:\/\/aeroli.to\/online\/pandemia<\/a><\/p>\n<p>O conte\u00fado traz reflex\u00f5es baseadas em questionamentos importantes sobre o futuro como: Onde h\u00e1 oportunidades de investimento? Como devem operar as empresas no cen\u00e1rio que est\u00e1 por vir? Quais s\u00e3o as novas habilidades que far\u00e3o parte do dia a dia? Para quais aprendizados devemos olhar com aten\u00e7\u00e3o?<\/p>\n<p>&nbsp;<\/p>\n","protected":false},"excerpt":{"rendered":"<p>A Aerolito, plataforma de educa\u00e7\u00e3o e laborat\u00f3rio de explora\u00e7\u00e3o de cen\u00e1rios que ajuda pessoas e empresas a enxergarem perspectivas e possibilidades de futuro, lan\u00e7a o curso digital &#8220;Futuro da Moda&#8221;, com aproximadamente 4 horas de conte\u00fado.<\/p>\n","protected":false},"author":1,"featured_media":50753,"comment_status":"closed","ping_status":"closed","sticky":true,"template":"","format":"standard","meta":{"footnotes":""},"categories":[1284],"tags":[1541,1140,1223,1078,1540,240,1010,1539],"class_list":["post-50752","post","type-post","status-publish","format-standard","has-post-thumbnail","hentry","category-educacao","tag-aerolito","tag-crise","tag-curso-online","tag-ead","tag-futuro","tag-moda","tag-pandemia","tag-qualificacao"],"wps_subtitle":"A Aerolito, plataforma de educa\u00e7\u00e3o e laborat\u00f3rio de explora\u00e7\u00e3o de cen\u00e1rios que ajuda pessoas e empresas a enxergarem perspectivas e possibilidades de futuro, lan\u00e7a o curso digital \"Futuro da Moda\", com aproximadamente 4 horas de conte\u00fado.","_links":{"self":[{"href":"https:\/\/grupomidia.com\/quemrealiza\/wp-json\/wp\/v2\/posts\/50752","targetHints":{"allow":["GET"]}}],"collection":[{"href":"https:\/\/grupomidia.com\/quemrealiza\/wp-json\/wp\/v2\/posts"}],"about":[{"href":"https:\/\/grupomidia.com\/quemrealiza\/wp-json\/wp\/v2\/types\/post"}],"author":[{"embeddable":true,"href":"https:\/\/grupomidia.com\/quemrealiza\/wp-json\/wp\/v2\/users\/1"}],"replies":[{"embeddable":true,"href":"https:\/\/grupomidia.com\/quemrealiza\/wp-json\/wp\/v2\/comments?post=50752"}],"version-history":[{"count":0,"href":"https:\/\/grupomidia.com\/quemrealiza\/wp-json\/wp\/v2\/posts\/50752\/revisions"}],"wp:featuredmedia":[{"embeddable":true,"href":"https:\/\/grupomidia.com\/quemrealiza\/wp-json\/wp\/v2\/media\/50753"}],"wp:attachment":[{"href":"https:\/\/grupomidia.com\/quemrealiza\/wp-json\/wp\/v2\/media?parent=50752"}],"wp:term":[{"taxonomy":"category","embeddable":true,"href":"https:\/\/grupomidia.com\/quemrealiza\/wp-json\/wp\/v2\/categories?post=50752"},{"taxonomy":"post_tag","embeddable":true,"href":"https:\/\/grupomidia.com\/quemrealiza\/wp-json\/wp\/v2\/tags?post=50752"}],"curies":[{"name":"wp","href":"https:\/\/api.w.org\/{rel}","templated":true}]}}