{"id":50750,"date":"2020-06-05T13:30:30","date_gmt":"2020-06-05T16:30:30","guid":{"rendered":"https:\/\/grupomidia.com\/quemrealiza\/?p=50750"},"modified":"2020-06-05T13:33:45","modified_gmt":"2020-06-05T16:33:45","slug":"acirp-lanca-campanha-valorize-o-perto-valorize-o-proximo","status":"publish","type":"post","link":"https:\/\/grupomidia.com\/quemrealiza\/acirp-lanca-campanha-valorize-o-perto-valorize-o-proximo\/","title":{"rendered":"ACIRP lan\u00e7a campanha &#8220;Valorize o perto, valorize o pr\u00f3ximo&#8221;"},"content":{"rendered":"<h2>ACIRP lan\u00e7a campanha &#8220;Valorize o perto, valorize o pr\u00f3ximo&#8221;<\/h2>\n<p>A ACIRP \u2013Associa\u00e7\u00e3o Comercial e Industrial de Ribeir\u00e3o Preto criou uma campanha para incentivar o com\u00e9rcio local e o consumo em pequenos e m\u00e9dios comerciantes. Com tema \u201cValorize o perto, valorize o pr\u00f3ximo\u201d, a ideia \u00e9 colaborar para a sobreviv\u00eancia dos varejos de bairros.<\/p>\n<p>\u201cMuitos empres\u00e1riosde Ribeir\u00e3o Preto e regi\u00e3o est\u00e3o se reinventando para permanecerem ativos no mercado. Em tempos de isolamento social, o uso das redes sociais se tornou imprescind\u00edvel para a continuidade dos neg\u00f3cios. E este foi, justamente, o impulso para criar esta a\u00e7\u00e3o\u201d, explica o presidente da ACIRP, Dorival Balbino.<\/p>\n<p>Outro objetivo da campanha \u201cValorize o perto, valorize o pr\u00f3ximo\u201d \u00e9 promover uma rede de solidariedade, tendo em vista que comprar do com\u00e9rcio local vai al\u00e9m da quest\u00e3o financeira para o funcionamento e sobrevida dos neg\u00f3cios.<\/p>\n<p>\u201cEstamos buscando colaborar tamb\u00e9m para fortalecimento dos la\u00e7os entre clientes, empres\u00e1rios e colaboradores, aumentando a rela\u00e7\u00e3o de confian\u00e7a entre eles e as\u00a0 experi\u00eancias\u00a0 de consumo\u201d, conclui Balbino.<\/p>\n<p>As empresas interessadas em dar visibilidade a seus neg\u00f3cios podem baixar gratuitamente as pe\u00e7as publicit\u00e1rias da campanha no site da ACIRP em\u00a0<a href=\"http:\/\/www.acirp.com.br\/\" target=\"_blank\" rel=\"noopener noreferrer nofollow\" data-saferedirecturl=\"https:\/\/www.google.com\/url?q=http:\/\/www.acirp.com.br&amp;source=gmail&amp;ust=1591457226046000&amp;usg=AOvVaw12HWsFQ-F6rJoBwQ-oCK88\">www.acirp.com.br<\/a>\u00a0ou clicar nos links abaixo para fazer o download e publicar em suas redes sociais utilizando a hashtag #EuAmoComprarnoComercioLocal. Foram disponibilizados materiais para posts, stories e banners:<\/p>\n<p><strong>Banner:<\/strong>\u00a0<a href=\"https:\/\/acirp.com.br\/wp-content\/uploads\/2020\/06\/Banner-site-tag.jpg\" target=\"_blank\" rel=\"noopener noreferrer nofollow\" data-saferedirecturl=\"https:\/\/www.google.com\/url?q=https:\/\/acirp.com.br\/wp-content\/uploads\/2020\/06\/Banner-site-tag.jpg&amp;source=gmail&amp;ust=1591457226046000&amp;usg=AOvVaw1mzxU0MkuHgQt2RnYNPA4o\">https:\/\/acirp.com.br\/wp-<wbr \/>content\/uploads\/2020\/06\/<wbr \/>Banner-site-tag.jpg<\/a><\/p>\n<p><strong>Post<\/strong>:\u00a0<a href=\"https:\/\/acirp.com.br\/wp-content\/uploads\/2020\/06\/Post-da-Tag.jpg\" target=\"_blank\" rel=\"noopener noreferrer nofollow\" data-saferedirecturl=\"https:\/\/www.google.com\/url?q=https:\/\/acirp.com.br\/wp-content\/uploads\/2020\/06\/Post-da-Tag.jpg&amp;source=gmail&amp;ust=1591457226046000&amp;usg=AOvVaw1K2HiJJwlgmwGVMgI1--m3\">https:\/\/acirp.com.br\/wp-<wbr \/>content\/uploads\/2020\/06\/Post-<wbr \/>da-Tag.jpg<\/a><\/p>\n<p><strong>Story:<\/strong>\u00a0<a href=\"https:\/\/acirp.com.br\/wp-content\/uploads\/2020\/06\/storie-tag.jpg\" target=\"_blank\" rel=\"noopener noreferrer nofollow\" data-saferedirecturl=\"https:\/\/www.google.com\/url?q=https:\/\/acirp.com.br\/wp-content\/uploads\/2020\/06\/storie-tag.jpg&amp;source=gmail&amp;ust=1591457226046000&amp;usg=AOvVaw2okGIsTDii5PLWpyzKttPx\">https:\/\/acirp.com.br\/wp-<wbr \/>content\/uploads\/2020\/06\/<wbr \/>storie-tag.jpg<\/a><\/p>\n<p>No fim de maio, o presidente da ACIRP participou de uma live com Edmilson Jr. Caparelli, presidente do Grupo M\u00eddia.<\/p>\n<p>Assita o bate-papo, que tratou dos desafios do empresariado frente \u00e0 crise econ\u00f4mica na pandemia:<\/p>\n<p><iframe loading=\"lazy\" src=\"https:\/\/www.youtube.com\/embed\/lvbbkcr2Z4s\" width=\"853\" height=\"480\" frameborder=\"0\" allowfullscreen=\"allowfullscreen\"><\/iframe><\/p>\n","protected":false},"excerpt":{"rendered":"<p>ACIRP lan\u00e7a campanha &#8220;Valorize o perto, valorize o pr\u00f3ximo&#8221; A ACIRP \u2013Associa\u00e7\u00e3o Comercial e Industrial de Ribeir\u00e3o Preto criou uma campanha para incentivar o com\u00e9rcio local e o consumo em pequenos e m\u00e9dios comerciantes. Com tema \u201cValorize o perto, valorize o pr\u00f3ximo\u201d, a ideia \u00e9 colaborar para a sobreviv\u00eancia dos varejos de bairros. \u201cMuitos empres\u00e1riosde [&hellip;]<\/p>\n","protected":false},"author":1,"featured_media":50751,"comment_status":"closed","ping_status":"closed","sticky":true,"template":"","format":"standard","meta":{"footnotes":""},"categories":[71],"tags":[1334,962,822,1538,1489,272,1490],"class_list":["post-50750","post","type-post","status-publish","format-standard","has-post-thumbnail","hentry","category-tendencias","tag-aci","tag-acirp","tag-comercio","tag-comercio-local","tag-industria","tag-ribeirao-preto","tag-servicos"],"wps_subtitle":"Objetivo \u00e9 incentivar o consumo no com\u00e9rcio local, priorizando os pequenos e m\u00e9dios comerciantes","_links":{"self":[{"href":"https:\/\/grupomidia.com\/quemrealiza\/wp-json\/wp\/v2\/posts\/50750","targetHints":{"allow":["GET"]}}],"collection":[{"href":"https:\/\/grupomidia.com\/quemrealiza\/wp-json\/wp\/v2\/posts"}],"about":[{"href":"https:\/\/grupomidia.com\/quemrealiza\/wp-json\/wp\/v2\/types\/post"}],"author":[{"embeddable":true,"href":"https:\/\/grupomidia.com\/quemrealiza\/wp-json\/wp\/v2\/users\/1"}],"replies":[{"embeddable":true,"href":"https:\/\/grupomidia.com\/quemrealiza\/wp-json\/wp\/v2\/comments?post=50750"}],"version-history":[{"count":0,"href":"https:\/\/grupomidia.com\/quemrealiza\/wp-json\/wp\/v2\/posts\/50750\/revisions"}],"wp:featuredmedia":[{"embeddable":true,"href":"https:\/\/grupomidia.com\/quemrealiza\/wp-json\/wp\/v2\/media\/50751"}],"wp:attachment":[{"href":"https:\/\/grupomidia.com\/quemrealiza\/wp-json\/wp\/v2\/media?parent=50750"}],"wp:term":[{"taxonomy":"category","embeddable":true,"href":"https:\/\/grupomidia.com\/quemrealiza\/wp-json\/wp\/v2\/categories?post=50750"},{"taxonomy":"post_tag","embeddable":true,"href":"https:\/\/grupomidia.com\/quemrealiza\/wp-json\/wp\/v2\/tags?post=50750"}],"curies":[{"name":"wp","href":"https:\/\/api.w.org\/{rel}","templated":true}]}}