{"id":50747,"date":"2020-06-05T12:43:33","date_gmt":"2020-06-05T15:43:33","guid":{"rendered":"https:\/\/grupomidia.com\/quemrealiza\/?p=50747"},"modified":"2020-06-05T12:43:46","modified_gmt":"2020-06-05T15:43:46","slug":"fenasucro-agrocana-e-adiada-para-2021","status":"publish","type":"post","link":"https:\/\/grupomidia.com\/quemrealiza\/fenasucro-agrocana-e-adiada-para-2021\/","title":{"rendered":"Fenasucro &#038; Agrocana \u00e9 adiada para 2021"},"content":{"rendered":"<h2>Fenasucro\u00a0&amp;\u00a0Agrocana\u00a0\u00e9 adiada para 2021<\/h2>\n<p>Realizada em Sert\u00e3ozinho\/SP, a Fenasucro &amp; Agrocana, principal evento de Bioenergia Sucroenerg\u00e9tica do mundo, anunciou nesta manh\u00e3 que a edi\u00e7\u00e3o 2020 foi adiada para 17 a 20 de agosto de 2021. A decis\u00e3o foi tomada pela Reed Exhibitions, organizadora do evento, em conjunto com o CEISE-Br.<\/p>\n<p>&#8220;A escolha de adiar o evento acontece diante da an\u00e1lise de um cen\u00e1rio at\u00edpico e ainda altamente imprevis\u00edvel, tendo como principais objetivos resguardar a sa\u00fade e a integridade de visitantes, expositores e parceiros, assim como responder de forma adequada aos impactos econ\u00f4micos da pandemia, que afeta indiscriminadamente todos os setores da economia&#8221;, informaram as empresas em comunicado enviado aos clientes.<\/p>\n<p>Enquanto se prepara para uma feira ainda melhor para o ano que vem, a organiza\u00e7\u00e3o do evento trabalha para proporcionar aos expositores e visitantes da Fenasucro &amp; Agrocana oportunidades de intera\u00e7\u00e3o em formato digital.<\/p>\n","protected":false},"excerpt":{"rendered":"<p>Fenasucro\u00a0&amp;\u00a0Agrocana\u00a0\u00e9 adiada para 2021 Realizada em Sert\u00e3ozinho\/SP, a Fenasucro &amp; Agrocana, principal evento de Bioenergia Sucroenerg\u00e9tica do mundo, anunciou nesta manh\u00e3 que a edi\u00e7\u00e3o 2020 foi adiada para 17 a 20 de agosto de 2021. A decis\u00e3o foi tomada pela Reed Exhibitions, organizadora do evento, em conjunto com o CEISE-Br. &#8220;A escolha de adiar o [&hellip;]<\/p>\n","protected":false},"author":1,"featured_media":50748,"comment_status":"closed","ping_status":"closed","sticky":true,"template":"","format":"standard","meta":{"footnotes":""},"categories":[767],"tags":[1533,1535,1534,1532,1537,1536],"class_list":["post-50747","post","type-post","status-publish","format-standard","has-post-thumbnail","hentry","category-economia","tag-agrocana","tag-bioenergia","tag-expo","tag-fenasucro","tag-reed-exhibitions","tag-sucroenergetica"],"wps_subtitle":"Em fun\u00e7\u00e3o da pandemia de COVID-19 e dos seus impactos no mercado, o maior evento do mundo no segmento \u00e9 adiado para 17 a 20 de agosto de 2021","_links":{"self":[{"href":"https:\/\/grupomidia.com\/quemrealiza\/wp-json\/wp\/v2\/posts\/50747","targetHints":{"allow":["GET"]}}],"collection":[{"href":"https:\/\/grupomidia.com\/quemrealiza\/wp-json\/wp\/v2\/posts"}],"about":[{"href":"https:\/\/grupomidia.com\/quemrealiza\/wp-json\/wp\/v2\/types\/post"}],"author":[{"embeddable":true,"href":"https:\/\/grupomidia.com\/quemrealiza\/wp-json\/wp\/v2\/users\/1"}],"replies":[{"embeddable":true,"href":"https:\/\/grupomidia.com\/quemrealiza\/wp-json\/wp\/v2\/comments?post=50747"}],"version-history":[{"count":0,"href":"https:\/\/grupomidia.com\/quemrealiza\/wp-json\/wp\/v2\/posts\/50747\/revisions"}],"wp:featuredmedia":[{"embeddable":true,"href":"https:\/\/grupomidia.com\/quemrealiza\/wp-json\/wp\/v2\/media\/50748"}],"wp:attachment":[{"href":"https:\/\/grupomidia.com\/quemrealiza\/wp-json\/wp\/v2\/media?parent=50747"}],"wp:term":[{"taxonomy":"category","embeddable":true,"href":"https:\/\/grupomidia.com\/quemrealiza\/wp-json\/wp\/v2\/categories?post=50747"},{"taxonomy":"post_tag","embeddable":true,"href":"https:\/\/grupomidia.com\/quemrealiza\/wp-json\/wp\/v2\/tags?post=50747"}],"curies":[{"name":"wp","href":"https:\/\/api.w.org\/{rel}","templated":true}]}}