{"id":50699,"date":"2020-05-29T14:22:54","date_gmt":"2020-05-29T17:22:54","guid":{"rendered":"https:\/\/grupomidia.com\/quemrealiza\/?p=50699"},"modified":"2020-06-02T11:25:18","modified_gmt":"2020-06-02T14:25:18","slug":"escritorio-de-turismo-da-espanha-fala-sobre-a-retomada-do-turismo","status":"publish","type":"post","link":"https:\/\/grupomidia.com\/quemrealiza\/escritorio-de-turismo-da-espanha-fala-sobre-a-retomada-do-turismo\/","title":{"rendered":"Escrit\u00f3rio de Turismo da Espanha fala sobre a retomada do turismo"},"content":{"rendered":"<h2>Escrit\u00f3rio de Turismo da Espanha fala sobre a retomada do turismo<\/h2>\n<p>&nbsp;<\/p>\n<p style=\"font-weight: 400;\">Oscar Almendros, Diretor do Escrit\u00f3rio de Turismo da Embaixada da Espanha no Brasil, participou nesta quarta-feira, 27 de maio, de uma Live sobre a reabertura do pa\u00eds no perfil de Instagram @kids2gether. Uma das inc\u00f3gnitas \u00e9 a permiss\u00e3o para a entrada de brasileiros.<\/p>\n<p style=\"font-weight: 400;\">De acordo com o executivo, o governo espanhol anunciou a reabertura para 1\u00ba de julho e, para isso, iniciou em 28 de abril um plano para a nova normalidade, que prev\u00ea a transi\u00e7\u00e3o das prov\u00edncias para diferentes n\u00edveis conforme o cumprimento das medidas estabelecidas.<\/p>\n<p style=\"font-weight: 400;\">O plano, por\u00e9m, ser\u00e1 assim\u00e9trico, j\u00e1 que alguns locais, como algumas das Ilhas Can\u00e1rias e Baleares, por exemplo, o iniciaram mais cedo. J\u00e1 as cidades que provavelmente reabrir\u00e3o por \u00faltimo s\u00e3o as mais afetadas pela pandemia, como Valencia, Madri e Barcelona, que s\u00f3 devem passar por todas as fases no final de junho.<\/p>\n<p style=\"font-weight: 400;\">Na fase 1 foram abertas praias e na 2 restaurantes e bares, mas tudo com regras de distanciamento. Barcelona \u00e9 um dos destinos que t\u00eam feito um bom trabalho. A avenida Passeig de Gr\u00e0cia, por exemplo, poderia ser fechada para carros para as pessoas poderem caminhar com seguran\u00e7a.<\/p>\n<blockquote>\n<p style=\"font-weight: 400;\">\u201cO governo acha muito importante a reabertura do turismo porque \u00e9 um motor econ\u00f4mico significativo, e eu acredito que tudo ficar\u00e1 pronto at\u00e9 1\u00ba de julho, sim. O governo quer isso e est\u00e1 totalmente focado no combate a um novo surto, em colabora\u00e7\u00e3o com a Uni\u00e3o Europeia\u201d, explica Almendros.<\/p>\n<\/blockquote>\n<p>&nbsp;<\/p>\n<p style=\"font-weight: 400;\">At\u00e9 por isso os primeiros turistas a chegar provavelmente ser\u00e3o os do Espa\u00e7o Schengen, a n\u00e3o ser que o cen\u00e1rio mundial seja \u00f3timo e permita que n\u00e3o haja restri\u00e7\u00f5es a nenhuma nacionalidade. Por\u00e9m vale lembrar que para a abertura das fronteiras foram feitas recomenda\u00e7\u00f5es severas, inclusive crit\u00e9rios epidemiol\u00f3gicos. Tudo ser\u00e1 coordenado em conformidade com o n\u00edvel de \u00f3bitos, a conten\u00e7\u00e3o ao risco e ao isolamento que cada pa\u00eds registrar.<\/p>\n<blockquote>\n<p style=\"font-weight: 400;\">\u201cOs pa\u00edses da Europa come\u00e7aram e est\u00e3o encerrando a pandemia paralelamente. J\u00e1 o Brasil \u00e9 uma incerteza. N\u00e3o chegou ainda ao pico. O Minist\u00e9rio da Sa\u00fade da Espanha vai comprovar a conten\u00e7\u00e3o em cada pa\u00eds e o controle da doen\u00e7a.<\/p>\n<p style=\"font-weight: 400;\">Depende de o Brasil ficar pronto para poderem retomar os voos, pois \u00e9 necess\u00e1rio barrar a importa\u00e7\u00e3o do cont\u00e1gio.\u201d, conclui ele. Ou seja, imposs\u00edvel saber se os brasileiros poder\u00e3o viajar j\u00e1 em julho. Almendros espera que sim.<\/p>\n<p>&nbsp;<\/p><\/blockquote>\n<p style=\"font-weight: 400;\">Por enquanto a obrigatoriedade de quarentena de 14 dias ap\u00f3s a chegada est\u00e1 em discuss\u00e3o, pois o setor tur\u00edstico depende dos visitantes, e a princ\u00edpio a quarentena acaba em 7 de junho, juntamente com a derrubada do estado de alarme, mas an\u00e1lises de risco bilaterais continuar\u00e3o sendo feitas.<\/p>\n<blockquote>\n<p style=\"font-weight: 400;\">Para Almendros, o melhor \u00e9 que haja um controle na origem. \u201cMadri falou com a OMT (Organiza\u00e7\u00e3o Mundial do Turismo) para implantar um passaporte de sa\u00fade em colabora\u00e7\u00e3o com companhias a\u00e9reas, com testes e medi\u00e7\u00e3o de temperatura, para autorizar ou n\u00e3o a viagem. Seria uma alternativa\u201d, diz ele.<\/p>\n<\/blockquote>\n<p>&nbsp;<\/p>\n","protected":false},"excerpt":{"rendered":"<p>Oscar Almendros, Diretor do Escrit\u00f3rio de Turismo da Embaixada da Espanha no Brasil, participou nesta quarta-feira, 27 de maio, de uma Live sobre a reabertura do pa\u00eds no perfil de Instagram @kids2gether. Uma das inc\u00f3gnitas \u00e9 a permiss\u00e3o para a entrada de brasileiros.<\/p>\n","protected":false},"author":1,"featured_media":50700,"comment_status":"closed","ping_status":"closed","sticky":true,"template":"","format":"standard","meta":{"footnotes":""},"categories":[82],"tags":[730,1008,1140,1497,517,1499,1498,303],"class_list":["post-50699","post","type-post","status-publish","format-standard","has-post-thumbnail","hentry","category-destino","tag-coronavirus","tag-covid-19","tag-crise","tag-espanha","tag-europa","tag-omt","tag-retomada","tag-turismo"],"wps_subtitle":"Oscar Almendros, Diretor do Escrit\u00f3rio de Turismo da Embaixada da Espanha no Brasil, participou nesta quarta-feira, 27 de maio, de uma Live sobre a reabertura do pa\u00eds no perfil de Instagram @kids2gether. Uma das inc\u00f3gnitas \u00e9 a permiss\u00e3o para a entrada de brasileiros.","_links":{"self":[{"href":"https:\/\/grupomidia.com\/quemrealiza\/wp-json\/wp\/v2\/posts\/50699","targetHints":{"allow":["GET"]}}],"collection":[{"href":"https:\/\/grupomidia.com\/quemrealiza\/wp-json\/wp\/v2\/posts"}],"about":[{"href":"https:\/\/grupomidia.com\/quemrealiza\/wp-json\/wp\/v2\/types\/post"}],"author":[{"embeddable":true,"href":"https:\/\/grupomidia.com\/quemrealiza\/wp-json\/wp\/v2\/users\/1"}],"replies":[{"embeddable":true,"href":"https:\/\/grupomidia.com\/quemrealiza\/wp-json\/wp\/v2\/comments?post=50699"}],"version-history":[{"count":0,"href":"https:\/\/grupomidia.com\/quemrealiza\/wp-json\/wp\/v2\/posts\/50699\/revisions"}],"wp:featuredmedia":[{"embeddable":true,"href":"https:\/\/grupomidia.com\/quemrealiza\/wp-json\/wp\/v2\/media\/50700"}],"wp:attachment":[{"href":"https:\/\/grupomidia.com\/quemrealiza\/wp-json\/wp\/v2\/media?parent=50699"}],"wp:term":[{"taxonomy":"category","embeddable":true,"href":"https:\/\/grupomidia.com\/quemrealiza\/wp-json\/wp\/v2\/categories?post=50699"},{"taxonomy":"post_tag","embeddable":true,"href":"https:\/\/grupomidia.com\/quemrealiza\/wp-json\/wp\/v2\/tags?post=50699"}],"curies":[{"name":"wp","href":"https:\/\/api.w.org\/{rel}","templated":true}]}}