{"id":50682,"date":"2020-05-27T12:45:09","date_gmt":"2020-05-27T15:45:09","guid":{"rendered":"https:\/\/grupomidia.com\/quemrealiza\/?p=50682"},"modified":"2020-05-27T12:49:01","modified_gmt":"2020-05-27T15:49:01","slug":"epicovid19-pesquisa-sobre-avanco-do-coronavirus-no-brasil-divulga-datas-das-proximas-fases","status":"publish","type":"post","link":"https:\/\/grupomidia.com\/quemrealiza\/epicovid19-pesquisa-sobre-avanco-do-coronavirus-no-brasil-divulga-datas-das-proximas-fases\/","title":{"rendered":"Epicovid19: pesquisa sobre avan\u00e7o do coronav\u00edrus no Brasil divulga datas das pr\u00f3ximas fases"},"content":{"rendered":"<p>O estudo Epicovid19, que ir\u00e1 estimar a propor\u00e7\u00e3o de casos de coronav\u00edrus na popula\u00e7\u00e3o, atualiza o cronograma para as pr\u00f3ximas fases do levantamento. Com a finaliza\u00e7\u00e3o da coleta de dados da primeira fase na \u00faltima quinta-feira (21), as novas datas para segunda etapa s\u00e3o 4, 5 e 6 de junho, e para a terceira, 18, 19 e 20 de junho. O novo calend\u00e1rio atende ao planejamento inicial da pesquisa, que prev\u00ea um intervalo de 14 dias entre cada levantamento.<\/p>\n<p>A pesquisa in\u00e9dita, coordenada pela Universidade Federal de Pelotas em parceria com o Minist\u00e9rio da Sa\u00fade, ir\u00e1 estimar o percentual de pessoas com anticorpos para a Covid-19 e avaliar a velocidade de expans\u00e3o da doen\u00e7a no pa\u00eds, por meio de uma amostragem de participantes em 133 &#8220;cidades sentinelas&#8221;, que s\u00e3o os maiores munic\u00edpios das divis\u00f5es demogr\u00e1ficas do pa\u00eds, de acordo com crit\u00e9rio do IBGE.<\/p>\n<p>A coleta de dados, conduzida por equipes do IBOPE Intelig\u00eancia, inclui tr\u00eas inqu\u00e9ritos populacionais, com realiza\u00e7\u00e3o de testes r\u00e1pidos para o coronav\u00edrus e entrevistas com 250 moradores em cada cidade, totalizando 33.250 participantes de todos os estados. As pessoas s\u00e3o entrevistadas e testadas em casa, e os domic\u00edlios s\u00e3o selecionados por meio de sorteio aleat\u00f3rio, utilizando os setores censit\u00e1rios do IBGE como base.<\/p>\n<p>&#8220;Todas as estat\u00edsticas oficiais s\u00e3o baseadas em casos confirmados, os quais representam apenas uma parcela, provavelmente \u00ednfima, em compara\u00e7\u00e3o com a realidade do n\u00famero de casos na popula\u00e7\u00e3o. Por isso, fazemos a analogia com o iceberg. Queremos enxergar para al\u00e9m dessa pequena parte aparente, que s\u00e3o os casos notificados, e conhecer a real dimens\u00e3o da Covid-19 no pa\u00eds&#8221;, explica o coordenador geral do estudo e reitor da UFPel, Pedro Hallal.<\/p>\n<p>O estudo ainda ir\u00e1 determinar o percentual de infec\u00e7\u00f5es assintom\u00e1ticas ou subcl\u00ednicas; avaliar os sintomas mais comuns; obter c\u00e1lculos precisos da letalidade da doen\u00e7a; estimar recursos hospitalares necess\u00e1rios para o enfrentamento da pandemia, al\u00e9m de permitir o desenho de estrat\u00e9gias de abrandamento das medidas de distanciamento social com base em evid\u00eancias cient\u00edficas.<\/p>\n","protected":false},"excerpt":{"rendered":"<p>O estudo Epicovid19, que ir\u00e1 estimar a propor\u00e7\u00e3o de casos de coronav\u00edrus na popula\u00e7\u00e3o, atualiza o cronograma para as pr\u00f3ximas fases do levantamento. Com a finaliza\u00e7\u00e3o da coleta de dados da primeira fase na \u00faltima quinta-feira (21), as novas datas para segunda etapa s\u00e3o 4, 5 e 6 de junho, e para a terceira, 18, [&hellip;]<\/p>\n","protected":false},"author":1,"featured_media":50683,"comment_status":"closed","ping_status":"closed","sticky":true,"template":"","format":"standard","meta":{"footnotes":""},"categories":[71],"tags":[],"class_list":["post-50682","post","type-post","status-publish","format-standard","has-post-thumbnail","hentry","category-tendencias"],"wps_subtitle":"","_links":{"self":[{"href":"https:\/\/grupomidia.com\/quemrealiza\/wp-json\/wp\/v2\/posts\/50682","targetHints":{"allow":["GET"]}}],"collection":[{"href":"https:\/\/grupomidia.com\/quemrealiza\/wp-json\/wp\/v2\/posts"}],"about":[{"href":"https:\/\/grupomidia.com\/quemrealiza\/wp-json\/wp\/v2\/types\/post"}],"author":[{"embeddable":true,"href":"https:\/\/grupomidia.com\/quemrealiza\/wp-json\/wp\/v2\/users\/1"}],"replies":[{"embeddable":true,"href":"https:\/\/grupomidia.com\/quemrealiza\/wp-json\/wp\/v2\/comments?post=50682"}],"version-history":[{"count":0,"href":"https:\/\/grupomidia.com\/quemrealiza\/wp-json\/wp\/v2\/posts\/50682\/revisions"}],"wp:featuredmedia":[{"embeddable":true,"href":"https:\/\/grupomidia.com\/quemrealiza\/wp-json\/wp\/v2\/media\/50683"}],"wp:attachment":[{"href":"https:\/\/grupomidia.com\/quemrealiza\/wp-json\/wp\/v2\/media?parent=50682"}],"wp:term":[{"taxonomy":"category","embeddable":true,"href":"https:\/\/grupomidia.com\/quemrealiza\/wp-json\/wp\/v2\/categories?post=50682"},{"taxonomy":"post_tag","embeddable":true,"href":"https:\/\/grupomidia.com\/quemrealiza\/wp-json\/wp\/v2\/tags?post=50682"}],"curies":[{"name":"wp","href":"https:\/\/api.w.org\/{rel}","templated":true}]}}