{"id":50679,"date":"2020-05-27T11:40:14","date_gmt":"2020-05-27T14:40:14","guid":{"rendered":"https:\/\/grupomidia.com\/quemrealiza\/?p=50679"},"modified":"2020-05-27T11:58:00","modified_gmt":"2020-05-27T14:58:00","slug":"lojistas-devem-se-cadastrar-no-aplicativo-varejo-o-app-de-vantagens-oficial-do-comercio-de-ribeirao","status":"publish","type":"post","link":"https:\/\/grupomidia.com\/quemrealiza\/lojistas-devem-se-cadastrar-no-aplicativo-varejo-o-app-de-vantagens-oficial-do-comercio-de-ribeirao\/","title":{"rendered":"Lojistas devem se cadastrar no App de Vantagens Oficial do Com\u00e9rcio de Ribeir\u00e3o"},"content":{"rendered":"<div>\n<div>\n<p>A CDL Ribeir\u00e3o Preto \u2013 C\u00e2mara de Dirigentes Lojistas, e o SINCOVARP \u2013 Sindicato do Com\u00e9rcio Varejista de Ribeir\u00e3o Preto e Regi\u00e3o, est\u00e3o cadastrando, gratuitamente, os lojistas que queiram participar do aplicativo Varejo+, o App de Vantagens Oficial do Com\u00e9rcio de Ribeir\u00e3o, projeto desenvolvido pelas duas entidades.<\/p>\n<p>Inicialmente a plataforma seria lan\u00e7ada no fim de mar\u00e7o, mas, com a grave crise socioecon\u00f4mica desencadeada pelo Covid-19, o in\u00edcio da opera\u00e7\u00e3o foi adiado at\u00e9 que a situa\u00e7\u00e3o ficasse mais clara.<\/p>\n<p>&#8220;O Com\u00e9rcio Varejista \u00e9 um dos setores mais sacrificados pela crise. As severas restri\u00e7\u00f5es impostas \u00e0 maioria dos estabelecimentos do varejo foi um golpe dur\u00edssimo. \u00c9 por isso que decidimos adaptar o App ao momento atual e lan\u00e7\u00e1-lo mesmo assim, afinal, \u00e9 agora, mais do que nunca, que o lojista precisa de toda ajuda poss\u00edvel para recuperar vendas e continuar existindo\u201d, afirma Paulo C\u00e9sar Garcia Lopes, presidente da CDL e do SINCOVARP.<\/p>\n<p><strong>O que \u00e9?<\/strong><\/p>\n<p>Varejo+ \u00e9 uma plataforma digital, f\u00e1cil de usar, que conecta lojas e consumidores de Ribeir\u00e3o Preto e regi\u00e3o. Por meio do App de vantagens, vai oferecer descontos, promo\u00e7\u00f5es, realizar\u00e1 sorteios e promover\u00e1 diversas a\u00e7\u00f5es especiais de marketing, nos doze meses do ano, com foco nas datas sazonais do Com\u00e9rcio Varejista.<\/p>\n<p>\u201cQueremos aumentar vendas, agradar e fidelizar clientes, e melhorar a rentabilidade de micros, pequenos e m\u00e9dios lojistas que passam a contar com uma ferramenta estrat\u00e9gica para destacar produtos e servi\u00e7os, com baixo custo e maior assertividade.\u00a0 O lan\u00e7amento do App na\u00a0<em>AppleStore<\/em>\u00a0e na\u00a0<em>PlayStore<\/em>\u00a0est\u00e1 previsto para os pr\u00f3ximos dias\u201d, explica Andr\u00e9 Rezende, superintendente da CDL Ribeir\u00e3o Preto.<\/p>\n<p>Vantagens para os lojistas:<\/p>\n<ul>\n<li>Aumento de fluxo de clientes nos canais de vendas online e, ap\u00f3s a reabertura do com\u00e9rcio, nas lojas f\u00edsicas tamb\u00e9m.<\/li>\n<li>Sem cobran\u00e7a de percentual sobre as vendas. A margem de lucro \u00e9 toda do lojista.<\/li>\n<li>Sem implanta\u00e7\u00e3o de qualquer sistema de TI. N\u00e3o muda a opera\u00e7\u00e3o de caixa.<\/li>\n<li>Treinamento gratuito para total aproveitamento da plataforma.<\/li>\n<li>Kit-loja gratuito.<\/li>\n<li>Possibilidade de realizar campanhas focadas junto ao p\u00fablico-alvo da loja.<\/li>\n<li>Informa\u00e7\u00f5es sobre perfil e comportamento de compra do cliente para cria\u00e7\u00e3o de novas experi\u00eancias.<\/li>\n<li>Fideliza\u00e7\u00e3o de clientes.<\/li>\n<\/ul>\n<p>O App Varejo+ ajuda a solucionar duas necessidades importantes: a do lojista que precisa vender mais e a do consumidor que quer e precisa pagar menos.<\/p>\n<p>Os estabelecimentos de com\u00e9rcio de toda a cidade podem se cadastrar GRATUITAMENTE pela nossa Central de Atendimento ao Lojista (16) 3625.6924, pelo WhatsApp (16) 99963.3105 ou pelo e-mail <a href=\"mailto:vouparticipar@cdlribeiraopreto.com.br\" target=\"_blank\" rel=\"noopener noreferrer\">vouparticipar@<wbr \/>cdlribeiraopreto.com.br<\/a>. Todos receber\u00e3o material como o passo a passo de como utilizar o aplicativo. Tamb\u00e9m ser\u00e3o realizadas consultorias online para esclarecer d\u00favidas bem como Lives para divulgar o projeto.<\/p>\n<p>\u201cO lan\u00e7amento do App tamb\u00e9m integra o conjunto de a\u00e7\u00f5es que marcam o pontap\u00e9 inicial do projeto Varejo + Digital, cujo foco \u00e9 promover uma onda de Transforma\u00e7\u00e3o Digital no Com\u00e9rcio de Ribeir\u00e3o Preto e regi\u00e3o\u201d, finaliza Lopes.<\/p>\n<\/div>\n<\/div>\n","protected":false},"excerpt":{"rendered":"<p>A CDL Ribeir\u00e3o Preto \u2013 C\u00e2mara de Dirigentes Lojistas, e o SINCOVARP \u2013 Sindicato do Com\u00e9rcio Varejista de Ribeir\u00e3o Preto e Regi\u00e3o, est\u00e3o cadastrando, gratuitamente, os lojistas que queiram participar do aplicativo Varejo+, o App de Vantagens Oficial do Com\u00e9rcio de Ribeir\u00e3o, projeto desenvolvido pelas duas entidades. Inicialmente a plataforma seria lan\u00e7ada no fim de [&hellip;]<\/p>\n","protected":false},"author":1,"featured_media":50680,"comment_status":"closed","ping_status":"closed","sticky":true,"template":"","format":"standard","meta":{"footnotes":""},"categories":[768],"tags":[948,822,1238,1480,1479,743],"class_list":["post-50679","post","type-post","status-publish","format-standard","has-post-thumbnail","hentry","category-negocios","tag-app","tag-comercio","tag-consumidor","tag-lojista","tag-varejista","tag-varejo"],"wps_subtitle":"","_links":{"self":[{"href":"https:\/\/grupomidia.com\/quemrealiza\/wp-json\/wp\/v2\/posts\/50679","targetHints":{"allow":["GET"]}}],"collection":[{"href":"https:\/\/grupomidia.com\/quemrealiza\/wp-json\/wp\/v2\/posts"}],"about":[{"href":"https:\/\/grupomidia.com\/quemrealiza\/wp-json\/wp\/v2\/types\/post"}],"author":[{"embeddable":true,"href":"https:\/\/grupomidia.com\/quemrealiza\/wp-json\/wp\/v2\/users\/1"}],"replies":[{"embeddable":true,"href":"https:\/\/grupomidia.com\/quemrealiza\/wp-json\/wp\/v2\/comments?post=50679"}],"version-history":[{"count":0,"href":"https:\/\/grupomidia.com\/quemrealiza\/wp-json\/wp\/v2\/posts\/50679\/revisions"}],"wp:featuredmedia":[{"embeddable":true,"href":"https:\/\/grupomidia.com\/quemrealiza\/wp-json\/wp\/v2\/media\/50680"}],"wp:attachment":[{"href":"https:\/\/grupomidia.com\/quemrealiza\/wp-json\/wp\/v2\/media?parent=50679"}],"wp:term":[{"taxonomy":"category","embeddable":true,"href":"https:\/\/grupomidia.com\/quemrealiza\/wp-json\/wp\/v2\/categories?post=50679"},{"taxonomy":"post_tag","embeddable":true,"href":"https:\/\/grupomidia.com\/quemrealiza\/wp-json\/wp\/v2\/tags?post=50679"}],"curies":[{"name":"wp","href":"https:\/\/api.w.org\/{rel}","templated":true}]}}