{"id":20699,"date":"2020-05-11T12:45:29","date_gmt":"2020-05-11T15:45:29","guid":{"rendered":"https:\/\/grupomidia.com\/quemrealiza\/?p=20699"},"modified":"2020-05-12T11:40:21","modified_gmt":"2020-05-12T14:40:21","slug":"coronavirus-como-lidar-com-a-saude-emocional-dos-mais-jovens","status":"publish","type":"post","link":"https:\/\/grupomidia.com\/quemrealiza\/coronavirus-como-lidar-com-a-saude-emocional-dos-mais-jovens\/","title":{"rendered":"Coronav\u00edrus: Como lidar com a sa\u00fade emocional dos mais jovens?"},"content":{"rendered":"<p>A pandemia do novo coronav\u00edrus alterou a rotina de milh\u00f5es de pessoas que hoje est\u00e3o isoladas e trar\u00e1 in\u00fameros desafios nos pr\u00f3ximos dias na retomada das atividades.<\/p>\n<p>O momento atual, estendido por quase 2 meses, requer uma aten\u00e7\u00e3o especial com os cuidados emocionais, principalmente o das crian\u00e7as, que est\u00e3o afastadas de suas atividades, colegas e familiares, al\u00e9m de muitas vezes n\u00e3o entenderem o porqu\u00ea da quarentena, nem a dimens\u00e3o da grave situa\u00e7\u00e3o mundial.<\/p>\n<blockquote><p>\u201cSe pensarmos que as escolas devem ser as \u00faltimas a retornarem suas atividades, as crian\u00e7as permanecer\u00e3o mais um tempo isoladas e sem intera\u00e7\u00e3o. \u00c9 muito dif\u00edcil para eles entenderem tudo isso, eles ainda n\u00e3o t\u00eam um pleno dom\u00ednio de suas emo\u00e7\u00f5es como n\u00f3s (adultos). E se adultos perdem o equilibro as vezes, por tantos dias reclusos em casa, imagine o que se passa no \u00edntimo de cada crian\u00e7a\u201d, diz o psic\u00f3logo Greg Rehavia.<\/p><\/blockquote>\n<p>\u00c9 necess\u00e1rio ter cautela, e tomar um grande cuidado com a abordagem da explica\u00e7\u00e3o para os mais jovens sobre o que est\u00e1 acontecendo, pandemia da Covid-19 e a necessidade do isolamento social. Cada idade exige um tratamento diferente. Por\u00e9m a solu\u00e7\u00e3o n\u00e3o pode ser deix\u00e1-los com um tablet, celular, assistindo programas infantis o dia inteiro. Isso s\u00f3 aumentar\u00e1 a ansiedade e apreens\u00e3o de cada um, pois o impacto sobre eles \u00e9 muito grande.<\/p>\n<p>Greg lidera uma escola que usa o teatro para desenvolver habilidades fundamentais e que est\u00e3o se perdendo \u2013 criatividade, resolu\u00e7\u00e3o de problemas, falar em p\u00fablico, etc. Durante esse per\u00edodo, as aulas continuaram permitindo intera\u00e7\u00e3o com os colegas, exerc\u00edcios pr\u00e1ticos poss\u00edveis de serem feitos em casa \u2013 at\u00e9 mesmo os pais quiseram participar \u2013 e o mais importante, o prosseguimento da educa\u00e7\u00e3o individual e coletiva.<\/p>\n<blockquote><p>\u201cPreparamos para eles exerc\u00edcios pr\u00e1ticos que necessitam de movimenta\u00e7\u00e3o, intera\u00e7\u00e3o com seus pais em casa e comunica\u00e7\u00e3o com os outros alunos. S\u00e3o aulas de teatro, apenas sem o contato f\u00edsico. Recentemente, a gente promoveu um (exerc\u00edcio) que o objetivo era reconstruir uma obra de arte famosa usando a criatividade deles, o resultado foi incr\u00edvel. S\u00f3 nos da a sensa\u00e7\u00e3o de estarmos no caminho certo em um momento t\u00e3o adverso\u201d, comenta Greg em alus\u00e3o as atividades que est\u00e3o realizando por plataformas online.<\/p><\/blockquote>\n<p>A escola de teatro Oficina de Arteiros acredita ser poss\u00edvel transformar momentos dif\u00edceis como este em oportunidades, resolvendo quest\u00f5es de maneira criativa e adaptar-se rapidamente. Caracter\u00edsticas ensinadas aos alunos, e usadas na pr\u00e1tica. N\u00e3o sabemos o mundo que encontraremos ao retornar para nossa rotina di\u00e1ria, mas a base para o futuro requer uma aten\u00e7\u00e3o especial, e nossa resposta hoje pode interferir no nosso amanh\u00e3.<\/p>\n<h2>Sobre a Oficina de Arteiros<b><br \/>\n<\/b><\/h2>\n<p>A Oficina de Arteiros usa o teatro como ferramenta para o desenvolvimento de seus alunos. Independente da carreira que queiram seguir no futuro, a nossa miss\u00e3o \u00e9 formar indiv\u00edduos preparados para a vida, com maior desenvoltura ao falar e se expressar. Com o lema aprender brincando, nossos alunos encaram as aulas como uma grande brincadeira e assim, a evolu\u00e7\u00e3o fica natural e espont\u00e2nea.<\/p>\n<p>Unimos a psicologia e o teatro, trabalhando individualmente cada aluno e podendo assim ver com clareza os pontos a serem desenvolvidos. Nas aulas s\u00e3o trabalhadas habilidades que muitas vezes est\u00e3o adormecidas e exploradas nos exerc\u00edcios dram\u00e1ticos e jogos teatrais.<u><\/u><br \/>\nInstagram: @oficinadearteiros<br \/>\nSite oficial:\u00a0<a href=\"http:\/\/oficinadearteiros.com.br\/\" target=\"_blank\" rel=\"noopener noreferrer nofollow\" data-saferedirecturl=\"https:\/\/www.google.com\/url?q=http:\/\/oficinadearteiros.com.br&amp;source=gmail&amp;ust=1589296592792000&amp;usg=AFQjCNHvtHoFx57w0sxxuLlurxUoh7S4UQ\">oficinadearteiros.com.br<\/a><\/p>\n","protected":false},"excerpt":{"rendered":"<p>O momento atual, estendido por quase 2 meses, requer uma aten\u00e7\u00e3o especial com os cuidados emocionais, principalmente o das crian\u00e7as, que est\u00e3o afastadas de suas atividades, colegas e familiares, al\u00e9m de muitas vezes n\u00e3o entenderem o porqu\u00ea da quarentena, nem a dimens\u00e3o da grave situa\u00e7\u00e3o mundial.<\/p>\n","protected":false},"author":1,"featured_media":20700,"comment_status":"closed","ping_status":"closed","sticky":true,"template":"","format":"standard","meta":{"footnotes":""},"categories":[68,69],"tags":[1371,730,1110,1078,1370,1010,1369],"class_list":["post-20699","post","type-post","status-publish","format-standard","has-post-thumbnail","hentry","category-saude-bem-estar","category-cotidiano","tag-aulas","tag-coronavirus","tag-criancas","tag-ead","tag-jovens","tag-pandemia","tag-saude-emocional"],"wps_subtitle":"Aten\u00e7\u00e3o e atividades interativas s\u00e3o importantes nesse per\u00edodo dif\u00edcil para as crian\u00e7as","_links":{"self":[{"href":"https:\/\/grupomidia.com\/quemrealiza\/wp-json\/wp\/v2\/posts\/20699","targetHints":{"allow":["GET"]}}],"collection":[{"href":"https:\/\/grupomidia.com\/quemrealiza\/wp-json\/wp\/v2\/posts"}],"about":[{"href":"https:\/\/grupomidia.com\/quemrealiza\/wp-json\/wp\/v2\/types\/post"}],"author":[{"embeddable":true,"href":"https:\/\/grupomidia.com\/quemrealiza\/wp-json\/wp\/v2\/users\/1"}],"replies":[{"embeddable":true,"href":"https:\/\/grupomidia.com\/quemrealiza\/wp-json\/wp\/v2\/comments?post=20699"}],"version-history":[{"count":0,"href":"https:\/\/grupomidia.com\/quemrealiza\/wp-json\/wp\/v2\/posts\/20699\/revisions"}],"wp:featuredmedia":[{"embeddable":true,"href":"https:\/\/grupomidia.com\/quemrealiza\/wp-json\/wp\/v2\/media\/20700"}],"wp:attachment":[{"href":"https:\/\/grupomidia.com\/quemrealiza\/wp-json\/wp\/v2\/media?parent=20699"}],"wp:term":[{"taxonomy":"category","embeddable":true,"href":"https:\/\/grupomidia.com\/quemrealiza\/wp-json\/wp\/v2\/categories?post=20699"},{"taxonomy":"post_tag","embeddable":true,"href":"https:\/\/grupomidia.com\/quemrealiza\/wp-json\/wp\/v2\/tags?post=20699"}],"curies":[{"name":"wp","href":"https:\/\/api.w.org\/{rel}","templated":true}]}}