{"id":20524,"date":"2020-04-07T16:01:56","date_gmt":"2020-04-07T19:01:56","guid":{"rendered":"https:\/\/grupomidia.com\/quemrealiza\/?p=20524"},"modified":"2020-04-07T16:01:56","modified_gmt":"2020-04-07T19:01:56","slug":"joao-rock-mantem-mesmo-line-up-para-edicao-em-setembro","status":"publish","type":"post","link":"https:\/\/grupomidia.com\/quemrealiza\/joao-rock-mantem-mesmo-line-up-para-edicao-em-setembro\/","title":{"rendered":"Jo\u00e3o Rock mant\u00e9m mesmo Line-Up para edi\u00e7\u00e3o em setembro"},"content":{"rendered":"<p>O Festival Jo\u00e3o Rock, transferido para o dia 12 de setembro em Ribeir\u00e3o Preto, confirmou o line-up dos seus tr\u00eas palcos.<\/p>\n<p>No Palco Jo\u00e3o Rock, dos artistas anunciados, apenas Nando Reis n\u00e3o estar\u00e1 por conta de incompatibilidade de agenda. Uma nova atra\u00e7\u00e3o confirmada \u00e9 o cantor e compositor Arnaldo Antunes, que pela primeira vez se apresenta no Festival. O Palco ainda recebe Na\u00e7\u00e3o Zumbi, CPM22 e convidados (Pitty, Paulo Miklos e Koala), Djonga, Humberto Gessinger, Natiruts, Tit\u00e3s, Baiana System e Criolo, que formar\u00e1 um trio com Emicida e a cantora C\u00e9u.<\/p>\n<p>A homenagem ao Rio de Janeiro tamb\u00e9m est\u00e1 mantida e \u00e9 tema do Palco Brasil com a presen\u00e7a de Gabriel, o Pensador, Cidade Negra, Marcelo Falc\u00e3o, Bar\u00e3o Vermelho, Planet Hemp e Erasmo Carlos.<\/p>\n<p>J\u00e1 o Palco Fortalecendo a Cena ganhou mais uma atra\u00e7\u00e3o: o rapper Coruja BC1. O espa\u00e7o ainda traz o casal rapper Cynthia Luz e Froid, Poesia Ac\u00fastica, Lagum, Matu\u00ea e MC Rashid, recebendo Drik Barbosa e Lell\u00ea.<\/p>\n<p><strong>Ingressos<\/strong><br \/>\nAs vendas continuam atrav\u00e9s do site joaorock.com.br para os setores Pista, Pista Premium, Camarote Colorado e Camarote Jo\u00e3o Rock.<\/p>\n<p><strong>Pista<\/strong><br \/>\nR$ 130,00 estudante<br \/>\nR$ 140,00 Solid\u00e1rio*<br \/>\nR$ 260,00 inteira<\/p>\n<p><strong>Camarote JR<\/strong><br \/>\nR$ 280,00 estudante<br \/>\nR$ 310,00 Solid\u00e1rio*<br \/>\nR$ 560,00 inteira<\/p>\n<p><strong>Pista Premium<\/strong><br \/>\nR$ 320,00 estudante<br \/>\nR$ 340,00 Solid\u00e1rio*<br \/>\nR$ 640,00 inteira<\/p>\n<p><strong>Camarote Colorado<\/strong><br \/>\nR$ 590,00 (pre\u00e7o \u00fanico)<\/p>\n<p><em>*ingresso solid\u00e1rio v\u00e1lido para doa\u00e7\u00e3o de 1 kg de alimento n\u00e3o perec\u00edvel &#8211; entregue no evento.<\/em><\/p>\n<p>Os ingressos j\u00e1 vendidos para o Festival ser\u00e3o v\u00e1lidos para a nova data. No entanto, quem n\u00e3o puder comparecer no dia 22 de setembro e preferir o ressarcimento, a organiza\u00e7\u00e3o garantir\u00e1 a devolu\u00e7\u00e3o de 100% do valor do ingresso. A pol\u00edtica de devolu\u00e7\u00e3o ser\u00e1 anunciada em breve pelos canais oficiais do evento.<\/p>\n","protected":false},"excerpt":{"rendered":"<p>O Festival Jo\u00e3o Rock, transferido para o dia 12 de setembro em Ribeir\u00e3o Preto, confirmou o line-up dos seus tr\u00eas palcos. No Palco Jo\u00e3o Rock, dos artistas anunciados, apenas Nando Reis n\u00e3o estar\u00e1 por conta de incompatibilidade de agenda. Uma nova atra\u00e7\u00e3o confirmada \u00e9 o cantor e compositor Arnaldo Antunes, que pela primeira vez se [&hellip;]<\/p>\n","protected":false},"author":1,"featured_media":20489,"comment_status":"closed","ping_status":"closed","sticky":true,"template":"","format":"standard","meta":{"footnotes":""},"categories":[72],"tags":[1022,334,333,1166,335,793,957],"class_list":["post-20524","post","type-post","status-publish","format-standard","has-post-thumbnail","hentry","category-entretenimento","tag-adiamento","tag-festival","tag-joao-rock","tag-line-up","tag-musica","tag-rock","tag-show"],"wps_subtitle":"","_links":{"self":[{"href":"https:\/\/grupomidia.com\/quemrealiza\/wp-json\/wp\/v2\/posts\/20524","targetHints":{"allow":["GET"]}}],"collection":[{"href":"https:\/\/grupomidia.com\/quemrealiza\/wp-json\/wp\/v2\/posts"}],"about":[{"href":"https:\/\/grupomidia.com\/quemrealiza\/wp-json\/wp\/v2\/types\/post"}],"author":[{"embeddable":true,"href":"https:\/\/grupomidia.com\/quemrealiza\/wp-json\/wp\/v2\/users\/1"}],"replies":[{"embeddable":true,"href":"https:\/\/grupomidia.com\/quemrealiza\/wp-json\/wp\/v2\/comments?post=20524"}],"version-history":[{"count":0,"href":"https:\/\/grupomidia.com\/quemrealiza\/wp-json\/wp\/v2\/posts\/20524\/revisions"}],"wp:featuredmedia":[{"embeddable":true,"href":"https:\/\/grupomidia.com\/quemrealiza\/wp-json\/wp\/v2\/media\/20489"}],"wp:attachment":[{"href":"https:\/\/grupomidia.com\/quemrealiza\/wp-json\/wp\/v2\/media?parent=20524"}],"wp:term":[{"taxonomy":"category","embeddable":true,"href":"https:\/\/grupomidia.com\/quemrealiza\/wp-json\/wp\/v2\/categories?post=20524"},{"taxonomy":"post_tag","embeddable":true,"href":"https:\/\/grupomidia.com\/quemrealiza\/wp-json\/wp\/v2\/tags?post=20524"}],"curies":[{"name":"wp","href":"https:\/\/api.w.org\/{rel}","templated":true}]}}