{"id":20520,"date":"2020-04-07T13:58:46","date_gmt":"2020-04-07T16:58:46","guid":{"rendered":"https:\/\/grupomidia.com\/quemrealiza\/?p=20520"},"modified":"2020-04-07T13:58:46","modified_gmt":"2020-04-07T16:58:46","slug":"casa-da-memoria-italiana-oferece-programacao-on-line","status":"publish","type":"post","link":"https:\/\/grupomidia.com\/quemrealiza\/casa-da-memoria-italiana-oferece-programacao-on-line\/","title":{"rendered":"Casa da Mem\u00f3ria Italiana oferece programa\u00e7\u00e3o on-line"},"content":{"rendered":"<p>Constru\u00edda entre 1923 e 1925, a atual Casa da Mem\u00f3ria Italiana foi resid\u00eancia do casal de imigrantes Pedro Biagi e Eugenia Viel Biagi e seus filhos Elisa, Ida, Iris, Angela, Os\u00f4nia a partir de 1941. Desde ent\u00e3o, recebeu moradores ilustres e quando virou equipamento cultural passou a ter sua programa\u00e7\u00e3o aberta ao p\u00fablico. Entretanto, seguindo as determina\u00e7\u00f5es municipais e estaduais, o espa\u00e7o est\u00e1 fechado para visita\u00e7\u00e3o presencial. Mas para fomentar a cultura, a agenda on-line est\u00e1 repleta de atividades.<\/p>\n<p>Um exemplo \u00e9 o tour virtual 360\u00b0 pela casa. Pelo computador, o internauta consegue ter acesso aos principais c\u00f4modos e aos objetos com riqueza de detalhes e informa\u00e7\u00f5es.<\/p>\n<p>Tamb\u00e9m \u00e9 poss\u00edvel assistir ao Projeto Mem\u00f3ria Italiana \u2013 V\u00eddeos Document\u00e1rios com pesquisas e registros de mem\u00f3ria oral das fam\u00edlias italianas da regi\u00e3o como Balbo, Biagi, Bonini, Gallo, Ometto, entre outras. Ainda, \u00e9 poss\u00edvel conferir as curiosidades do museu-casa dos im\u00f3veis pertencentes a ele, bem como as hist\u00f3rias de alguns moradores.<\/p>\n<p>Uma atividade que todos podem participar de casa \u00e9 o Cine Mem\u00f3ria It\u00e1lia, que tem a curadoria de Fernanda Stucchi e Fernando Trotta. Semanalmente, eles listam filmes dispon\u00edveis na internet e na sequ\u00eancia divulgam pelas redes sociais (@casadamemoriaitaliana) algumas reflex\u00f5es sobre as produ\u00e7\u00f5es italianas. Nesta semana, as indica\u00e7\u00f5es incluem: \u201cOs Boas-Vidas\u201d (1953) &#8211; 14 anos; \u201cNoites de Cab\u00edria\u201d (1957) &#8211; 14 anos; &#8220;A Doce Vida&#8221; (1960) &#8211; 14 anos; &#8220;8\u00bd&#8221; (1963) &#8211; 12 anos; \u201cJulieta dos esp\u00edritos\u201d (1965) &#8211; 14 anos; e \u201cA voz da lua\u201d (1990) &#8211; 14 anos.<\/p>\n<p>Para acessar esses e outros conte\u00fados e obter mais informa\u00e7\u00f5es sobre a Casa da Mem\u00f3ria Italiana acesse:\u00a0<a href=\"http:\/\/www.casadamemoriaitaliana.com.br\/\" target=\"_blank\" rel=\"noopener noreferrer nofollow\" data-saferedirecturl=\"https:\/\/www.google.com\/url?q=http:\/\/www.casadamemoriaitaliana.com.br&amp;source=gmail&amp;ust=1586353576029000&amp;usg=AFQjCNFj_ZT-xGxJY9eDXS-qaFJml3coQA\">www.casadamemoriaitaliana.com.<wbr \/>br<\/a>.<\/p>\n","protected":false},"excerpt":{"rendered":"<p>Constru\u00edda entre 1923 e 1925, a atual Casa da Mem\u00f3ria Italiana foi resid\u00eancia do casal de imigrantes Pedro Biagi e Eugenia Viel Biagi e seus filhos Elisa, Ida, Iris, Angela, Os\u00f4nia a partir de 1941. Desde ent\u00e3o, recebeu moradores ilustres e quando virou equipamento cultural passou a ter sua programa\u00e7\u00e3o aberta ao p\u00fablico. Entretanto, seguindo [&hellip;]<\/p>\n","protected":false},"author":1,"featured_media":20521,"comment_status":"closed","ping_status":"closed","sticky":true,"template":"","format":"standard","meta":{"footnotes":""},"categories":[67],"tags":[653,538,144,1165],"class_list":["post-20520","post","type-post","status-publish","format-standard","has-post-thumbnail","hentry","category-arte-e-cultura","tag-casa-da-memoria-italiana","tag-cinema","tag-cultura","tag-tour-virtual"],"wps_subtitle":"","_links":{"self":[{"href":"https:\/\/grupomidia.com\/quemrealiza\/wp-json\/wp\/v2\/posts\/20520","targetHints":{"allow":["GET"]}}],"collection":[{"href":"https:\/\/grupomidia.com\/quemrealiza\/wp-json\/wp\/v2\/posts"}],"about":[{"href":"https:\/\/grupomidia.com\/quemrealiza\/wp-json\/wp\/v2\/types\/post"}],"author":[{"embeddable":true,"href":"https:\/\/grupomidia.com\/quemrealiza\/wp-json\/wp\/v2\/users\/1"}],"replies":[{"embeddable":true,"href":"https:\/\/grupomidia.com\/quemrealiza\/wp-json\/wp\/v2\/comments?post=20520"}],"version-history":[{"count":0,"href":"https:\/\/grupomidia.com\/quemrealiza\/wp-json\/wp\/v2\/posts\/20520\/revisions"}],"wp:featuredmedia":[{"embeddable":true,"href":"https:\/\/grupomidia.com\/quemrealiza\/wp-json\/wp\/v2\/media\/20521"}],"wp:attachment":[{"href":"https:\/\/grupomidia.com\/quemrealiza\/wp-json\/wp\/v2\/media?parent=20520"}],"wp:term":[{"taxonomy":"category","embeddable":true,"href":"https:\/\/grupomidia.com\/quemrealiza\/wp-json\/wp\/v2\/categories?post=20520"},{"taxonomy":"post_tag","embeddable":true,"href":"https:\/\/grupomidia.com\/quemrealiza\/wp-json\/wp\/v2\/tags?post=20520"}],"curies":[{"name":"wp","href":"https:\/\/api.w.org\/{rel}","templated":true}]}}