{"id":20478,"date":"2020-03-31T13:07:23","date_gmt":"2020-03-31T16:07:23","guid":{"rendered":"https:\/\/grupomidia.com\/quemrealiza\/?p=20478"},"modified":"2020-03-31T13:07:23","modified_gmt":"2020-03-31T16:07:23","slug":"casacor-ribeirao-preto-anuncia-nova-data-e-lanca-programacao-on-line-de-palestras","status":"publish","type":"post","link":"https:\/\/grupomidia.com\/quemrealiza\/casacor-ribeirao-preto-anuncia-nova-data-e-lanca-programacao-on-line-de-palestras\/","title":{"rendered":"CASACOR Ribeir\u00e3o Preto anuncia nova data e lan\u00e7a programa\u00e7\u00e3o on-line de palestras"},"content":{"rendered":"<p>A CASACOR Ribeir\u00e3o Preto ser\u00e1 realizada em nova data: de 24 de setembro a 08 de novembro. A mudan\u00e7a \u00e9 em decorr\u00eancia do atual cen\u00e1rio de medidas de conten\u00e7\u00e3o da pandemia de Covid-19 (novo Coronav\u00edrus). A mostra, que acontece pelo terceiro ano na cidade, estar\u00e1 localizada na Avenida Carlos Consoni, 310 &#8211; no bairro Jardim Canad\u00e1.<\/p>\n<p><strong>Programa\u00e7\u00e3o On-Line<\/strong><\/p>\n<p>Com a proposta de manter o p\u00fablico informado e integrado com as novidades do mercado de arquitetura, design de interiores e paisagismo, a CASACOR Ribeir\u00e3o Preto lan\u00e7a na quarta-feira, dia 01 de abril \u00e0s 15h, uma programa\u00e7\u00e3o de conte\u00fado on-line voltada para o tema da mostra deste ano: A Casa Original.<\/p>\n<p>Os v\u00eddeos ser\u00e3o postados duas vezes por semana, atrav\u00e9s da rede social da CASACOR Ribeir\u00e3o Preto: http:\/\/www.instagram.com\/casacor_ribeiraopreto\/. A primeira participante confirmada \u00e9 a designer Fah Maioli, que \u00e9 analista de tend\u00eancias nas \u00e1reas de moda, design e gastronomia, no mercado europeu. A profissional abordar\u00e1 o tema &#8220;Mudan\u00e7as no lifestyle p\u00f3s-coronav\u00edrus: estamos preparados?&#8221;.<\/p>\n<p>Acompanhe mais detalhes da programa\u00e7\u00e3o atrav\u00e9s das redes da CASACOR Ribeir\u00e3o Preto: @casacor_ribeiraopreto e facebook\/casacorribeiraopreto.<\/p>\n","protected":false},"excerpt":{"rendered":"<p>A CASACOR Ribeir\u00e3o Preto ser\u00e1 realizada em nova data: de 24 de setembro a 08 de novembro. A mudan\u00e7a \u00e9 em decorr\u00eancia do atual cen\u00e1rio de medidas de conten\u00e7\u00e3o da pandemia de Covid-19 (novo Coronav\u00edrus). A mostra, que acontece pelo terceiro ano na cidade, estar\u00e1 localizada na Avenida Carlos Consoni, 310 &#8211; no bairro Jardim [&hellip;]<\/p>\n","protected":false},"author":1,"featured_media":20479,"comment_status":"closed","ping_status":"closed","sticky":true,"template":"","format":"standard","meta":{"footnotes":""},"categories":[773],"tags":[1022,531,435,1115,436,1116,532,22,973],"class_list":["post-20478","post","type-post","status-publish","format-standard","has-post-thumbnail","hentry","category-arq-urban","tag-adiamento","tag-arquitetura","tag-casacor","tag-casacor-2020","tag-casacor-ribeirao-preto","tag-data","tag-decoracao","tag-design","tag-paisagismo"],"wps_subtitle":"","_links":{"self":[{"href":"https:\/\/grupomidia.com\/quemrealiza\/wp-json\/wp\/v2\/posts\/20478","targetHints":{"allow":["GET"]}}],"collection":[{"href":"https:\/\/grupomidia.com\/quemrealiza\/wp-json\/wp\/v2\/posts"}],"about":[{"href":"https:\/\/grupomidia.com\/quemrealiza\/wp-json\/wp\/v2\/types\/post"}],"author":[{"embeddable":true,"href":"https:\/\/grupomidia.com\/quemrealiza\/wp-json\/wp\/v2\/users\/1"}],"replies":[{"embeddable":true,"href":"https:\/\/grupomidia.com\/quemrealiza\/wp-json\/wp\/v2\/comments?post=20478"}],"version-history":[{"count":0,"href":"https:\/\/grupomidia.com\/quemrealiza\/wp-json\/wp\/v2\/posts\/20478\/revisions"}],"wp:featuredmedia":[{"embeddable":true,"href":"https:\/\/grupomidia.com\/quemrealiza\/wp-json\/wp\/v2\/media\/20479"}],"wp:attachment":[{"href":"https:\/\/grupomidia.com\/quemrealiza\/wp-json\/wp\/v2\/media?parent=20478"}],"wp:term":[{"taxonomy":"category","embeddable":true,"href":"https:\/\/grupomidia.com\/quemrealiza\/wp-json\/wp\/v2\/categories?post=20478"},{"taxonomy":"post_tag","embeddable":true,"href":"https:\/\/grupomidia.com\/quemrealiza\/wp-json\/wp\/v2\/tags?post=20478"}],"curies":[{"name":"wp","href":"https:\/\/api.w.org\/{rel}","templated":true}]}}