{"id":20458,"date":"2020-03-26T11:23:58","date_gmt":"2020-03-26T14:23:58","guid":{"rendered":"https:\/\/grupomidia.com\/quemrealiza\/?p=20458"},"modified":"2020-03-26T11:23:58","modified_gmt":"2020-03-26T14:23:58","slug":"especialistas-esclarecem-duvidas-sobre-os-principais-cuidados-para-pacientes-oncologicos-em-meio-a-pandemia-do-coronavirus","status":"publish","type":"post","link":"https:\/\/grupomidia.com\/quemrealiza\/especialistas-esclarecem-duvidas-sobre-os-principais-cuidados-para-pacientes-oncologicos-em-meio-a-pandemia-do-coronavirus\/","title":{"rendered":"Especialistas esclarecem d\u00favidas sobre os principais cuidados para pacientes oncol\u00f3gicos em meio a pandemia do coronav\u00edrus"},"content":{"rendered":"<p>As not\u00edcias em rela\u00e7\u00e3o \u00e0 pandemia do novo coronav\u00edrus, o Covid-19, que determinou um verdadeiro fechamento geral sem precedentes pelo mundo, t\u00eam confundido e assustado a popula\u00e7\u00e3o. N\u00e3o h\u00e1 motivo para p\u00e2nico, afirmam especialistas, mas toda cautela \u00e9 necess\u00e1ria. Especialmente entre os grupos de risco, que representam a maioria entre as v\u00edtimas fatais da doen\u00e7a, que j\u00e1 chegam a 10 mil em todo o planeta.<\/p>\n<p>Al\u00e9m de idosos, hipertensos e diab\u00e9ticos, imunodeficientes e pessoas com imunossupress\u00e3o tamb\u00e9m est\u00e3o entre eles. E pacientes oncol\u00f3gicos podem ser inclu\u00eddos nesse \u00faltimo grupo, dependendo do est\u00e1gio e tipo de tratamento, segundo o oncologista cl\u00ednico Carlos Gil, do Grupo Oncocl\u00ednicas. Para estas pessoas, afirma ele, o cuidado de preven\u00e7\u00e3o precisa ser redobrado e o contato constante com o oncologista ou hematologista respons\u00e1vel pelo tratamento \u00e9 fundamental.<\/p>\n<p>&#8220;O paciente oncol\u00f3gico precisa consultar o seu m\u00e9dico, pois s\u00f3 ele saber\u00e1 qual o est\u00e1gio e as condi\u00e7\u00f5es do tratamento e qual o n\u00edvel de exposi\u00e7\u00e3o e cuidados \u00e9 preciso ter. Em geral, o tratamento de combate ao c\u00e2ncer n\u00e3o ser\u00e1 interrompido e, mesmo que haja a interrup\u00e7\u00e3o por algumas semanas, ela n\u00e3o afetar\u00e1 o progn\u00f3stico final ou sucesso do tratamento&#8221;, diz Gil.<\/p>\n<p>A infectologista Tatiana Fiscina de Santana, tamb\u00e9m do Grupo Oncocl\u00ednicas, refor\u00e7a ainda a import\u00e2ncia, independentemente da condi\u00e7\u00e3o de sa\u00fade, da popula\u00e7\u00e3o em geral seguir as recomenda\u00e7\u00f5es que v\u00eam sendo adotadas em todo o mundo: lavagem frequente de m\u00e3os, com \u00e1gua e sab\u00e3o, e isolamento social.<\/p>\n<p>&#8220;Essa \u00e9 a \u00fanica forma que sabemos que comprovadamente vai conseguir frear a transmiss\u00e3o do v\u00edrus. Precisamos tomar essa responsabilidade para n\u00f3s e evitar o m\u00e1ximo de contato social poss\u00edvel e lavagem frequente das m\u00e3os. A recomenda\u00e7\u00e3o \u00e9 para todos. \u00c9 claro que pessoas que passam por tratamento oncol\u00f3gico precisam redobrar a aten\u00e7\u00e3o, evitar ainda mais fortemente o contato com outras pessoas. Mas essas s\u00e3o as melhores a\u00e7\u00f5es que todos podem tomar&#8221;, afirma a m\u00e9dica.<\/p>\n<p>Separamos as principais recomenda\u00e7\u00f5es dos especialistas em rela\u00e7\u00e3o aos cuidados e precau\u00e7\u00f5es para pacientes oncol\u00f3gicos.<\/p>\n<h3>Quem tem c\u00e2ncer est\u00e1 necessariamente no grupo de risco?<\/h3>\n<p>N\u00e3o necessariamente, diz o Dr. Carlos Gil. Segundo ele, \u00e9 preciso diferenciar quem est\u00e1 ativo no tratamento, ou seja, passando por sess\u00f5es de quimio, radio ou imunoterapia, que est\u00e3o, de fato, no grupo de risco, por estarem temporariamente imunossuprimidos, de quem est\u00e1 inativo, na fase de acompanhamento. Esses n\u00e3o est\u00e3o no grupo de risco.<\/p>\n<p>&#8220;Essa \u00e9 a avalia\u00e7\u00e3o de maneira geral. Mas cada caso precisa ser discutido junto com m\u00e9dico respons\u00e1vel pelo tratamento da pessoa, pois h\u00e1 exce\u00e7\u00f5es e particularidades. Na crise do corona, os pacientes oncol\u00f3gicos precisam ter suas quest\u00f5es individualizadas&#8221;. Os grupos de maior risco, dentro do escopo dos pacientes oncol\u00f3gicos, s\u00e3o aqueles rec\u00e9m transplantados e os que fazem uso de medicamentos imunossupressores, como cortic\u00f3ide, afirma o m\u00e9dico.<\/p>\n<p>Quem est\u00e1 no grupo de risco, como dito pelos especialistas, precisa refor\u00e7ar aquelas medidas que j\u00e1 s\u00e3o para toda a popula\u00e7\u00e3o, com a lavagem frequente de m\u00e3os e o isolamento social. &#8220;Mas higienizar objetos pessoais e superf\u00edcies da casa com \u00e1gua sanit\u00e1ria, como ma\u00e7anetas, mesas, controles remotos, por exemplo, al\u00e9m de evitar o compartilhamento de utens\u00edlios dom\u00e9sticos, s\u00e3o algumas cautelas extras que devem ser tomadas&#8221;, refor\u00e7a a Dra. Tatiana.<\/p>\n<h3>Quais as cautelas para os acompanhantes?<\/h3>\n<p>Acompanhantes tamb\u00e9m precisam ter mais cautela que o normal, j\u00e1 que estar\u00e3o em contato com pacientes de risco durante o seu trabalho, diz a infectologista. &#8220;O ideal aqui \u00e9 que ele fa\u00e7a o isolamento social junto com o paciente e utilize aparatos como luva e m\u00e1scaras durante o of\u00edcio. Al\u00e9m, \u00e9 claro, da higiene frequente das m\u00e3os&#8221;, refor\u00e7a.<\/p>\n<p>Os que n\u00e3o podem fazer o isolamento social junto com o paciente oncol\u00f3gico devem evitar hor\u00e1rios de pico em transportes p\u00fablicos e, claro, manter todas as recomenda\u00e7\u00f5es tamb\u00e9m quando estiver fora do trabalho. &#8220;Em caso de qualquer sintoma, ele deve se ausentar e fazer a quarentena&#8221;, diz a Dra. Tatiana.<\/p>\n<h3>O uso de m\u00e1scara previne a contamina\u00e7\u00e3o?<\/h3>\n<p>N\u00e3o. Os especialistas e o Minist\u00e9rio da Sa\u00fade s\u00e3o un\u00e2nimes nesse ponto. A m\u00e1scara s\u00f3 deve ser usada por quem apresente sintomas para evitar que contamine os demais. Alguns profissionais tamb\u00e9m s\u00e3o aconselhados a fazer o seu uso.<\/p>\n<h3>Paciente oncol\u00f3gicos devem tomar a vacina da gripe?<\/h3>\n<p>Em geral, sim, afirma o Dr. Carlos Gil. &#8220;Novamente, \u00e9 necess\u00e1rio conversar com o seu m\u00e9dico, pois a vacina vai ser distribu\u00edda em locais com alguma aglomera\u00e7\u00e3o de gente. Quem est\u00e1 passando por tratamento fica mais vulner\u00e1vel, mas a recomenda\u00e7\u00e3o \u00e9 de tomar a vacina, que passar\u00e1 a ser distribu\u00edda novamente nos postos de sa\u00fade a partir da semana que vem.&#8221;<\/p>\n<p>A orienta\u00e7\u00e3o geral \u00e9 para que se evite filas e reuni\u00e3o com muitas pessoas, ou seja: o ideal \u00e9 ir fora dos hor\u00e1rios de pico. &#8220;E, caso outras pessoas estejam presentes, manter dist\u00e2ncia de 1,5 metros um do outro e evitar contato f\u00edsico com superf\u00edcies. De qualquer forma, antes e depois, sempre lavar as m\u00e3os&#8221;, refor\u00e7a a Dra. Tatiana.<\/p>\n<h3>Quem tem cirurgia oncol\u00f3gica marcada precisa adi\u00e1-la?<\/h3>\n<p>Depende, comenta o Dr. Carlos Gil. &#8220;Cirurgias que n\u00e3o s\u00e3o essenciais e que n\u00e3o v\u00e3o atrapalhar a evolu\u00e7\u00e3o do tratamento devem ser adiadas, para que os pacientes n\u00e3o fiquem no hospital, local de mais f\u00e1cil contamina\u00e7\u00e3o&#8221;, comenta.<\/p>\n<p>A decis\u00e3o deve ser feita, refor\u00e7a ele, pelo m\u00e9dico que j\u00e1 acompanha o tratamento.<\/p>\n<h3>\u00c9 preciso evitar os ambulat\u00f3rios que fazem quimio?<\/h3>\n<p>Na maioria dos casos, o tratamento n\u00e3o ser\u00e1 interrompido. Os ambulat\u00f3rios respons\u00e1veis pela quimioterapia devem se preparar para receber esses pacientes, tomando todas as precau\u00e7\u00f5es poss\u00edveis de higieniza\u00e7\u00e3o e evitando conglomera\u00e7\u00f5es de pessoas, al\u00e9m da orienta\u00e7\u00e3o dos seus funcion\u00e1rios, aparamentando-os com luvas e m\u00e1scaras, por exemplo.<\/p>\n<h3>Caso haja confirma\u00e7\u00e3o do diagn\u00f3stico de corona, o que \u00e9 feito?<\/h3>\n<p>Com a confirma\u00e7\u00e3o do diagn\u00f3stico no paciente oncol\u00f3gico, o tratamento em geral ser\u00e1 suspenso at\u00e9 a evolu\u00e7\u00e3o do quadro, independente do paciente estar assintom\u00e1tico. Se os sintomas do corona estiverem ativos, ele deve ficar em absoluto isolamento. Em nenhum caso, ele poder\u00e1 receber medicamentos imunossupressores at\u00e9 se recuperar do v\u00edrus. &#8220;O m\u00e9dico que acompanha o seu caso ir\u00e1 definir o momento ideal em que o tratamento dever\u00e1 ser retomado. Em geral, ap\u00f3s a recupera\u00e7\u00e3o completa&#8221;, afirma o Dr. Carlos Gil.<\/p>\n<p>Pacientes em tratamento n\u00e3o devem ir a emerg\u00eancias.<\/p>\n<p>O paciente oncol\u00f3gico que apresentar sintomas n\u00e3o dever\u00e1 ir imediatamente para emerg\u00eancias. &#8220;Ele deve primeiro contactar o seu m\u00e9dico, para saber a necessidade real de ir nesses ambientes, j\u00e1 que eles s\u00e3o lugares potencialmente contaminadores dessa e de outras doen\u00e7as&#8221;, afirma o oncologista.<\/p>\n<p>Ali\u00e1s, a recomenda\u00e7\u00e3o \u00e9 para todos que apresentem sintomas leves. &#8220;N\u00e3o devemos sobrecarregar o sistema: as pessoas s\u00f3 devem ir \u00e0s unidades de sa\u00fade se apresentarem sintomas mais graves, como falta de ar e cansa\u00e7o extremo&#8221;, aponta Tatiana.<\/p>\n<h3>Rem\u00e9dios contra coronav\u00edrus apenas com prescri\u00e7\u00e3o m\u00e9dica<\/h3>\n<p>Muitas pessoas t\u00eam buscado a hidroxicloroquina, rem\u00e9dio anti mal\u00e1ria e para outras doen\u00e7as, depois que estudos foram aprovados pelo FDA (equivalente a Anvisa brasileira) nos Estados Unidos. Especialistas e o Minist\u00e9rio da Sa\u00fade desaconselham a sua utiliza\u00e7\u00e3o e fazem apelo para que as pessoas n\u00e3o comprem a medica\u00e7\u00e3o, j\u00e1 que doentes cr\u00f4nicos necessitam da droga e t\u00eam tido dificuldade de encontr\u00e1-las no mercado.<\/p>\n<p>&#8220;Qualquer automedica\u00e7\u00e3o \u00e9 potencialmente perigosa e n\u00e3o existem, at\u00e9 o momento, rem\u00e9dios que previnem ou curem o coronav\u00edrus, nem vacinas. S\u00f3 realizem tratamentos sob orienta\u00e7\u00e3o m\u00e9dica. N\u00e3o h\u00e1 motivo para p\u00e2nico, mas cautela e conscientiza\u00e7\u00e3o. Essa \u00e9 uma crise que, eventualmente, vai passar. Precisamos apenas assumir nosso papel para acelerar e minimizar os efeitos. H\u00e1 esperan\u00e7a&#8221;, refor\u00e7a o Dr. Carlos Gil.<\/p>\n","protected":false},"excerpt":{"rendered":"<p>As not\u00edcias em rela\u00e7\u00e3o \u00e0 pandemia do novo coronav\u00edrus, o Covid-19, que determinou um verdadeiro fechamento geral sem precedentes pelo mundo, t\u00eam confundido e assustado a popula\u00e7\u00e3o. N\u00e3o h\u00e1 motivo para p\u00e2nico, afirmam especialistas, mas toda cautela \u00e9 necess\u00e1ria. Especialmente entre os grupos de risco, que representam a maioria entre as v\u00edtimas fatais da doen\u00e7a, [&hellip;]<\/p>\n","protected":false},"author":1,"featured_media":20459,"comment_status":"closed","ping_status":"closed","sticky":true,"template":"","format":"standard","meta":{"footnotes":""},"categories":[68],"tags":[1094,730,1086,1009,1093],"class_list":["post-20458","post","type-post","status-publish","format-standard","has-post-thumbnail","hentry","category-saude-bem-estar","tag-cancer","tag-coronavirus","tag-covid19","tag-gripe","tag-oncologia"],"wps_subtitle":"","_links":{"self":[{"href":"https:\/\/grupomidia.com\/quemrealiza\/wp-json\/wp\/v2\/posts\/20458","targetHints":{"allow":["GET"]}}],"collection":[{"href":"https:\/\/grupomidia.com\/quemrealiza\/wp-json\/wp\/v2\/posts"}],"about":[{"href":"https:\/\/grupomidia.com\/quemrealiza\/wp-json\/wp\/v2\/types\/post"}],"author":[{"embeddable":true,"href":"https:\/\/grupomidia.com\/quemrealiza\/wp-json\/wp\/v2\/users\/1"}],"replies":[{"embeddable":true,"href":"https:\/\/grupomidia.com\/quemrealiza\/wp-json\/wp\/v2\/comments?post=20458"}],"version-history":[{"count":0,"href":"https:\/\/grupomidia.com\/quemrealiza\/wp-json\/wp\/v2\/posts\/20458\/revisions"}],"wp:featuredmedia":[{"embeddable":true,"href":"https:\/\/grupomidia.com\/quemrealiza\/wp-json\/wp\/v2\/media\/20459"}],"wp:attachment":[{"href":"https:\/\/grupomidia.com\/quemrealiza\/wp-json\/wp\/v2\/media?parent=20458"}],"wp:term":[{"taxonomy":"category","embeddable":true,"href":"https:\/\/grupomidia.com\/quemrealiza\/wp-json\/wp\/v2\/categories?post=20458"},{"taxonomy":"post_tag","embeddable":true,"href":"https:\/\/grupomidia.com\/quemrealiza\/wp-json\/wp\/v2\/tags?post=20458"}],"curies":[{"name":"wp","href":"https:\/\/api.w.org\/{rel}","templated":true}]}}